{"id":1831,"date":"2022-02-11T14:41:56","date_gmt":"2022-02-11T13:41:56","guid":{"rendered":"https:\/\/agora.xtec.cat\/ceip-llebeig\/?p=1831"},"modified":"2022-09-08T18:54:36","modified_gmt":"2022-09-08T16:54:36","slug":"sortida-dobservacio-vilobi-a-traves-dels-sentits","status":"publish","type":"post","link":"https:\/\/agora.xtec.cat\/ceip-llebeig\/general\/sortida-dobservacio-vilobi-a-traves-dels-sentits\/","title":{"rendered":"SORTIDA D\u2019OBSERVACI\u00d3: VILOB\u00cd A TRAV\u00c9S DELS SENTITS"},"content":{"rendered":"<p><span style=\"font-weight: 400;\">Dilluns 17 de gener els mitjans vam fer la primera sortida d&#8217;entorn d&#8217;aquest trimestre. Aquesta vegada vam activar els sentits per completar un seguit de proves en diferents punts de Vilob\u00ed. Aix\u00ed que de bon mat\u00ed, amb el mapa a la m\u00e0, cada grup va agafar el material necessari per superar cada repte.<\/span><\/p>\n<p><a href=\"https:\/\/agora.xtec.cat\/ceip-llebeig\/wp-content\/uploads\/usu2136\/2022\/01\/1642532125225.jpg\"><img loading=\"lazy\" decoding=\"async\" class=\"alignnone size-large wp-image-1833\" src=\"https:\/\/agora.xtec.cat\/ceip-llebeig\/wp-content\/uploads\/usu2136\/2022\/01\/1642532125225-1024x768.jpg\" alt=\"\" width=\"1024\" height=\"768\" srcset=\"https:\/\/agora.xtec.cat\/ceip-llebeig\/wp-content\/uploads\/usu2136\/2022\/01\/1642532125225-1024x768.jpg 1024w, https:\/\/agora.xtec.cat\/ceip-llebeig\/wp-content\/uploads\/usu2136\/2022\/01\/1642532125225-300x225.jpg 300w, https:\/\/agora.xtec.cat\/ceip-llebeig\/wp-content\/uploads\/usu2136\/2022\/01\/1642532125225-768x576.jpg 768w, https:\/\/agora.xtec.cat\/ceip-llebeig\/wp-content\/uploads\/usu2136\/2022\/01\/1642532125225-1536x1152.jpg 1536w, https:\/\/agora.xtec.cat\/ceip-llebeig\/wp-content\/uploads\/usu2136\/2022\/01\/1642532125225-2048x1536.jpg 2048w, https:\/\/agora.xtec.cat\/ceip-llebeig\/wp-content\/uploads\/usu2136\/2022\/01\/1642532125225-200x150.jpg 200w\" sizes=\"auto, (max-width: 1024px) 100vw, 1024px\" \/><\/a><\/p>\n<p><span style=\"font-weight: 400;\">Una de les activitats consistia a comptar quants vehicles passen per la carretera principal. Cadasc\u00fa s&#8217;encarregava d&#8217;un tipus de vehicle. Ens vam adonar que l&#8217;hora d&#8217;observaci\u00f3 \u00e9s molt important, ja que a primera hora hi ha for\u00e7a tr\u00e0nsit, per\u00f2 cap a les 12\u202fh en prou feina van passar 3 vehicles!<\/span><\/p>\n<div id='gallery-1' class='gallery galleryid-1831 gallery-columns-2 gallery-size-large'><figure class='gallery-item'>\n\t\t\t<div class='gallery-icon landscape'>\n\t\t\t\t<a href='https:\/\/agora.xtec.cat\/ceip-llebeig\/general\/sortida-dobservacio-vilobi-a-traves-dels-sentits\/attachment\/img_3503\/'><img loading=\"lazy\" decoding=\"async\" width=\"1024\" height=\"768\" src=\"https:\/\/agora.xtec.cat\/ceip-llebeig\/wp-content\/uploads\/usu2136\/2022\/01\/IMG_3503-1024x768.jpg\" class=\"attachment-large size-large\" alt=\"\" srcset=\"https:\/\/agora.xtec.cat\/ceip-llebeig\/wp-content\/uploads\/usu2136\/2022\/01\/IMG_3503-1024x768.jpg 1024w, https:\/\/agora.xtec.cat\/ceip-llebeig\/wp-content\/uploads\/usu2136\/2022\/01\/IMG_3503-300x225.jpg 300w, https:\/\/agora.xtec.cat\/ceip-llebeig\/wp-content\/uploads\/usu2136\/2022\/01\/IMG_3503-768x576.jpg 768w, https:\/\/agora.xtec.cat\/ceip-llebeig\/wp-content\/uploads\/usu2136\/2022\/01\/IMG_3503-1536x1152.jpg 1536w, https:\/\/agora.xtec.cat\/ceip-llebeig\/wp-content\/uploads\/usu2136\/2022\/01\/IMG_3503-2048x1536.jpg 2048w, https:\/\/agora.xtec.cat\/ceip-llebeig\/wp-content\/uploads\/usu2136\/2022\/01\/IMG_3503-200x150.jpg 200w\" sizes=\"auto, (max-width: 1024px) 100vw, 1024px\" \/><\/a>\n\t\t\t<\/div><\/figure><figure class='gallery-item'>\n\t\t\t<div class='gallery-icon landscape'>\n\t\t\t\t<a href='https:\/\/agora.xtec.cat\/ceip-llebeig\/general\/sortida-dobservacio-vilobi-a-traves-dels-sentits\/attachment\/1642532125146\/'><img loading=\"lazy\" decoding=\"async\" width=\"1024\" height=\"803\" src=\"https:\/\/agora.xtec.cat\/ceip-llebeig\/wp-content\/uploads\/usu2136\/2022\/01\/1642532125146-1024x803.jpg\" class=\"attachment-large size-large\" alt=\"\" srcset=\"https:\/\/agora.xtec.cat\/ceip-llebeig\/wp-content\/uploads\/usu2136\/2022\/01\/1642532125146-1024x803.jpg 1024w, https:\/\/agora.xtec.cat\/ceip-llebeig\/wp-content\/uploads\/usu2136\/2022\/01\/1642532125146-300x235.jpg 300w, https:\/\/agora.xtec.cat\/ceip-llebeig\/wp-content\/uploads\/usu2136\/2022\/01\/1642532125146-768x602.jpg 768w, https:\/\/agora.xtec.cat\/ceip-llebeig\/wp-content\/uploads\/usu2136\/2022\/01\/1642532125146-1536x1204.jpg 1536w, https:\/\/agora.xtec.cat\/ceip-llebeig\/wp-content\/uploads\/usu2136\/2022\/01\/1642532125146-2048x1605.jpg 2048w\" sizes=\"auto, (max-width: 1024px) 100vw, 1024px\" \/><\/a>\n\t\t\t<\/div><\/figure>\n\t\t<\/div>\n\n<p><span style=\"font-weight: 400;\">Una altra de les propostes era anar a la pista i tancar els ulls per captar tots els sorolls que ens envolten. D&#8217;aquesta manera ens vam adonar que tenim diferents esp\u00e8cies d&#8217;ocells molt a prop, vam sentir l&#8217;aire, els cotxes que passen r\u00e0pidament per la carretera&#8230;<\/span><\/p>\n<p><a href=\"https:\/\/agora.xtec.cat\/ceip-llebeig\/wp-content\/uploads\/usu2136\/2022\/01\/IMG_3505.jpg\"><img loading=\"lazy\" decoding=\"async\" class=\"alignnone size-large wp-image-1835\" src=\"https:\/\/agora.xtec.cat\/ceip-llebeig\/wp-content\/uploads\/usu2136\/2022\/01\/IMG_3505-1024x768.jpg\" alt=\"\" width=\"1024\" height=\"768\" srcset=\"https:\/\/agora.xtec.cat\/ceip-llebeig\/wp-content\/uploads\/usu2136\/2022\/01\/IMG_3505-1024x768.jpg 1024w, https:\/\/agora.xtec.cat\/ceip-llebeig\/wp-content\/uploads\/usu2136\/2022\/01\/IMG_3505-300x225.jpg 300w, https:\/\/agora.xtec.cat\/ceip-llebeig\/wp-content\/uploads\/usu2136\/2022\/01\/IMG_3505-768x576.jpg 768w, https:\/\/agora.xtec.cat\/ceip-llebeig\/wp-content\/uploads\/usu2136\/2022\/01\/IMG_3505-1536x1152.jpg 1536w, https:\/\/agora.xtec.cat\/ceip-llebeig\/wp-content\/uploads\/usu2136\/2022\/01\/IMG_3505-200x150.jpg 200w, https:\/\/agora.xtec.cat\/ceip-llebeig\/wp-content\/uploads\/usu2136\/2022\/01\/IMG_3505.jpg 1923w\" sizes=\"auto, (max-width: 1024px) 100vw, 1024px\" \/><\/a><\/p>\n<p><span style=\"font-weight: 400;\">La tercera activitat ens va portar a la Pla\u00e7a Chiusanico on vam analitzar el terra: color, textura, forma&#8230; A m\u00e9s, despr\u00e9s d&#8217;observar vam posar l&#8217;orella a terra per sentir vibracions i sons que d&#8217;una altra manera no notem.<\/span><\/p>\n<p><a href=\"https:\/\/agora.xtec.cat\/ceip-llebeig\/wp-content\/uploads\/usu2136\/2022\/01\/1642532125259.jpg\"><img loading=\"lazy\" decoding=\"async\" class=\"alignnone size-large wp-image-1836\" src=\"https:\/\/agora.xtec.cat\/ceip-llebeig\/wp-content\/uploads\/usu2136\/2022\/01\/1642532125259-1024x699.jpg\" alt=\"\" width=\"1024\" height=\"699\" srcset=\"https:\/\/agora.xtec.cat\/ceip-llebeig\/wp-content\/uploads\/usu2136\/2022\/01\/1642532125259-1024x699.jpg 1024w, https:\/\/agora.xtec.cat\/ceip-llebeig\/wp-content\/uploads\/usu2136\/2022\/01\/1642532125259-300x205.jpg 300w, https:\/\/agora.xtec.cat\/ceip-llebeig\/wp-content\/uploads\/usu2136\/2022\/01\/1642532125259-768x525.jpg 768w, https:\/\/agora.xtec.cat\/ceip-llebeig\/wp-content\/uploads\/usu2136\/2022\/01\/1642532125259.jpg 1486w\" sizes=\"auto, (max-width: 1024px) 100vw, 1024px\" \/><\/a><\/p>\n<p><span style=\"font-weight: 400;\">Abans d&#8217;anar a dinar vam aprofitar per fer una enquesta amb qui ens trob\u00e0vem pel carrer. Aix\u00ed vam recollir informaci\u00f3 per saber quina de les propostes \u00e9s m\u00e9s important per millorar Vilob\u00ed:<\/span><\/p>\n<ul>\n<li style=\"font-weight: 400;\" aria-level=\"1\"><span style=\"font-weight: 400;\">No fer grafitis a les parets ni deixar brossa als arbres o a terra<\/span><\/li>\n<li style=\"font-weight: 400;\" aria-level=\"1\"><span style=\"font-weight: 400;\">Fer m\u00e9s zones verdes<\/span><\/li>\n<li style=\"font-weight: 400;\" aria-level=\"1\"><span style=\"font-weight: 400;\">Tenir els carrers m\u00e9s nets i recollir les caques dels gossos<\/span><\/li>\n<li style=\"font-weight: 400;\" aria-level=\"1\"><span style=\"font-weight: 400;\">Que hi hagi m\u00e9s transport p\u00fablic.<\/span><\/li>\n<\/ul>\n<p><span style=\"font-weight: 400;\">Si no us han fet l&#8217;enquesta, vosaltres quina opci\u00f3 triar\u00edeu? Sabem que \u00e9s dif\u00edcil, per\u00f2 nom\u00e9s podem escollir-ne una!<\/span><\/p>\n","protected":false},"excerpt":{"rendered":"<p>Dilluns 17 de gener els mitjans vam fer la primera sortida d&#8217;entorn d&#8217;aquest trimestre. Aquesta vegada vam activar els sentits [&hellip;]<\/p>\n","protected":false},"author":1,"featured_media":1834,"comment_status":"open","ping_status":"closed","sticky":false,"template":"","format":"standard","meta":{"_bbp_topic_count":0,"_bbp_reply_count":0,"_bbp_total_topic_count":0,"_bbp_total_reply_count":0,"_bbp_voice_count":0,"_bbp_anonymous_reply_count":0,"_bbp_topic_count_hidden":0,"_bbp_reply_count_hidden":0,"_bbp_forum_subforum_count":0,"site-sidebar-layout":"default","site-content-layout":"","ast-site-content-layout":"","site-content-style":"default","site-sidebar-style":"default","ast-global-header-display":"","ast-banner-title-visibility":"","ast-main-header-display":"","ast-hfb-above-header-display":"","ast-hfb-below-header-display":"","ast-hfb-mobile-header-display":"","site-post-title":"","ast-breadcrumbs-content":"","ast-featured-img":"","footer-sml-layout":"","theme-transparent-header-meta":"","adv-header-id-meta":"","stick-header-meta":"","header-above-stick-meta":"","header-main-stick-meta":"","header-below-stick-meta":"","astra-migrate-meta-layouts":"default","ast-page-background-enabled":"default","ast-page-background-meta":{"desktop":{"background-color":"var(--ast-global-color-4)","background-image":"","background-repeat":"repeat","background-position":"center center","background-size":"auto","background-attachment":"scroll","background-type":"","background-media":"","overlay-type":"","overlay-color":"","overlay-opacity":"","overlay-gradient":""},"tablet":{"background-color":"","background-image":"","background-repeat":"repeat","background-position":"center center","background-size":"auto","background-attachment":"scroll","background-type":"","background-media":"","overlay-type":"","overlay-color":"","overlay-opacity":"","overlay-gradient":""},"mobile":{"background-color":"","background-image":"","background-repeat":"repeat","background-position":"center center","background-size":"auto","background-attachment":"scroll","background-type":"","background-media":"","overlay-type":"","overlay-color":"","overlay-opacity":"","overlay-gradient":""}},"ast-content-background-meta":{"desktop":{"background-color":"var(--ast-global-color-5)","background-image":"","background-repeat":"repeat","background-position":"center center","background-size":"auto","background-attachment":"scroll","background-type":"","background-media":"","overlay-type":"","overlay-color":"","overlay-opacity":"","overlay-gradient":""},"tablet":{"background-color":"var(--ast-global-color-5)","background-image":"","background-repeat":"repeat","background-position":"center center","background-size":"auto","background-attachment":"scroll","background-type":"","background-media":"","overlay-type":"","overlay-color":"","overlay-opacity":"","overlay-gradient":""},"mobile":{"background-color":"var(--ast-global-color-5)","background-image":"","background-repeat":"repeat","background-position":"center center","background-size":"auto","background-attachment":"scroll","background-type":"","background-media":"","overlay-type":"","overlay-color":"","overlay-opacity":"","overlay-gradient":""}},"footnotes":""},"categories":[1,128,100],"tags":[88,96],"class_list":["post-1831","post","type-post","status-publish","format-standard","has-post-thumbnail","hentry","category-general","category-mitjans-21-22","category-sortides-dentorn","tag-sortida-dentorn","tag-vilobi"],"post_mailing_queue_ids":[],"_links":{"self":[{"href":"https:\/\/agora.xtec.cat\/ceip-llebeig\/wp-json\/wp\/v2\/posts\/1831","targetHints":{"allow":["GET"]}}],"collection":[{"href":"https:\/\/agora.xtec.cat\/ceip-llebeig\/wp-json\/wp\/v2\/posts"}],"about":[{"href":"https:\/\/agora.xtec.cat\/ceip-llebeig\/wp-json\/wp\/v2\/types\/post"}],"author":[{"embeddable":true,"href":"https:\/\/agora.xtec.cat\/ceip-llebeig\/wp-json\/wp\/v2\/users\/1"}],"replies":[{"embeddable":true,"href":"https:\/\/agora.xtec.cat\/ceip-llebeig\/wp-json\/wp\/v2\/comments?post=1831"}],"version-history":[{"count":2,"href":"https:\/\/agora.xtec.cat\/ceip-llebeig\/wp-json\/wp\/v2\/posts\/1831\/revisions"}],"predecessor-version":[{"id":1855,"href":"https:\/\/agora.xtec.cat\/ceip-llebeig\/wp-json\/wp\/v2\/posts\/1831\/revisions\/1855"}],"wp:featuredmedia":[{"embeddable":true,"href":"https:\/\/agora.xtec.cat\/ceip-llebeig\/wp-json\/wp\/v2\/media\/1834"}],"wp:attachment":[{"href":"https:\/\/agora.xtec.cat\/ceip-llebeig\/wp-json\/wp\/v2\/media?parent=1831"}],"wp:term":[{"taxonomy":"category","embeddable":true,"href":"https:\/\/agora.xtec.cat\/ceip-llebeig\/wp-json\/wp\/v2\/categories?post=1831"},{"taxonomy":"post_tag","embeddable":true,"href":"https:\/\/agora.xtec.cat\/ceip-llebeig\/wp-json\/wp\/v2\/tags?post=1831"}],"curies":[{"name":"wp","href":"https:\/\/api.w.org\/{rel}","templated":true}]}}