{"id":1723,"date":"2021-11-17T19:23:25","date_gmt":"2021-11-17T18:23:25","guid":{"rendered":"https:\/\/agora.xtec.cat\/ceip-llebeig\/?p=1723"},"modified":"2022-09-08T18:57:01","modified_gmt":"2022-09-08T16:57:01","slug":"sortida-al-barri-de-bellver-i-visita-a-la-viloteca","status":"publish","type":"post","link":"https:\/\/agora.xtec.cat\/ceip-llebeig\/general\/sortida-al-barri-de-bellver-i-visita-a-la-viloteca\/","title":{"rendered":"SORTIDA AL BARRI DE BELLVER I VISITA A LA VILOTECA"},"content":{"rendered":"<p><span style=\"font-weight: 400;\">El passat dilluns 15 de novembre v\u00e0rem fer una sortida al barri de Bellver dins del projecte &#8220;Descobrim el poble de Vilob\u00ed&#8221;. Vam fer una visita a l&#8217;Ateneu de Bellver on el Dani i la Carme, els avis del Nil, ens van obrir les portes i ens van explicar tant el present com el passat d&#8217;aquell bonic indret.<\/span><\/p>\n<p style=\"text-align: left;\"><a href=\"https:\/\/agora.xtec.cat\/ceip-llebeig\/wp-content\/uploads\/usu2136\/2021\/11\/WhatsApp-Image-2021-11-17-at-09.08.11-1.jpeg\"><img loading=\"lazy\" decoding=\"async\" class=\"wp-image-1724 alignleft\" src=\"https:\/\/agora.xtec.cat\/ceip-llebeig\/wp-content\/uploads\/usu2136\/2021\/11\/WhatsApp-Image-2021-11-17-at-09.08.11-1-1024x768.jpeg\" alt=\"\" width=\"407\" height=\"305\" srcset=\"https:\/\/agora.xtec.cat\/ceip-llebeig\/wp-content\/uploads\/usu2136\/2021\/11\/WhatsApp-Image-2021-11-17-at-09.08.11-1-1024x768.jpeg 1024w, https:\/\/agora.xtec.cat\/ceip-llebeig\/wp-content\/uploads\/usu2136\/2021\/11\/WhatsApp-Image-2021-11-17-at-09.08.11-1-300x225.jpeg 300w, https:\/\/agora.xtec.cat\/ceip-llebeig\/wp-content\/uploads\/usu2136\/2021\/11\/WhatsApp-Image-2021-11-17-at-09.08.11-1-768x576.jpeg 768w, https:\/\/agora.xtec.cat\/ceip-llebeig\/wp-content\/uploads\/usu2136\/2021\/11\/WhatsApp-Image-2021-11-17-at-09.08.11-1-1536x1152.jpeg 1536w, https:\/\/agora.xtec.cat\/ceip-llebeig\/wp-content\/uploads\/usu2136\/2021\/11\/WhatsApp-Image-2021-11-17-at-09.08.11-1-200x150.jpeg 200w, https:\/\/agora.xtec.cat\/ceip-llebeig\/wp-content\/uploads\/usu2136\/2021\/11\/WhatsApp-Image-2021-11-17-at-09.08.11-1.jpeg 2048w\" sizes=\"auto, (max-width: 407px) 100vw, 407px\" \/><\/a><a href=\"https:\/\/agora.xtec.cat\/ceip-llebeig\/wp-content\/uploads\/usu2136\/2021\/11\/WhatsApp-Image-2021-11-17-at-09.08.11.jpeg\"><img loading=\"lazy\" decoding=\"async\" class=\"wp-image-1725 alignleft\" src=\"https:\/\/agora.xtec.cat\/ceip-llebeig\/wp-content\/uploads\/usu2136\/2021\/11\/WhatsApp-Image-2021-11-17-at-09.08.11-1024x768.jpeg\" alt=\"\" width=\"405\" height=\"304\" srcset=\"https:\/\/agora.xtec.cat\/ceip-llebeig\/wp-content\/uploads\/usu2136\/2021\/11\/WhatsApp-Image-2021-11-17-at-09.08.11-1024x768.jpeg 1024w, https:\/\/agora.xtec.cat\/ceip-llebeig\/wp-content\/uploads\/usu2136\/2021\/11\/WhatsApp-Image-2021-11-17-at-09.08.11-300x225.jpeg 300w, https:\/\/agora.xtec.cat\/ceip-llebeig\/wp-content\/uploads\/usu2136\/2021\/11\/WhatsApp-Image-2021-11-17-at-09.08.11-768x576.jpeg 768w, https:\/\/agora.xtec.cat\/ceip-llebeig\/wp-content\/uploads\/usu2136\/2021\/11\/WhatsApp-Image-2021-11-17-at-09.08.11-1536x1152.jpeg 1536w, https:\/\/agora.xtec.cat\/ceip-llebeig\/wp-content\/uploads\/usu2136\/2021\/11\/WhatsApp-Image-2021-11-17-at-09.08.11-200x150.jpeg 200w, https:\/\/agora.xtec.cat\/ceip-llebeig\/wp-content\/uploads\/usu2136\/2021\/11\/WhatsApp-Image-2021-11-17-at-09.08.11.jpeg 2048w\" sizes=\"auto, (max-width: 405px) 100vw, 405px\" \/><\/a><\/p>\n<p>&nbsp;<\/p>\n<p>&nbsp;<\/p>\n<p>&nbsp;<\/p>\n<p>&nbsp;<\/p>\n<p>&nbsp;<\/p>\n<p>&nbsp;<\/p>\n<p>&nbsp;<\/p>\n<p>&nbsp;<\/p>\n<p><span style=\"font-weight: 400;\">Els records que m\u00e9s els va cridar l&#8217;atenci\u00f3 als infants van ser:<\/span><\/p>\n<ul>\n<li style=\"font-weight: 400;\" aria-level=\"1\" aria-checked=\"false\"><span style=\"font-weight: 400;\">Que fa anys no hi hagu\u00e9s clavegueres.<\/span><\/li>\n<li style=\"font-weight: 400;\" aria-level=\"1\" aria-checked=\"false\"><span style=\"font-weight: 400;\">Que abans hi havia dues botigues i un forn de pa. Quan van tancar el Dani i la Carme van pensar a oferir un servei al poble i fer-hi un supermercat.<\/span><\/li>\n<li style=\"font-weight: 400;\" aria-level=\"1\" aria-checked=\"false\"><span style=\"font-weight: 400;\">L&#8217;edifici de la Cooperativa el van construir entre els ve\u00efns del poble.<\/span><\/li>\n<li style=\"font-weight: 400;\" aria-level=\"1\" aria-checked=\"false\"><span style=\"font-weight: 400;\">Cada diumenge feien cinema i menjaven cacauets!<\/span><\/li>\n<li style=\"font-weight: 400;\" aria-level=\"1\" aria-checked=\"false\"><span style=\"font-weight: 400;\"><a style=\"color: #2795b6;\" href=\"https:\/\/agora.xtec.cat\/ceip-llebeig\/wp-content\/uploads\/usu2136\/2021\/11\/DSCN4832.jpg\"><img loading=\"lazy\" decoding=\"async\" class=\"wp-image-1731 alignright\" src=\"https:\/\/agora.xtec.cat\/ceip-llebeig\/wp-content\/uploads\/usu2136\/2021\/11\/DSCN4832.jpg\" alt=\"\" width=\"351\" height=\"263\" srcset=\"https:\/\/agora.xtec.cat\/ceip-llebeig\/wp-content\/uploads\/usu2136\/2021\/11\/DSCN4832.jpg 640w, https:\/\/agora.xtec.cat\/ceip-llebeig\/wp-content\/uploads\/usu2136\/2021\/11\/DSCN4832-300x225.jpg 300w, https:\/\/agora.xtec.cat\/ceip-llebeig\/wp-content\/uploads\/usu2136\/2021\/11\/DSCN4832-200x150.jpg 200w\" sizes=\"auto, (max-width: 351px) 100vw, 351px\" \/><\/a>Abans hi havia molt poca llum a les nits.<\/span><\/li>\n<li style=\"font-weight: 400;\" aria-level=\"1\" aria-checked=\"false\"><span style=\"font-weight: 400;\">Hi havia dues escoles, una de nens i una de nenes.<\/span><\/li>\n<li style=\"font-weight: 400;\" aria-level=\"1\" aria-checked=\"false\"><span style=\"font-weight: 400;\">Abans el barri era molt m\u00e9s petit i no hi havia el pol\u00edgon industrial, per\u00f2 a l&#8217;haver-hi botigues hi havia m\u00e9s moviment al barri. Ara nom\u00e9s hi ha l&#8217;Ateneu.<\/span><\/li>\n<\/ul>\n<p><span style=\"font-weight: 400;\">Ara ja s&#8217;han jubilat i han convertit el supermercat en la Viloteca! \u00c9s una biblioteca i un centre c\u00edvic on tothom pot anar-hi! Fan presentacions de llibres, torneigs d&#8217;escacs, xerrades diverses, cinema per petits i grans&#8230;<\/span><\/p>\n<p><span style=\"font-weight: 400;\">Des d&#8217;aqu\u00ed els volem donar les gr\u00e0cies per la feina que fan i per haver-nos explicat coses tan interessants!<\/span><\/p>\n<p><span style=\"font-weight: 400;\">Quan vam sortir vam anar a fer un tomb pel barri per grups on ens fix\u00e0vem en quin mobiliari urb\u00e0 hi havia, a quins carrers estaven&#8230; Com eren les cases i els carrers del barri, quins serveis hi havia&#8230;<\/span><\/p>\n<p><a href=\"https:\/\/agora.xtec.cat\/ceip-llebeig\/wp-content\/uploads\/usu2136\/2021\/11\/DSCN4842.jpg\"><img loading=\"lazy\" decoding=\"async\" class=\" wp-image-1732 alignleft\" src=\"https:\/\/agora.xtec.cat\/ceip-llebeig\/wp-content\/uploads\/usu2136\/2021\/11\/DSCN4842.jpg\" alt=\"\" width=\"299\" height=\"224\" srcset=\"https:\/\/agora.xtec.cat\/ceip-llebeig\/wp-content\/uploads\/usu2136\/2021\/11\/DSCN4842.jpg 640w, https:\/\/agora.xtec.cat\/ceip-llebeig\/wp-content\/uploads\/usu2136\/2021\/11\/DSCN4842-300x225.jpg 300w, https:\/\/agora.xtec.cat\/ceip-llebeig\/wp-content\/uploads\/usu2136\/2021\/11\/DSCN4842-200x150.jpg 200w\" sizes=\"auto, (max-width: 299px) 100vw, 299px\" \/><\/a> <a href=\"https:\/\/agora.xtec.cat\/ceip-llebeig\/wp-content\/uploads\/usu2136\/2021\/11\/DSCN4864.jpg\"><img loading=\"lazy\" decoding=\"async\" class=\" wp-image-1733 alignleft\" src=\"https:\/\/agora.xtec.cat\/ceip-llebeig\/wp-content\/uploads\/usu2136\/2021\/11\/DSCN4864.jpg\" alt=\"\" width=\"298\" height=\"224\" srcset=\"https:\/\/agora.xtec.cat\/ceip-llebeig\/wp-content\/uploads\/usu2136\/2021\/11\/DSCN4864.jpg 640w, https:\/\/agora.xtec.cat\/ceip-llebeig\/wp-content\/uploads\/usu2136\/2021\/11\/DSCN4864-300x225.jpg 300w, https:\/\/agora.xtec.cat\/ceip-llebeig\/wp-content\/uploads\/usu2136\/2021\/11\/DSCN4864-200x150.jpg 200w\" sizes=\"auto, (max-width: 298px) 100vw, 298px\" \/><\/a> <a href=\"https:\/\/agora.xtec.cat\/ceip-llebeig\/wp-content\/uploads\/usu2136\/2021\/11\/DSCN4870.jpg\"><img loading=\"lazy\" decoding=\"async\" class=\"wp-image-1734 alignleft\" src=\"https:\/\/agora.xtec.cat\/ceip-llebeig\/wp-content\/uploads\/usu2136\/2021\/11\/DSCN4870.jpg\" alt=\"\" width=\"303\" height=\"228\" srcset=\"https:\/\/agora.xtec.cat\/ceip-llebeig\/wp-content\/uploads\/usu2136\/2021\/11\/DSCN4870.jpg 640w, https:\/\/agora.xtec.cat\/ceip-llebeig\/wp-content\/uploads\/usu2136\/2021\/11\/DSCN4870-300x225.jpg 300w, https:\/\/agora.xtec.cat\/ceip-llebeig\/wp-content\/uploads\/usu2136\/2021\/11\/DSCN4870-200x150.jpg 200w\" sizes=\"auto, (max-width: 303px) 100vw, 303px\" \/><\/a><\/p>\n<p>&nbsp;<\/p>\n<p>&nbsp;<\/p>\n<p>&nbsp;<\/p>\n<p>&nbsp;<\/p>\n<p>&nbsp;<\/p>\n<p>&nbsp;<\/p>\n<p><span style=\"font-weight: 400;\">Tamb\u00e9 vam veure coses que no ens agradaven com aquestes de les fotos que us ensenyem i pensem que si volem tenir un poble ben bonic, la gent hauria de cuidar-lo una mica m\u00e9s.<\/span><\/p>\n<p><a href=\"https:\/\/agora.xtec.cat\/ceip-llebeig\/wp-content\/uploads\/usu2136\/2021\/11\/DSC00236.jpg\"><img loading=\"lazy\" decoding=\"async\" class=\"wp-image-1729 alignleft\" src=\"https:\/\/agora.xtec.cat\/ceip-llebeig\/wp-content\/uploads\/usu2136\/2021\/11\/DSC00236.jpg\" alt=\"\" width=\"315\" height=\"236\" srcset=\"https:\/\/agora.xtec.cat\/ceip-llebeig\/wp-content\/uploads\/usu2136\/2021\/11\/DSC00236.jpg 640w, https:\/\/agora.xtec.cat\/ceip-llebeig\/wp-content\/uploads\/usu2136\/2021\/11\/DSC00236-300x225.jpg 300w, https:\/\/agora.xtec.cat\/ceip-llebeig\/wp-content\/uploads\/usu2136\/2021\/11\/DSC00236-200x150.jpg 200w\" sizes=\"auto, (max-width: 315px) 100vw, 315px\" \/><\/a> <a href=\"https:\/\/agora.xtec.cat\/ceip-llebeig\/wp-content\/uploads\/usu2136\/2021\/11\/DSC00241.jpg\"><img loading=\"lazy\" decoding=\"async\" class=\"wp-image-1730 alignleft\" src=\"https:\/\/agora.xtec.cat\/ceip-llebeig\/wp-content\/uploads\/usu2136\/2021\/11\/DSC00241.jpg\" alt=\"\" width=\"315\" height=\"236\" srcset=\"https:\/\/agora.xtec.cat\/ceip-llebeig\/wp-content\/uploads\/usu2136\/2021\/11\/DSC00241.jpg 640w, https:\/\/agora.xtec.cat\/ceip-llebeig\/wp-content\/uploads\/usu2136\/2021\/11\/DSC00241-300x225.jpg 300w, https:\/\/agora.xtec.cat\/ceip-llebeig\/wp-content\/uploads\/usu2136\/2021\/11\/DSC00241-200x150.jpg 200w\" sizes=\"auto, (max-width: 315px) 100vw, 315px\" \/><\/a><\/p>\n<p><span style=\"font-weight: 400;\"><a href=\"https:\/\/agora.xtec.cat\/ceip-llebeig\/wp-content\/uploads\/usu2136\/2021\/11\/DSCN4970.jpg\"><img loading=\"lazy\" decoding=\"async\" class=\"wp-image-1735 alignleft\" src=\"https:\/\/agora.xtec.cat\/ceip-llebeig\/wp-content\/uploads\/usu2136\/2021\/11\/DSCN4970.jpg\" alt=\"\" width=\"306\" height=\"229\" srcset=\"https:\/\/agora.xtec.cat\/ceip-llebeig\/wp-content\/uploads\/usu2136\/2021\/11\/DSCN4970.jpg 640w, https:\/\/agora.xtec.cat\/ceip-llebeig\/wp-content\/uploads\/usu2136\/2021\/11\/DSCN4970-300x225.jpg 300w, https:\/\/agora.xtec.cat\/ceip-llebeig\/wp-content\/uploads\/usu2136\/2021\/11\/DSCN4970-200x150.jpg 200w\" sizes=\"auto, (max-width: 306px) 100vw, 306px\" \/><\/a><\/span><\/p>\n<p>&nbsp;<\/p>\n<p>&nbsp;<\/p>\n<p>&nbsp;<\/p>\n<p>&nbsp;<\/p>\n<p>&nbsp;<\/p>\n<p>&nbsp;<\/p>\n<p><span style=\"font-weight: 400;\">A la tarda vam seguir treballant amb el grup de Comunitat\u2026 que b\u00e9 poder treballar alguna estoneta tots junts!<\/span><\/p>\n<p><a href=\"https:\/\/agora.xtec.cat\/ceip-llebeig\/wp-content\/uploads\/usu2136\/2021\/11\/WhatsApp-Image-2021-11-17-at-09.17.13-1.jpeg\"><img loading=\"lazy\" decoding=\"async\" class=\"wp-image-1726 alignleft\" src=\"https:\/\/agora.xtec.cat\/ceip-llebeig\/wp-content\/uploads\/usu2136\/2021\/11\/WhatsApp-Image-2021-11-17-at-09.17.13-1-1024x768.jpeg\" alt=\"\" width=\"247\" height=\"185\" srcset=\"https:\/\/agora.xtec.cat\/ceip-llebeig\/wp-content\/uploads\/usu2136\/2021\/11\/WhatsApp-Image-2021-11-17-at-09.17.13-1-1024x768.jpeg 1024w, https:\/\/agora.xtec.cat\/ceip-llebeig\/wp-content\/uploads\/usu2136\/2021\/11\/WhatsApp-Image-2021-11-17-at-09.17.13-1-300x225.jpeg 300w, https:\/\/agora.xtec.cat\/ceip-llebeig\/wp-content\/uploads\/usu2136\/2021\/11\/WhatsApp-Image-2021-11-17-at-09.17.13-1-768x576.jpeg 768w, https:\/\/agora.xtec.cat\/ceip-llebeig\/wp-content\/uploads\/usu2136\/2021\/11\/WhatsApp-Image-2021-11-17-at-09.17.13-1-1536x1152.jpeg 1536w, https:\/\/agora.xtec.cat\/ceip-llebeig\/wp-content\/uploads\/usu2136\/2021\/11\/WhatsApp-Image-2021-11-17-at-09.17.13-1-200x150.jpeg 200w, https:\/\/agora.xtec.cat\/ceip-llebeig\/wp-content\/uploads\/usu2136\/2021\/11\/WhatsApp-Image-2021-11-17-at-09.17.13-1.jpeg 2000w\" sizes=\"auto, (max-width: 247px) 100vw, 247px\" \/><\/a><a href=\"https:\/\/agora.xtec.cat\/ceip-llebeig\/wp-content\/uploads\/usu2136\/2021\/11\/WhatsApp-Image-2021-11-17-at-09.17.13-2.jpeg\"><img loading=\"lazy\" decoding=\"async\" class=\"wp-image-1727\" src=\"https:\/\/agora.xtec.cat\/ceip-llebeig\/wp-content\/uploads\/usu2136\/2021\/11\/WhatsApp-Image-2021-11-17-at-09.17.13-2-1024x768.jpeg\" alt=\"\" width=\"253\" height=\"190\" srcset=\"https:\/\/agora.xtec.cat\/ceip-llebeig\/wp-content\/uploads\/usu2136\/2021\/11\/WhatsApp-Image-2021-11-17-at-09.17.13-2-1024x768.jpeg 1024w, https:\/\/agora.xtec.cat\/ceip-llebeig\/wp-content\/uploads\/usu2136\/2021\/11\/WhatsApp-Image-2021-11-17-at-09.17.13-2-300x225.jpeg 300w, https:\/\/agora.xtec.cat\/ceip-llebeig\/wp-content\/uploads\/usu2136\/2021\/11\/WhatsApp-Image-2021-11-17-at-09.17.13-2-768x576.jpeg 768w, https:\/\/agora.xtec.cat\/ceip-llebeig\/wp-content\/uploads\/usu2136\/2021\/11\/WhatsApp-Image-2021-11-17-at-09.17.13-2-1536x1152.jpeg 1536w, https:\/\/agora.xtec.cat\/ceip-llebeig\/wp-content\/uploads\/usu2136\/2021\/11\/WhatsApp-Image-2021-11-17-at-09.17.13-2-200x150.jpeg 200w, https:\/\/agora.xtec.cat\/ceip-llebeig\/wp-content\/uploads\/usu2136\/2021\/11\/WhatsApp-Image-2021-11-17-at-09.17.13-2.jpeg 2000w\" sizes=\"auto, (max-width: 253px) 100vw, 253px\" \/><\/a><img loading=\"lazy\" decoding=\"async\" class=\"wp-image-1728 alignleft\" src=\"https:\/\/agora.xtec.cat\/ceip-llebeig\/wp-content\/uploads\/usu2136\/2021\/11\/WhatsApp-Image-2021-11-17-at-09.17.13-1024x768.jpeg\" alt=\"\" width=\"248\" height=\"186\" srcset=\"https:\/\/agora.xtec.cat\/ceip-llebeig\/wp-content\/uploads\/usu2136\/2021\/11\/WhatsApp-Image-2021-11-17-at-09.17.13-1024x768.jpeg 1024w, https:\/\/agora.xtec.cat\/ceip-llebeig\/wp-content\/uploads\/usu2136\/2021\/11\/WhatsApp-Image-2021-11-17-at-09.17.13-300x225.jpeg 300w, https:\/\/agora.xtec.cat\/ceip-llebeig\/wp-content\/uploads\/usu2136\/2021\/11\/WhatsApp-Image-2021-11-17-at-09.17.13-768x576.jpeg 768w, https:\/\/agora.xtec.cat\/ceip-llebeig\/wp-content\/uploads\/usu2136\/2021\/11\/WhatsApp-Image-2021-11-17-at-09.17.13-1536x1152.jpeg 1536w, https:\/\/agora.xtec.cat\/ceip-llebeig\/wp-content\/uploads\/usu2136\/2021\/11\/WhatsApp-Image-2021-11-17-at-09.17.13-200x150.jpeg 200w, https:\/\/agora.xtec.cat\/ceip-llebeig\/wp-content\/uploads\/usu2136\/2021\/11\/WhatsApp-Image-2021-11-17-at-09.17.13.jpeg 2000w\" sizes=\"auto, (max-width: 248px) 100vw, 248px\" \/><\/p>\n","protected":false},"excerpt":{"rendered":"<p>El passat dilluns 15 de novembre v\u00e0rem fer una sortida al barri de Bellver dins del projecte &#8220;Descobrim el poble [&hellip;]<\/p>\n","protected":false},"author":4,"featured_media":1724,"comment_status":"open","ping_status":"closed","sticky":false,"template":"","format":"standard","meta":{"_bbp_topic_count":0,"_bbp_reply_count":0,"_bbp_total_topic_count":0,"_bbp_total_reply_count":0,"_bbp_voice_count":0,"_bbp_anonymous_reply_count":0,"_bbp_topic_count_hidden":0,"_bbp_reply_count_hidden":0,"_bbp_forum_subforum_count":0,"site-sidebar-layout":"default","site-content-layout":"","ast-site-content-layout":"","site-content-style":"default","site-sidebar-style":"default","ast-global-header-display":"","ast-banner-title-visibility":"","ast-main-header-display":"","ast-hfb-above-header-display":"","ast-hfb-below-header-display":"","ast-hfb-mobile-header-display":"","site-post-title":"","ast-breadcrumbs-content":"","ast-featured-img":"","footer-sml-layout":"","theme-transparent-header-meta":"","adv-header-id-meta":"","stick-header-meta":"","header-above-stick-meta":"","header-main-stick-meta":"","header-below-stick-meta":"","astra-migrate-meta-layouts":"default","ast-page-background-enabled":"default","ast-page-background-meta":{"desktop":{"background-color":"var(--ast-global-color-4)","background-image":"","background-repeat":"repeat","background-position":"center center","background-size":"auto","background-attachment":"scroll","background-type":"","background-media":"","overlay-type":"","overlay-color":"","overlay-opacity":"","overlay-gradient":""},"tablet":{"background-color":"","background-image":"","background-repeat":"repeat","background-position":"center center","background-size":"auto","background-attachment":"scroll","background-type":"","background-media":"","overlay-type":"","overlay-color":"","overlay-opacity":"","overlay-gradient":""},"mobile":{"background-color":"","background-image":"","background-repeat":"repeat","background-position":"center center","background-size":"auto","background-attachment":"scroll","background-type":"","background-media":"","overlay-type":"","overlay-color":"","overlay-opacity":"","overlay-gradient":""}},"ast-content-background-meta":{"desktop":{"background-color":"var(--ast-global-color-5)","background-image":"","background-repeat":"repeat","background-position":"center center","background-size":"auto","background-attachment":"scroll","background-type":"","background-media":"","overlay-type":"","overlay-color":"","overlay-opacity":"","overlay-gradient":""},"tablet":{"background-color":"var(--ast-global-color-5)","background-image":"","background-repeat":"repeat","background-position":"center center","background-size":"auto","background-attachment":"scroll","background-type":"","background-media":"","overlay-type":"","overlay-color":"","overlay-opacity":"","overlay-gradient":""},"mobile":{"background-color":"var(--ast-global-color-5)","background-image":"","background-repeat":"repeat","background-position":"center center","background-size":"auto","background-attachment":"scroll","background-type":"","background-media":"","overlay-type":"","overlay-color":"","overlay-opacity":"","overlay-gradient":""}},"footnotes":""},"categories":[1,128,100],"tags":[88],"class_list":["post-1723","post","type-post","status-publish","format-standard","has-post-thumbnail","hentry","category-general","category-mitjans-21-22","category-sortides-dentorn","tag-sortida-dentorn"],"post_mailing_queue_ids":[],"_links":{"self":[{"href":"https:\/\/agora.xtec.cat\/ceip-llebeig\/wp-json\/wp\/v2\/posts\/1723","targetHints":{"allow":["GET"]}}],"collection":[{"href":"https:\/\/agora.xtec.cat\/ceip-llebeig\/wp-json\/wp\/v2\/posts"}],"about":[{"href":"https:\/\/agora.xtec.cat\/ceip-llebeig\/wp-json\/wp\/v2\/types\/post"}],"author":[{"embeddable":true,"href":"https:\/\/agora.xtec.cat\/ceip-llebeig\/wp-json\/wp\/v2\/users\/4"}],"replies":[{"embeddable":true,"href":"https:\/\/agora.xtec.cat\/ceip-llebeig\/wp-json\/wp\/v2\/comments?post=1723"}],"version-history":[{"count":3,"href":"https:\/\/agora.xtec.cat\/ceip-llebeig\/wp-json\/wp\/v2\/posts\/1723\/revisions"}],"predecessor-version":[{"id":1740,"href":"https:\/\/agora.xtec.cat\/ceip-llebeig\/wp-json\/wp\/v2\/posts\/1723\/revisions\/1740"}],"wp:featuredmedia":[{"embeddable":true,"href":"https:\/\/agora.xtec.cat\/ceip-llebeig\/wp-json\/wp\/v2\/media\/1724"}],"wp:attachment":[{"href":"https:\/\/agora.xtec.cat\/ceip-llebeig\/wp-json\/wp\/v2\/media?parent=1723"}],"wp:term":[{"taxonomy":"category","embeddable":true,"href":"https:\/\/agora.xtec.cat\/ceip-llebeig\/wp-json\/wp\/v2\/categories?post=1723"},{"taxonomy":"post_tag","embeddable":true,"href":"https:\/\/agora.xtec.cat\/ceip-llebeig\/wp-json\/wp\/v2\/tags?post=1723"}],"curies":[{"name":"wp","href":"https:\/\/api.w.org\/{rel}","templated":true}]}}