{"id":1675,"date":"2021-10-21T15:27:25","date_gmt":"2021-10-21T13:27:25","guid":{"rendered":"https:\/\/agora.xtec.cat\/ceip-llebeig\/?p=1675"},"modified":"2022-09-08T18:57:10","modified_gmt":"2022-09-08T16:57:10","slug":"sortida-artistica-paisatge-urba","status":"publish","type":"post","link":"https:\/\/agora.xtec.cat\/ceip-llebeig\/general\/sortida-artistica-paisatge-urba\/","title":{"rendered":"Sortida art\u00edstica: paisatge urb\u00e0"},"content":{"rendered":"<p>Dilluns 18 d&#8217;octubre la comunitat de mitjans vam fer un taller de paisatge urb\u00e0 gr\u00e0cies a la N\u00faria i el Llu\u00eds, dos il\u00b7lustradors penedesencs.<\/p>\n<p>Va ser un mat\u00ed ben complet ja que gr\u00e0cies al taller vam poder observar detalls de les cases i els carrers per poder-los dibuixar sobre el paper. La N\u00faria i el Llu\u00eds ens van ensenyar a utilitzar la t\u00e8cnica del collage per representar el terra, les cases i el cel. Despr\u00e9s de dibuixar amb estisores, vam acabar els detalls m\u00e9s petits amb retolador.<\/p>\n<div id='gallery-1' class='gallery galleryid-1675 gallery-columns-2 gallery-size-large'><figure class='gallery-item'>\n\t\t\t<div class='gallery-icon landscape'>\n\t\t\t\t<a href='https:\/\/agora.xtec.cat\/ceip-llebeig\/general\/sortida-artistica-paisatge-urba\/attachment\/dscn4734-copy\/'><img loading=\"lazy\" decoding=\"async\" width=\"640\" height=\"480\" src=\"https:\/\/agora.xtec.cat\/ceip-llebeig\/wp-content\/uploads\/usu2136\/2021\/10\/DSCN4734-Copy.jpg\" class=\"attachment-large size-large\" alt=\"\" srcset=\"https:\/\/agora.xtec.cat\/ceip-llebeig\/wp-content\/uploads\/usu2136\/2021\/10\/DSCN4734-Copy.jpg 640w, https:\/\/agora.xtec.cat\/ceip-llebeig\/wp-content\/uploads\/usu2136\/2021\/10\/DSCN4734-Copy-300x225.jpg 300w, https:\/\/agora.xtec.cat\/ceip-llebeig\/wp-content\/uploads\/usu2136\/2021\/10\/DSCN4734-Copy-200x150.jpg 200w\" sizes=\"auto, (max-width: 640px) 100vw, 640px\" \/><\/a>\n\t\t\t<\/div><\/figure><figure class='gallery-item'>\n\t\t\t<div class='gallery-icon landscape'>\n\t\t\t\t<a href='https:\/\/agora.xtec.cat\/ceip-llebeig\/general\/sortida-artistica-paisatge-urba\/attachment\/dscn4739-copy\/'><img loading=\"lazy\" decoding=\"async\" width=\"640\" height=\"480\" src=\"https:\/\/agora.xtec.cat\/ceip-llebeig\/wp-content\/uploads\/usu2136\/2021\/10\/DSCN4739-Copy.jpg\" class=\"attachment-large size-large\" alt=\"\" srcset=\"https:\/\/agora.xtec.cat\/ceip-llebeig\/wp-content\/uploads\/usu2136\/2021\/10\/DSCN4739-Copy.jpg 640w, https:\/\/agora.xtec.cat\/ceip-llebeig\/wp-content\/uploads\/usu2136\/2021\/10\/DSCN4739-Copy-300x225.jpg 300w, https:\/\/agora.xtec.cat\/ceip-llebeig\/wp-content\/uploads\/usu2136\/2021\/10\/DSCN4739-Copy-200x150.jpg 200w\" sizes=\"auto, (max-width: 640px) 100vw, 640px\" \/><\/a>\n\t\t\t<\/div><\/figure><figure class='gallery-item'>\n\t\t\t<div class='gallery-icon landscape'>\n\t\t\t\t<a href='https:\/\/agora.xtec.cat\/ceip-llebeig\/general\/sortida-artistica-paisatge-urba\/attachment\/dscn4754-copy\/'><img loading=\"lazy\" decoding=\"async\" width=\"640\" height=\"480\" src=\"https:\/\/agora.xtec.cat\/ceip-llebeig\/wp-content\/uploads\/usu2136\/2021\/10\/DSCN4754-Copy.jpg\" class=\"attachment-large size-large\" alt=\"\" srcset=\"https:\/\/agora.xtec.cat\/ceip-llebeig\/wp-content\/uploads\/usu2136\/2021\/10\/DSCN4754-Copy.jpg 640w, https:\/\/agora.xtec.cat\/ceip-llebeig\/wp-content\/uploads\/usu2136\/2021\/10\/DSCN4754-Copy-300x225.jpg 300w, https:\/\/agora.xtec.cat\/ceip-llebeig\/wp-content\/uploads\/usu2136\/2021\/10\/DSCN4754-Copy-200x150.jpg 200w\" sizes=\"auto, (max-width: 640px) 100vw, 640px\" \/><\/a>\n\t\t\t<\/div><\/figure><figure class='gallery-item'>\n\t\t\t<div class='gallery-icon landscape'>\n\t\t\t\t<a href='https:\/\/agora.xtec.cat\/ceip-llebeig\/general\/sortida-artistica-paisatge-urba\/attachment\/dscn4759-copy\/'><img loading=\"lazy\" decoding=\"async\" width=\"640\" height=\"480\" src=\"https:\/\/agora.xtec.cat\/ceip-llebeig\/wp-content\/uploads\/usu2136\/2021\/10\/DSCN4759-Copy.jpg\" class=\"attachment-large size-large\" alt=\"\" srcset=\"https:\/\/agora.xtec.cat\/ceip-llebeig\/wp-content\/uploads\/usu2136\/2021\/10\/DSCN4759-Copy.jpg 640w, https:\/\/agora.xtec.cat\/ceip-llebeig\/wp-content\/uploads\/usu2136\/2021\/10\/DSCN4759-Copy-300x225.jpg 300w, https:\/\/agora.xtec.cat\/ceip-llebeig\/wp-content\/uploads\/usu2136\/2021\/10\/DSCN4759-Copy-200x150.jpg 200w\" sizes=\"auto, (max-width: 640px) 100vw, 640px\" \/><\/a>\n\t\t\t<\/div><\/figure><figure class='gallery-item'>\n\t\t\t<div class='gallery-icon landscape'>\n\t\t\t\t<a href='https:\/\/agora.xtec.cat\/ceip-llebeig\/general\/sortida-artistica-paisatge-urba\/attachment\/dscn4762-copy\/'><img loading=\"lazy\" decoding=\"async\" width=\"640\" height=\"480\" src=\"https:\/\/agora.xtec.cat\/ceip-llebeig\/wp-content\/uploads\/usu2136\/2021\/10\/DSCN4762-Copy.jpg\" class=\"attachment-large size-large\" alt=\"\" srcset=\"https:\/\/agora.xtec.cat\/ceip-llebeig\/wp-content\/uploads\/usu2136\/2021\/10\/DSCN4762-Copy.jpg 640w, https:\/\/agora.xtec.cat\/ceip-llebeig\/wp-content\/uploads\/usu2136\/2021\/10\/DSCN4762-Copy-300x225.jpg 300w, https:\/\/agora.xtec.cat\/ceip-llebeig\/wp-content\/uploads\/usu2136\/2021\/10\/DSCN4762-Copy-200x150.jpg 200w\" sizes=\"auto, (max-width: 640px) 100vw, 640px\" \/><\/a>\n\t\t\t<\/div><\/figure><figure class='gallery-item'>\n\t\t\t<div class='gallery-icon landscape'>\n\t\t\t\t<a href='https:\/\/agora.xtec.cat\/ceip-llebeig\/general\/sortida-artistica-paisatge-urba\/attachment\/dscn4752-copy\/'><img loading=\"lazy\" decoding=\"async\" width=\"640\" height=\"480\" src=\"https:\/\/agora.xtec.cat\/ceip-llebeig\/wp-content\/uploads\/usu2136\/2021\/10\/DSCN4752-Copy.jpg\" class=\"attachment-large size-large\" alt=\"\" srcset=\"https:\/\/agora.xtec.cat\/ceip-llebeig\/wp-content\/uploads\/usu2136\/2021\/10\/DSCN4752-Copy.jpg 640w, https:\/\/agora.xtec.cat\/ceip-llebeig\/wp-content\/uploads\/usu2136\/2021\/10\/DSCN4752-Copy-300x225.jpg 300w, https:\/\/agora.xtec.cat\/ceip-llebeig\/wp-content\/uploads\/usu2136\/2021\/10\/DSCN4752-Copy-200x150.jpg 200w\" sizes=\"auto, (max-width: 640px) 100vw, 640px\" \/><\/a>\n\t\t\t<\/div><\/figure>\n\t\t<\/div>\n\n<p>&nbsp;<\/p>\n<p>Aprofitant que comencem a treballar el poble i els barris, vam passejar per Vilob\u00ed fins arribar al parc de Chiusanico on vam gaudir d&#8217;una estona de joc.<\/p>\n<div id='gallery-2' class='gallery galleryid-1675 gallery-columns-2 gallery-size-large'><figure class='gallery-item'>\n\t\t\t<div class='gallery-icon landscape'>\n\t\t\t\t<a href='https:\/\/agora.xtec.cat\/ceip-llebeig\/general\/sortida-artistica-paisatge-urba\/attachment\/dscn4676-copy\/'><img loading=\"lazy\" decoding=\"async\" width=\"640\" height=\"480\" src=\"https:\/\/agora.xtec.cat\/ceip-llebeig\/wp-content\/uploads\/usu2136\/2021\/10\/DSCN4676-Copy.jpg\" class=\"attachment-large size-large\" alt=\"\" srcset=\"https:\/\/agora.xtec.cat\/ceip-llebeig\/wp-content\/uploads\/usu2136\/2021\/10\/DSCN4676-Copy.jpg 640w, https:\/\/agora.xtec.cat\/ceip-llebeig\/wp-content\/uploads\/usu2136\/2021\/10\/DSCN4676-Copy-300x225.jpg 300w, https:\/\/agora.xtec.cat\/ceip-llebeig\/wp-content\/uploads\/usu2136\/2021\/10\/DSCN4676-Copy-200x150.jpg 200w\" sizes=\"auto, (max-width: 640px) 100vw, 640px\" \/><\/a>\n\t\t\t<\/div><\/figure><figure class='gallery-item'>\n\t\t\t<div class='gallery-icon landscape'>\n\t\t\t\t<a href='https:\/\/agora.xtec.cat\/ceip-llebeig\/general\/sortida-artistica-paisatge-urba\/attachment\/dscn4811-copy\/'><img loading=\"lazy\" decoding=\"async\" width=\"640\" height=\"480\" src=\"https:\/\/agora.xtec.cat\/ceip-llebeig\/wp-content\/uploads\/usu2136\/2021\/10\/DSCN4811-Copy.jpg\" class=\"attachment-large size-large\" alt=\"\" srcset=\"https:\/\/agora.xtec.cat\/ceip-llebeig\/wp-content\/uploads\/usu2136\/2021\/10\/DSCN4811-Copy.jpg 640w, https:\/\/agora.xtec.cat\/ceip-llebeig\/wp-content\/uploads\/usu2136\/2021\/10\/DSCN4811-Copy-300x225.jpg 300w, https:\/\/agora.xtec.cat\/ceip-llebeig\/wp-content\/uploads\/usu2136\/2021\/10\/DSCN4811-Copy-200x150.jpg 200w\" sizes=\"auto, (max-width: 640px) 100vw, 640px\" \/><\/a>\n\t\t\t<\/div><\/figure><figure class='gallery-item'>\n\t\t\t<div class='gallery-icon landscape'>\n\t\t\t\t<a href='https:\/\/agora.xtec.cat\/ceip-llebeig\/general\/sortida-artistica-paisatge-urba\/attachment\/dscn4796-copy\/'><img loading=\"lazy\" decoding=\"async\" width=\"640\" height=\"480\" src=\"https:\/\/agora.xtec.cat\/ceip-llebeig\/wp-content\/uploads\/usu2136\/2021\/10\/DSCN4796-Copy.jpg\" class=\"attachment-large size-large\" alt=\"\" srcset=\"https:\/\/agora.xtec.cat\/ceip-llebeig\/wp-content\/uploads\/usu2136\/2021\/10\/DSCN4796-Copy.jpg 640w, https:\/\/agora.xtec.cat\/ceip-llebeig\/wp-content\/uploads\/usu2136\/2021\/10\/DSCN4796-Copy-300x225.jpg 300w, https:\/\/agora.xtec.cat\/ceip-llebeig\/wp-content\/uploads\/usu2136\/2021\/10\/DSCN4796-Copy-200x150.jpg 200w\" sizes=\"auto, (max-width: 640px) 100vw, 640px\" \/><\/a>\n\t\t\t<\/div><\/figure><figure class='gallery-item'>\n\t\t\t<div class='gallery-icon landscape'>\n\t\t\t\t<a href='https:\/\/agora.xtec.cat\/ceip-llebeig\/general\/sortida-artistica-paisatge-urba\/attachment\/dscn4783-copy\/'><img loading=\"lazy\" decoding=\"async\" width=\"640\" height=\"480\" src=\"https:\/\/agora.xtec.cat\/ceip-llebeig\/wp-content\/uploads\/usu2136\/2021\/10\/DSCN4783-Copy.jpg\" class=\"attachment-large size-large\" alt=\"\" srcset=\"https:\/\/agora.xtec.cat\/ceip-llebeig\/wp-content\/uploads\/usu2136\/2021\/10\/DSCN4783-Copy.jpg 640w, https:\/\/agora.xtec.cat\/ceip-llebeig\/wp-content\/uploads\/usu2136\/2021\/10\/DSCN4783-Copy-300x225.jpg 300w, https:\/\/agora.xtec.cat\/ceip-llebeig\/wp-content\/uploads\/usu2136\/2021\/10\/DSCN4783-Copy-200x150.jpg 200w\" sizes=\"auto, (max-width: 640px) 100vw, 640px\" \/><\/a>\n\t\t\t<\/div><\/figure>\n\t\t<\/div>\n\n<p>&nbsp;<\/p>\n","protected":false},"excerpt":{"rendered":"<p>Dilluns 18 d&#8217;octubre la comunitat de mitjans vam fer un taller de paisatge urb\u00e0 gr\u00e0cies a la N\u00faria i el [&hellip;]<\/p>\n","protected":false},"author":4,"featured_media":1696,"comment_status":"open","ping_status":"closed","sticky":false,"template":"","format":"standard","meta":{"_bbp_topic_count":0,"_bbp_reply_count":0,"_bbp_total_topic_count":0,"_bbp_total_reply_count":0,"_bbp_voice_count":0,"_bbp_anonymous_reply_count":0,"_bbp_topic_count_hidden":0,"_bbp_reply_count_hidden":0,"_bbp_forum_subforum_count":0,"site-sidebar-layout":"default","site-content-layout":"","ast-site-content-layout":"","site-content-style":"default","site-sidebar-style":"default","ast-global-header-display":"","ast-banner-title-visibility":"","ast-main-header-display":"","ast-hfb-above-header-display":"","ast-hfb-below-header-display":"","ast-hfb-mobile-header-display":"","site-post-title":"","ast-breadcrumbs-content":"","ast-featured-img":"","footer-sml-layout":"","theme-transparent-header-meta":"","adv-header-id-meta":"","stick-header-meta":"","header-above-stick-meta":"","header-main-stick-meta":"","header-below-stick-meta":"","astra-migrate-meta-layouts":"default","ast-page-background-enabled":"default","ast-page-background-meta":{"desktop":{"background-color":"var(--ast-global-color-4)","background-image":"","background-repeat":"repeat","background-position":"center center","background-size":"auto","background-attachment":"scroll","background-type":"","background-media":"","overlay-type":"","overlay-color":"","overlay-opacity":"","overlay-gradient":""},"tablet":{"background-color":"","background-image":"","background-repeat":"repeat","background-position":"center center","background-size":"auto","background-attachment":"scroll","background-type":"","background-media":"","overlay-type":"","overlay-color":"","overlay-opacity":"","overlay-gradient":""},"mobile":{"background-color":"","background-image":"","background-repeat":"repeat","background-position":"center center","background-size":"auto","background-attachment":"scroll","background-type":"","background-media":"","overlay-type":"","overlay-color":"","overlay-opacity":"","overlay-gradient":""}},"ast-content-background-meta":{"desktop":{"background-color":"var(--ast-global-color-5)","background-image":"","background-repeat":"repeat","background-position":"center center","background-size":"auto","background-attachment":"scroll","background-type":"","background-media":"","overlay-type":"","overlay-color":"","overlay-opacity":"","overlay-gradient":""},"tablet":{"background-color":"var(--ast-global-color-5)","background-image":"","background-repeat":"repeat","background-position":"center center","background-size":"auto","background-attachment":"scroll","background-type":"","background-media":"","overlay-type":"","overlay-color":"","overlay-opacity":"","overlay-gradient":""},"mobile":{"background-color":"var(--ast-global-color-5)","background-image":"","background-repeat":"repeat","background-position":"center center","background-size":"auto","background-attachment":"scroll","background-type":"","background-media":"","overlay-type":"","overlay-color":"","overlay-opacity":"","overlay-gradient":""}},"footnotes":""},"categories":[1,128,100],"tags":[88],"class_list":["post-1675","post","type-post","status-publish","format-standard","has-post-thumbnail","hentry","category-general","category-mitjans-21-22","category-sortides-dentorn","tag-sortida-dentorn"],"post_mailing_queue_ids":[],"_links":{"self":[{"href":"https:\/\/agora.xtec.cat\/ceip-llebeig\/wp-json\/wp\/v2\/posts\/1675","targetHints":{"allow":["GET"]}}],"collection":[{"href":"https:\/\/agora.xtec.cat\/ceip-llebeig\/wp-json\/wp\/v2\/posts"}],"about":[{"href":"https:\/\/agora.xtec.cat\/ceip-llebeig\/wp-json\/wp\/v2\/types\/post"}],"author":[{"embeddable":true,"href":"https:\/\/agora.xtec.cat\/ceip-llebeig\/wp-json\/wp\/v2\/users\/4"}],"replies":[{"embeddable":true,"href":"https:\/\/agora.xtec.cat\/ceip-llebeig\/wp-json\/wp\/v2\/comments?post=1675"}],"version-history":[{"count":3,"href":"https:\/\/agora.xtec.cat\/ceip-llebeig\/wp-json\/wp\/v2\/posts\/1675\/revisions"}],"predecessor-version":[{"id":1698,"href":"https:\/\/agora.xtec.cat\/ceip-llebeig\/wp-json\/wp\/v2\/posts\/1675\/revisions\/1698"}],"wp:featuredmedia":[{"embeddable":true,"href":"https:\/\/agora.xtec.cat\/ceip-llebeig\/wp-json\/wp\/v2\/media\/1696"}],"wp:attachment":[{"href":"https:\/\/agora.xtec.cat\/ceip-llebeig\/wp-json\/wp\/v2\/media?parent=1675"}],"wp:term":[{"taxonomy":"category","embeddable":true,"href":"https:\/\/agora.xtec.cat\/ceip-llebeig\/wp-json\/wp\/v2\/categories?post=1675"},{"taxonomy":"post_tag","embeddable":true,"href":"https:\/\/agora.xtec.cat\/ceip-llebeig\/wp-json\/wp\/v2\/tags?post=1675"}],"curies":[{"name":"wp","href":"https:\/\/api.w.org\/{rel}","templated":true}]}}