{"id":1462,"date":"2021-06-21T19:25:19","date_gmt":"2021-06-21T17:25:19","guid":{"rendered":"https:\/\/agora.xtec.cat\/ceip-llebeig\/?p=1462"},"modified":"2021-09-24T18:18:07","modified_gmt":"2021-09-24T16:18:07","slug":"lagus-i-els-monstres-de-ben-a-prop","status":"publish","type":"post","link":"https:\/\/agora.xtec.cat\/ceip-llebeig\/mitjans\/mitjans-curs-20-21\/lagus-i-els-monstres-de-ben-a-prop\/","title":{"rendered":"L&#8217;Agus i els monstres de ben a prop!"},"content":{"rendered":"<p>Per acabar el curs el Jaume Copons i la Liliana Fortuny, autor i il\u00b7lustradora dels llibres de l&#8217;Agus i els monstres han vingut a l&#8217;escola!<\/p>\n<p>La comunitat de mitjans hem descobert aquesta col\u00b7lecci\u00f3 i ens ha acompanyat durant el curs. Avui, hem pogut fer preguntes als seus autors i con\u00e8ixer una mica m\u00e9s a prop la feina que fan.<\/p>\n<div id='gallery-1' class='gallery galleryid-1462 gallery-columns-3 gallery-size-large'><figure class='gallery-item'>\n\t\t\t<div class='gallery-icon landscape'>\n\t\t\t\t<a href='https:\/\/agora.xtec.cat\/ceip-llebeig\/mitjans\/mitjans-curs-20-21\/lagus-i-els-monstres-de-ben-a-prop\/attachment\/img20210621100505_01\/'><img loading=\"lazy\" decoding=\"async\" width=\"720\" height=\"540\" src=\"https:\/\/agora.xtec.cat\/ceip-llebeig\/wp-content\/uploads\/usu2136\/2021\/06\/IMG20210621100505_01.jpg\" class=\"attachment-large size-large\" alt=\"\" srcset=\"https:\/\/agora.xtec.cat\/ceip-llebeig\/wp-content\/uploads\/usu2136\/2021\/06\/IMG20210621100505_01.jpg 720w, https:\/\/agora.xtec.cat\/ceip-llebeig\/wp-content\/uploads\/usu2136\/2021\/06\/IMG20210621100505_01-300x225.jpg 300w, https:\/\/agora.xtec.cat\/ceip-llebeig\/wp-content\/uploads\/usu2136\/2021\/06\/IMG20210621100505_01-200x150.jpg 200w\" sizes=\"auto, (max-width: 720px) 100vw, 720px\" \/><\/a>\n\t\t\t<\/div><\/figure><figure class='gallery-item'>\n\t\t\t<div class='gallery-icon landscape'>\n\t\t\t\t<a href='https:\/\/agora.xtec.cat\/ceip-llebeig\/mitjans\/mitjans-curs-20-21\/lagus-i-els-monstres-de-ben-a-prop\/attachment\/img20210621102059_01\/'><img loading=\"lazy\" decoding=\"async\" width=\"720\" height=\"540\" src=\"https:\/\/agora.xtec.cat\/ceip-llebeig\/wp-content\/uploads\/usu2136\/2021\/06\/IMG20210621102059_01.jpg\" class=\"attachment-large size-large\" alt=\"\" srcset=\"https:\/\/agora.xtec.cat\/ceip-llebeig\/wp-content\/uploads\/usu2136\/2021\/06\/IMG20210621102059_01.jpg 720w, https:\/\/agora.xtec.cat\/ceip-llebeig\/wp-content\/uploads\/usu2136\/2021\/06\/IMG20210621102059_01-300x225.jpg 300w, https:\/\/agora.xtec.cat\/ceip-llebeig\/wp-content\/uploads\/usu2136\/2021\/06\/IMG20210621102059_01-200x150.jpg 200w\" sizes=\"auto, (max-width: 720px) 100vw, 720px\" \/><\/a>\n\t\t\t<\/div><\/figure><figure class='gallery-item'>\n\t\t\t<div class='gallery-icon landscape'>\n\t\t\t\t<a href='https:\/\/agora.xtec.cat\/ceip-llebeig\/mitjans\/mitjans-curs-20-21\/lagus-i-els-monstres-de-ben-a-prop\/attachment\/img20210621095116_01\/'><img loading=\"lazy\" decoding=\"async\" width=\"720\" height=\"540\" src=\"https:\/\/agora.xtec.cat\/ceip-llebeig\/wp-content\/uploads\/usu2136\/2021\/06\/IMG20210621095116_01.jpg\" class=\"attachment-large size-large\" alt=\"\" srcset=\"https:\/\/agora.xtec.cat\/ceip-llebeig\/wp-content\/uploads\/usu2136\/2021\/06\/IMG20210621095116_01.jpg 720w, https:\/\/agora.xtec.cat\/ceip-llebeig\/wp-content\/uploads\/usu2136\/2021\/06\/IMG20210621095116_01-300x225.jpg 300w, https:\/\/agora.xtec.cat\/ceip-llebeig\/wp-content\/uploads\/usu2136\/2021\/06\/IMG20210621095116_01-200x150.jpg 200w\" sizes=\"auto, (max-width: 720px) 100vw, 720px\" \/><\/a>\n\t\t\t<\/div><\/figure>\n\t\t<\/div>\n\n<p>A m\u00e9s, hem creat un monstre i un dibuix entre tots, nosaltres an\u00e0vem dient idees i la Liliana anava dibuixant el personatge. Despr\u00e9s, ens han firmat els llibres que port\u00e0vem i ens hem fet una fotografia tots junts, amb les m\u00e0scares de l&#8217;Agus.<\/p>\n<div id='gallery-2' class='gallery galleryid-1462 gallery-columns-3 gallery-size-large'><figure class='gallery-item'>\n\t\t\t<div class='gallery-icon landscape'>\n\t\t\t\t<a href='https:\/\/agora.xtec.cat\/ceip-llebeig\/mitjans\/mitjans-curs-20-21\/lagus-i-els-monstres-de-ben-a-prop\/attachment\/img20210621095547_01\/'><img loading=\"lazy\" decoding=\"async\" width=\"720\" height=\"540\" src=\"https:\/\/agora.xtec.cat\/ceip-llebeig\/wp-content\/uploads\/usu2136\/2021\/06\/IMG20210621095547_01.jpg\" class=\"attachment-large size-large\" alt=\"\" srcset=\"https:\/\/agora.xtec.cat\/ceip-llebeig\/wp-content\/uploads\/usu2136\/2021\/06\/IMG20210621095547_01.jpg 720w, https:\/\/agora.xtec.cat\/ceip-llebeig\/wp-content\/uploads\/usu2136\/2021\/06\/IMG20210621095547_01-300x225.jpg 300w, https:\/\/agora.xtec.cat\/ceip-llebeig\/wp-content\/uploads\/usu2136\/2021\/06\/IMG20210621095547_01-200x150.jpg 200w\" sizes=\"auto, (max-width: 720px) 100vw, 720px\" \/><\/a>\n\t\t\t<\/div><\/figure><figure class='gallery-item'>\n\t\t\t<div class='gallery-icon landscape'>\n\t\t\t\t<a href='https:\/\/agora.xtec.cat\/ceip-llebeig\/mitjans\/mitjans-curs-20-21\/lagus-i-els-monstres-de-ben-a-prop\/attachment\/1624277172462_01\/'><img loading=\"lazy\" decoding=\"async\" width=\"698\" height=\"640\" src=\"https:\/\/agora.xtec.cat\/ceip-llebeig\/wp-content\/uploads\/usu2136\/2021\/06\/1624277172462_01.jpg\" class=\"attachment-large size-large\" alt=\"\" srcset=\"https:\/\/agora.xtec.cat\/ceip-llebeig\/wp-content\/uploads\/usu2136\/2021\/06\/1624277172462_01.jpg 698w, https:\/\/agora.xtec.cat\/ceip-llebeig\/wp-content\/uploads\/usu2136\/2021\/06\/1624277172462_01-300x275.jpg 300w\" sizes=\"auto, (max-width: 698px) 100vw, 698px\" \/><\/a>\n\t\t\t<\/div><\/figure><figure class='gallery-item'>\n\t\t\t<div class='gallery-icon landscape'>\n\t\t\t\t<a href='https:\/\/agora.xtec.cat\/ceip-llebeig\/mitjans\/mitjans-curs-20-21\/lagus-i-els-monstres-de-ben-a-prop\/attachment\/img20210621104622_01\/'><img loading=\"lazy\" decoding=\"async\" width=\"679\" height=\"640\" src=\"https:\/\/agora.xtec.cat\/ceip-llebeig\/wp-content\/uploads\/usu2136\/2021\/06\/IMG20210621104622_01.jpg\" class=\"attachment-large size-large\" alt=\"\" srcset=\"https:\/\/agora.xtec.cat\/ceip-llebeig\/wp-content\/uploads\/usu2136\/2021\/06\/IMG20210621104622_01.jpg 679w, https:\/\/agora.xtec.cat\/ceip-llebeig\/wp-content\/uploads\/usu2136\/2021\/06\/IMG20210621104622_01-300x283.jpg 300w\" sizes=\"auto, (max-width: 679px) 100vw, 679px\" \/><\/a>\n\t\t\t<\/div><\/figure><figure class='gallery-item'>\n\t\t\t<div class='gallery-icon landscape'>\n\t\t\t\t<a href='https:\/\/agora.xtec.cat\/ceip-llebeig\/mitjans\/mitjans-curs-20-21\/lagus-i-els-monstres-de-ben-a-prop\/attachment\/img20210621095116_01\/'><img loading=\"lazy\" decoding=\"async\" width=\"720\" height=\"540\" src=\"https:\/\/agora.xtec.cat\/ceip-llebeig\/wp-content\/uploads\/usu2136\/2021\/06\/IMG20210621095116_01.jpg\" class=\"attachment-large size-large\" alt=\"\" srcset=\"https:\/\/agora.xtec.cat\/ceip-llebeig\/wp-content\/uploads\/usu2136\/2021\/06\/IMG20210621095116_01.jpg 720w, https:\/\/agora.xtec.cat\/ceip-llebeig\/wp-content\/uploads\/usu2136\/2021\/06\/IMG20210621095116_01-300x225.jpg 300w, https:\/\/agora.xtec.cat\/ceip-llebeig\/wp-content\/uploads\/usu2136\/2021\/06\/IMG20210621095116_01-200x150.jpg 200w\" sizes=\"auto, (max-width: 720px) 100vw, 720px\" \/><\/a>\n\t\t\t<\/div><\/figure><figure class='gallery-item'>\n\t\t\t<div class='gallery-icon landscape'>\n\t\t\t\t<a href='https:\/\/agora.xtec.cat\/ceip-llebeig\/mitjans\/mitjans-curs-20-21\/lagus-i-els-monstres-de-ben-a-prop\/attachment\/img20210621104838_01\/'><img loading=\"lazy\" decoding=\"async\" width=\"720\" height=\"540\" src=\"https:\/\/agora.xtec.cat\/ceip-llebeig\/wp-content\/uploads\/usu2136\/2021\/06\/IMG20210621104838_01.jpg\" class=\"attachment-large size-large\" alt=\"\" srcset=\"https:\/\/agora.xtec.cat\/ceip-llebeig\/wp-content\/uploads\/usu2136\/2021\/06\/IMG20210621104838_01.jpg 720w, https:\/\/agora.xtec.cat\/ceip-llebeig\/wp-content\/uploads\/usu2136\/2021\/06\/IMG20210621104838_01-300x225.jpg 300w, https:\/\/agora.xtec.cat\/ceip-llebeig\/wp-content\/uploads\/usu2136\/2021\/06\/IMG20210621104838_01-200x150.jpg 200w\" sizes=\"auto, (max-width: 720px) 100vw, 720px\" \/><\/a>\n\t\t\t<\/div><\/figure><figure class='gallery-item'>\n\t\t\t<div class='gallery-icon landscape'>\n\t\t\t\t<a href='https:\/\/agora.xtec.cat\/ceip-llebeig\/mitjans\/mitjans-curs-20-21\/lagus-i-els-monstres-de-ben-a-prop\/attachment\/img20210621104357_01\/'><img loading=\"lazy\" decoding=\"async\" width=\"720\" height=\"540\" src=\"https:\/\/agora.xtec.cat\/ceip-llebeig\/wp-content\/uploads\/usu2136\/2021\/06\/IMG20210621104357_01.jpg\" class=\"attachment-large size-large\" alt=\"\" srcset=\"https:\/\/agora.xtec.cat\/ceip-llebeig\/wp-content\/uploads\/usu2136\/2021\/06\/IMG20210621104357_01.jpg 720w, https:\/\/agora.xtec.cat\/ceip-llebeig\/wp-content\/uploads\/usu2136\/2021\/06\/IMG20210621104357_01-300x225.jpg 300w, https:\/\/agora.xtec.cat\/ceip-llebeig\/wp-content\/uploads\/usu2136\/2021\/06\/IMG20210621104357_01-200x150.jpg 200w\" sizes=\"auto, (max-width: 720px) 100vw, 720px\" \/><\/a>\n\t\t\t<\/div><\/figure><figure class='gallery-item'>\n\t\t\t<div class='gallery-icon landscape'>\n\t\t\t\t<a href='https:\/\/agora.xtec.cat\/ceip-llebeig\/mitjans\/mitjans-curs-20-21\/lagus-i-els-monstres-de-ben-a-prop\/attachment\/img20210621105158_01\/'><img loading=\"lazy\" decoding=\"async\" width=\"720\" height=\"540\" src=\"https:\/\/agora.xtec.cat\/ceip-llebeig\/wp-content\/uploads\/usu2136\/2021\/06\/IMG20210621105158_01.jpg\" class=\"attachment-large size-large\" alt=\"\" srcset=\"https:\/\/agora.xtec.cat\/ceip-llebeig\/wp-content\/uploads\/usu2136\/2021\/06\/IMG20210621105158_01.jpg 720w, https:\/\/agora.xtec.cat\/ceip-llebeig\/wp-content\/uploads\/usu2136\/2021\/06\/IMG20210621105158_01-300x225.jpg 300w, https:\/\/agora.xtec.cat\/ceip-llebeig\/wp-content\/uploads\/usu2136\/2021\/06\/IMG20210621105158_01-200x150.jpg 200w\" sizes=\"auto, (max-width: 720px) 100vw, 720px\" \/><\/a>\n\t\t\t<\/div><\/figure><figure class='gallery-item'>\n\t\t\t<div class='gallery-icon landscape'>\n\t\t\t\t<a href='https:\/\/agora.xtec.cat\/ceip-llebeig\/mitjans\/mitjans-curs-20-21\/lagus-i-els-monstres-de-ben-a-prop\/attachment\/img20210621105510_01\/'><img loading=\"lazy\" decoding=\"async\" width=\"720\" height=\"540\" src=\"https:\/\/agora.xtec.cat\/ceip-llebeig\/wp-content\/uploads\/usu2136\/2021\/06\/IMG20210621105510_01.jpg\" class=\"attachment-large size-large\" alt=\"\" srcset=\"https:\/\/agora.xtec.cat\/ceip-llebeig\/wp-content\/uploads\/usu2136\/2021\/06\/IMG20210621105510_01.jpg 720w, https:\/\/agora.xtec.cat\/ceip-llebeig\/wp-content\/uploads\/usu2136\/2021\/06\/IMG20210621105510_01-300x225.jpg 300w, https:\/\/agora.xtec.cat\/ceip-llebeig\/wp-content\/uploads\/usu2136\/2021\/06\/IMG20210621105510_01-200x150.jpg 200w\" sizes=\"auto, (max-width: 720px) 100vw, 720px\" \/><\/a>\n\t\t\t<\/div><\/figure><figure class='gallery-item'>\n\t\t\t<div class='gallery-icon landscape'>\n\t\t\t\t<a href='https:\/\/agora.xtec.cat\/ceip-llebeig\/mitjans\/mitjans-curs-20-21\/lagus-i-els-monstres-de-ben-a-prop\/attachment\/img20210621105908_01\/'><img loading=\"lazy\" decoding=\"async\" width=\"720\" height=\"540\" src=\"https:\/\/agora.xtec.cat\/ceip-llebeig\/wp-content\/uploads\/usu2136\/2021\/06\/IMG20210621105908_01.jpg\" class=\"attachment-large size-large\" alt=\"\" srcset=\"https:\/\/agora.xtec.cat\/ceip-llebeig\/wp-content\/uploads\/usu2136\/2021\/06\/IMG20210621105908_01.jpg 720w, https:\/\/agora.xtec.cat\/ceip-llebeig\/wp-content\/uploads\/usu2136\/2021\/06\/IMG20210621105908_01-300x225.jpg 300w, https:\/\/agora.xtec.cat\/ceip-llebeig\/wp-content\/uploads\/usu2136\/2021\/06\/IMG20210621105908_01-200x150.jpg 200w\" sizes=\"auto, (max-width: 720px) 100vw, 720px\" \/><\/a>\n\t\t\t<\/div><\/figure>\n\t\t<\/div>\n\n<p><a href=\"https:\/\/agora.xtec.cat\/ceip-llebeig\/wp-content\/uploads\/usu2136\/2021\/06\/1624277172397_01.jpg\"><img loading=\"lazy\" decoding=\"async\" class=\"aligncenter size-full wp-image-1474\" src=\"https:\/\/agora.xtec.cat\/ceip-llebeig\/wp-content\/uploads\/usu2136\/2021\/06\/1624277172397_01.jpg\" alt=\"\" width=\"720\" height=\"540\" srcset=\"https:\/\/agora.xtec.cat\/ceip-llebeig\/wp-content\/uploads\/usu2136\/2021\/06\/1624277172397_01.jpg 720w, https:\/\/agora.xtec.cat\/ceip-llebeig\/wp-content\/uploads\/usu2136\/2021\/06\/1624277172397_01-300x225.jpg 300w, https:\/\/agora.xtec.cat\/ceip-llebeig\/wp-content\/uploads\/usu2136\/2021\/06\/1624277172397_01-200x150.jpg 200w\" sizes=\"auto, (max-width: 720px) 100vw, 720px\" \/><\/a><\/p>\n","protected":false},"excerpt":{"rendered":"<p>Per acabar el curs el Jaume Copons i la Liliana Fortuny, autor i il\u00b7lustradora dels llibres de l&#8217;Agus i els [&hellip;]<\/p>\n","protected":false},"author":4,"featured_media":1474,"comment_status":"open","ping_status":"closed","sticky":false,"template":"","format":"standard","meta":{"_bbp_topic_count":0,"_bbp_reply_count":0,"_bbp_total_topic_count":0,"_bbp_total_reply_count":0,"_bbp_voice_count":0,"_bbp_anonymous_reply_count":0,"_bbp_topic_count_hidden":0,"_bbp_reply_count_hidden":0,"_bbp_forum_subforum_count":0,"site-sidebar-layout":"default","site-content-layout":"","ast-site-content-layout":"","site-content-style":"default","site-sidebar-style":"default","ast-global-header-display":"","ast-banner-title-visibility":"","ast-main-header-display":"","ast-hfb-above-header-display":"","ast-hfb-below-header-display":"","ast-hfb-mobile-header-display":"","site-post-title":"","ast-breadcrumbs-content":"","ast-featured-img":"","footer-sml-layout":"","theme-transparent-header-meta":"","adv-header-id-meta":"","stick-header-meta":"","header-above-stick-meta":"","header-main-stick-meta":"","header-below-stick-meta":"","astra-migrate-meta-layouts":"default","ast-page-background-enabled":"default","ast-page-background-meta":{"desktop":{"background-color":"var(--ast-global-color-4)","background-image":"","background-repeat":"repeat","background-position":"center center","background-size":"auto","background-attachment":"scroll","background-type":"","background-media":"","overlay-type":"","overlay-color":"","overlay-opacity":"","overlay-gradient":""},"tablet":{"background-color":"","background-image":"","background-repeat":"repeat","background-position":"center center","background-size":"auto","background-attachment":"scroll","background-type":"","background-media":"","overlay-type":"","overlay-color":"","overlay-opacity":"","overlay-gradient":""},"mobile":{"background-color":"","background-image":"","background-repeat":"repeat","background-position":"center center","background-size":"auto","background-attachment":"scroll","background-type":"","background-media":"","overlay-type":"","overlay-color":"","overlay-opacity":"","overlay-gradient":""}},"ast-content-background-meta":{"desktop":{"background-color":"var(--ast-global-color-5)","background-image":"","background-repeat":"repeat","background-position":"center center","background-size":"auto","background-attachment":"scroll","background-type":"","background-media":"","overlay-type":"","overlay-color":"","overlay-opacity":"","overlay-gradient":""},"tablet":{"background-color":"var(--ast-global-color-5)","background-image":"","background-repeat":"repeat","background-position":"center center","background-size":"auto","background-attachment":"scroll","background-type":"","background-media":"","overlay-type":"","overlay-color":"","overlay-opacity":"","overlay-gradient":""},"mobile":{"background-color":"var(--ast-global-color-5)","background-image":"","background-repeat":"repeat","background-position":"center center","background-size":"auto","background-attachment":"scroll","background-type":"","background-media":"","overlay-type":"","overlay-color":"","overlay-opacity":"","overlay-gradient":""}},"footnotes":""},"categories":[123],"tags":[],"class_list":["post-1462","post","type-post","status-publish","format-standard","has-post-thumbnail","hentry","category-mitjans-curs-20-21"],"post_mailing_queue_ids":[],"_links":{"self":[{"href":"https:\/\/agora.xtec.cat\/ceip-llebeig\/wp-json\/wp\/v2\/posts\/1462","targetHints":{"allow":["GET"]}}],"collection":[{"href":"https:\/\/agora.xtec.cat\/ceip-llebeig\/wp-json\/wp\/v2\/posts"}],"about":[{"href":"https:\/\/agora.xtec.cat\/ceip-llebeig\/wp-json\/wp\/v2\/types\/post"}],"author":[{"embeddable":true,"href":"https:\/\/agora.xtec.cat\/ceip-llebeig\/wp-json\/wp\/v2\/users\/4"}],"replies":[{"embeddable":true,"href":"https:\/\/agora.xtec.cat\/ceip-llebeig\/wp-json\/wp\/v2\/comments?post=1462"}],"version-history":[{"count":3,"href":"https:\/\/agora.xtec.cat\/ceip-llebeig\/wp-json\/wp\/v2\/posts\/1462\/revisions"}],"predecessor-version":[{"id":1478,"href":"https:\/\/agora.xtec.cat\/ceip-llebeig\/wp-json\/wp\/v2\/posts\/1462\/revisions\/1478"}],"wp:featuredmedia":[{"embeddable":true,"href":"https:\/\/agora.xtec.cat\/ceip-llebeig\/wp-json\/wp\/v2\/media\/1474"}],"wp:attachment":[{"href":"https:\/\/agora.xtec.cat\/ceip-llebeig\/wp-json\/wp\/v2\/media?parent=1462"}],"wp:term":[{"taxonomy":"category","embeddable":true,"href":"https:\/\/agora.xtec.cat\/ceip-llebeig\/wp-json\/wp\/v2\/categories?post=1462"},{"taxonomy":"post_tag","embeddable":true,"href":"https:\/\/agora.xtec.cat\/ceip-llebeig\/wp-json\/wp\/v2\/tags?post=1462"}],"curies":[{"name":"wp","href":"https:\/\/api.w.org\/{rel}","templated":true}]}}