{"id":1042,"date":"2021-03-09T13:28:13","date_gmt":"2021-03-09T12:28:13","guid":{"rendered":"https:\/\/agora.xtec.cat\/ceip-llebeig\/?p=1042"},"modified":"2022-03-02T19:41:24","modified_gmt":"2022-03-02T18:41:24","slug":"cursa-dorientacio","status":"publish","type":"post","link":"https:\/\/agora.xtec.cat\/ceip-llebeig\/sortides-dentorn\/cursa-dorientacio\/","title":{"rendered":"CURSA D&#8217;ORIENTACI\u00d3"},"content":{"rendered":"<p><a href=\"https:\/\/agora.xtec.cat\/ceip-llebeig\/wp-content\/uploads\/usu2136\/2021\/03\/IMG-20210305-WA0079.jpg\"><img loading=\"lazy\" decoding=\"async\" class=\"wp-image-1062 aligncenter\" src=\"https:\/\/agora.xtec.cat\/ceip-llebeig\/wp-content\/uploads\/usu2136\/2021\/03\/IMG-20210305-WA0079-768x1024.jpg\" alt=\"\" width=\"402\" height=\"536\" \/><\/a><\/p>\n<p>El divendres 5 de mar\u00e7 els alumnes de la comunitat de grans (4t, 5\u00e8, 6\u00e8) de l\u2019escola Llebeig van fer una cursa d\u2019orientaci\u00f3 pel poble.<\/p>\n<p>Cada equip (format per 2 o 3 nens) disposava d\u2019un mapa on hi havia marcades les fites a trobar (un total de 25) i a partir d\u2019aquest havien de decidir quins carrers agafar per tal de trobar-les totes i descobrir la lletra que s\u2019amagava en cadascuna d\u2019elles.<\/p>\n<p>Les curses d\u2019orientaci\u00f3 estimulen el poder de concentraci\u00f3, la presa r\u00e0pida de decisions i la imaginaci\u00f3, ja que cal interpretar la informaci\u00f3 que ofereix el mapa i contrastar-la amb la realitat que veiem a l\u2019entorn, per saber on estem i cap on hem d\u2019anar. L\u2019orientaci\u00f3 \u00e9s un esport integral i complet en cos i ment.<\/p>\n<p>Uns dies abans de la cursa els alumnes havien rebut formaci\u00f3 sobre el funcionament de la cursa per tal de tenir clara, abans, tota la informaci\u00f3 del mapa (llegenda, iconografia, els punts cardinals&#8230;).<\/p>\n<p>Els alumnes van arribar el mat\u00ed del divendres amb moltes ganes de fer l\u2019activitat i cal dir que va ser una jornada fant\u00e0stica. Tots els equips van trobar les fites amagades i van tornar a l\u2019escola molt cansats per\u00f2 molt emocionats i amb moltes ganes de repetir l\u2019experi\u00e8ncia.<\/p>\n<p style=\"text-align: center;\"><\/p>\n<p>&nbsp;<\/p>\n","protected":false},"excerpt":{"rendered":"<p>El divendres 5 de mar\u00e7 els alumnes de la comunitat de grans (4t, 5\u00e8, 6\u00e8) de l\u2019escola Llebeig van fer [&hellip;]<\/p>\n","protected":false},"author":3,"featured_media":1062,"comment_status":"open","ping_status":"closed","sticky":false,"template":"","format":"standard","meta":{"_bbp_topic_count":0,"_bbp_reply_count":0,"_bbp_total_topic_count":0,"_bbp_total_reply_count":0,"_bbp_voice_count":0,"_bbp_anonymous_reply_count":0,"_bbp_topic_count_hidden":0,"_bbp_reply_count_hidden":0,"_bbp_forum_subforum_count":0,"site-sidebar-layout":"default","site-content-layout":"","ast-site-content-layout":"","site-content-style":"default","site-sidebar-style":"default","ast-global-header-display":"","ast-banner-title-visibility":"","ast-main-header-display":"","ast-hfb-above-header-display":"","ast-hfb-below-header-display":"","ast-hfb-mobile-header-display":"","site-post-title":"","ast-breadcrumbs-content":"","ast-featured-img":"","footer-sml-layout":"","theme-transparent-header-meta":"","adv-header-id-meta":"","stick-header-meta":"","header-above-stick-meta":"","header-main-stick-meta":"","header-below-stick-meta":"","astra-migrate-meta-layouts":"default","ast-page-background-enabled":"default","ast-page-background-meta":{"desktop":{"background-color":"var(--ast-global-color-4)","background-image":"","background-repeat":"repeat","background-position":"center center","background-size":"auto","background-attachment":"scroll","background-type":"","background-media":"","overlay-type":"","overlay-color":"","overlay-opacity":"","overlay-gradient":""},"tablet":{"background-color":"","background-image":"","background-repeat":"repeat","background-position":"center center","background-size":"auto","background-attachment":"scroll","background-type":"","background-media":"","overlay-type":"","overlay-color":"","overlay-opacity":"","overlay-gradient":""},"mobile":{"background-color":"","background-image":"","background-repeat":"repeat","background-position":"center center","background-size":"auto","background-attachment":"scroll","background-type":"","background-media":"","overlay-type":"","overlay-color":"","overlay-opacity":"","overlay-gradient":""}},"ast-content-background-meta":{"desktop":{"background-color":"var(--ast-global-color-5)","background-image":"","background-repeat":"repeat","background-position":"center center","background-size":"auto","background-attachment":"scroll","background-type":"","background-media":"","overlay-type":"","overlay-color":"","overlay-opacity":"","overlay-gradient":""},"tablet":{"background-color":"var(--ast-global-color-5)","background-image":"","background-repeat":"repeat","background-position":"center center","background-size":"auto","background-attachment":"scroll","background-type":"","background-media":"","overlay-type":"","overlay-color":"","overlay-opacity":"","overlay-gradient":""},"mobile":{"background-color":"var(--ast-global-color-5)","background-image":"","background-repeat":"repeat","background-position":"center center","background-size":"auto","background-attachment":"scroll","background-type":"","background-media":"","overlay-type":"","overlay-color":"","overlay-opacity":"","overlay-gradient":""}},"footnotes":""},"categories":[125,100],"tags":[65,16,96],"class_list":["post-1042","post","type-post","status-publish","format-standard","has-post-thumbnail","hentry","category-grans-curs-21-22","category-sortides-dentorn","tag-educacio-fisica","tag-sortides","tag-vilobi"],"post_mailing_queue_ids":[],"_links":{"self":[{"href":"https:\/\/agora.xtec.cat\/ceip-llebeig\/wp-json\/wp\/v2\/posts\/1042","targetHints":{"allow":["GET"]}}],"collection":[{"href":"https:\/\/agora.xtec.cat\/ceip-llebeig\/wp-json\/wp\/v2\/posts"}],"about":[{"href":"https:\/\/agora.xtec.cat\/ceip-llebeig\/wp-json\/wp\/v2\/types\/post"}],"author":[{"embeddable":true,"href":"https:\/\/agora.xtec.cat\/ceip-llebeig\/wp-json\/wp\/v2\/users\/3"}],"replies":[{"embeddable":true,"href":"https:\/\/agora.xtec.cat\/ceip-llebeig\/wp-json\/wp\/v2\/comments?post=1042"}],"version-history":[{"count":3,"href":"https:\/\/agora.xtec.cat\/ceip-llebeig\/wp-json\/wp\/v2\/posts\/1042\/revisions"}],"predecessor-version":[{"id":1067,"href":"https:\/\/agora.xtec.cat\/ceip-llebeig\/wp-json\/wp\/v2\/posts\/1042\/revisions\/1067"}],"wp:featuredmedia":[{"embeddable":true,"href":"https:\/\/agora.xtec.cat\/ceip-llebeig\/wp-json\/wp\/v2\/media\/1062"}],"wp:attachment":[{"href":"https:\/\/agora.xtec.cat\/ceip-llebeig\/wp-json\/wp\/v2\/media?parent=1042"}],"wp:term":[{"taxonomy":"category","embeddable":true,"href":"https:\/\/agora.xtec.cat\/ceip-llebeig\/wp-json\/wp\/v2\/categories?post=1042"},{"taxonomy":"post_tag","embeddable":true,"href":"https:\/\/agora.xtec.cat\/ceip-llebeig\/wp-json\/wp\/v2\/tags?post=1042"}],"curies":[{"name":"wp","href":"https:\/\/api.w.org\/{rel}","templated":true}]}}