{"id":3621,"date":"2018-04-07T08:27:10","date_gmt":"2018-04-07T06:27:10","guid":{"rendered":"http:\/\/agora.xtec.cat\/ceip-lesroquesblaves\/?p=3621"},"modified":"2019-01-08T13:59:17","modified_gmt":"2019-01-08T12:59:17","slug":"coneixem-la-flora-de-lentorn-natural-de-les-roques-blaves","status":"publish","type":"post","link":"https:\/\/agora.xtec.cat\/ceip-lesroquesblaves\/general\/coneixem-la-flora-de-lentorn-natural-de-les-roques-blaves\/","title":{"rendered":"CONEIXEM LA FLORA DE L&#8217;ENTORN NATURAL DE LES ROQUES BLAVES"},"content":{"rendered":"<p><strong>El dia 9 de mar\u00e7, els nens i les nenes de 3r van fer una llarga caminada fins m\u00e9s enll\u00e0 de l&#8217;esplanada de Can Roca per observar la flora de l&#8217;entorn de les Roques Blaves i, aix\u00ed, con\u00e8ixer un altre aspecte important d&#8217;aquest espai natural que l&#8217;escola t\u00e9 apadrinat gr\u00e0cies al Projecte &#8220;Apadrinem el nostre patrimoni&#8221;.<\/strong><\/p>\n<p><strong>Amb el suport de la t\u00e8cnica de medi ambient de l&#8217;Ajuntament d&#8217;Esparreguera que guiava la sortida, en petits grups, els alumnes van haver d&#8217;observar i analitzar diferents plantes: com eren les fulles, la tija, quina al\u00e7ada tenien les plantes, etc. i d&#8217;aquesta manera poder identificar-les amb l&#8217;ajuda d&#8217;un dossier de fotografies. A m\u00e9s a m\u00e9s, els nens i les nenes van voler col\u00b7laborar per tenir cura del medi ambient fent recollida de deixalles que es trobaven pel cam\u00ed, van omplir m\u00e9s de cinc bosses de brossa!<\/strong><\/p>\n<p><strong>Va ser una experi\u00e8ncia molt positiva ja que, a part de gaudir de la natura i tenir les seves estones lliures per jugar, van poder posar a la pr\u00e0ctica els coneixements sobre plantes i sobre els ecosistemes que havien treballat a la UDI &#8220;La Tierra est\u00e1 enferma&#8221;.<\/strong><\/p>\n<p>Les tutores de 3r amb la col\u00b7laboraci\u00f3 d&#8217;en Kai-Xin Li i en Marc Nu\u00f1ez<\/p>\n<p><iframe loading=\"lazy\" src=\"https:\/\/www.youtube.com\/embed\/I3_ZaiOIo_I\" width=\"560\" height=\"315\" frameborder=\"0\" allowfullscreen=\"allowfullscreen\"><\/iframe><\/p>\n","protected":false},"excerpt":{"rendered":"<p>El dia 9 de mar\u00e7, els nens i les nenes de 3r van fer una llarga caminada fins m\u00e9s enll\u00e0 de l&#8217;esplanada de Can Roca per observar la flora de l&#8217;entorn de les Roques Blaves i, aix\u00ed, con\u00e8ixer un altre aspecte important d&#8217;aquest espai natural&hellip;  <a href=\"https:\/\/agora.xtec.cat\/ceip-lesroquesblaves\/general\/coneixem-la-flora-de-lentorn-natural-de-les-roques-blaves\/\" title=\"Read CONEIXEM LA FLORA DE L&#8217;ENTORN NATURAL DE LES ROQUES BLAVES\">Llegeix m\u00e9s\u00bb<\/a><\/p>\n","protected":false},"author":1,"featured_media":3643,"comment_status":"open","ping_status":"closed","sticky":false,"template":"","format":"standard","meta":{"footnotes":""},"categories":[1,223],"tags":[],"class_list":["post-3621","post","type-post","status-publish","format-standard","has-post-thumbnail","hentry","category-general","category-flora"],"post_mailing_queue_ids":[],"_links":{"self":[{"href":"https:\/\/agora.xtec.cat\/ceip-lesroquesblaves\/wp-json\/wp\/v2\/posts\/3621","targetHints":{"allow":["GET"]}}],"collection":[{"href":"https:\/\/agora.xtec.cat\/ceip-lesroquesblaves\/wp-json\/wp\/v2\/posts"}],"about":[{"href":"https:\/\/agora.xtec.cat\/ceip-lesroquesblaves\/wp-json\/wp\/v2\/types\/post"}],"author":[{"embeddable":true,"href":"https:\/\/agora.xtec.cat\/ceip-lesroquesblaves\/wp-json\/wp\/v2\/users\/1"}],"replies":[{"embeddable":true,"href":"https:\/\/agora.xtec.cat\/ceip-lesroquesblaves\/wp-json\/wp\/v2\/comments?post=3621"}],"version-history":[{"count":2,"href":"https:\/\/agora.xtec.cat\/ceip-lesroquesblaves\/wp-json\/wp\/v2\/posts\/3621\/revisions"}],"predecessor-version":[{"id":3644,"href":"https:\/\/agora.xtec.cat\/ceip-lesroquesblaves\/wp-json\/wp\/v2\/posts\/3621\/revisions\/3644"}],"wp:featuredmedia":[{"embeddable":true,"href":"https:\/\/agora.xtec.cat\/ceip-lesroquesblaves\/wp-json\/wp\/v2\/media\/3643"}],"wp:attachment":[{"href":"https:\/\/agora.xtec.cat\/ceip-lesroquesblaves\/wp-json\/wp\/v2\/media?parent=3621"}],"wp:term":[{"taxonomy":"category","embeddable":true,"href":"https:\/\/agora.xtec.cat\/ceip-lesroquesblaves\/wp-json\/wp\/v2\/categories?post=3621"},{"taxonomy":"post_tag","embeddable":true,"href":"https:\/\/agora.xtec.cat\/ceip-lesroquesblaves\/wp-json\/wp\/v2\/tags?post=3621"}],"curies":[{"name":"wp","href":"https:\/\/api.w.org\/{rel}","templated":true}]}}