{"id":33807,"date":"2026-04-30T13:29:53","date_gmt":"2026-04-30T11:29:53","guid":{"rendered":"https:\/\/agora.xtec.cat\/ceip-lesroquesblaves\/?p=33807"},"modified":"2026-04-30T13:29:53","modified_gmt":"2026-04-30T11:29:53","slug":"sortida-a-les-roques-blaves-observem-i-aprenem","status":"publish","type":"post","link":"https:\/\/agora.xtec.cat\/ceip-lesroquesblaves\/general\/sortida-a-les-roques-blaves-observem-i-aprenem\/","title":{"rendered":"SORTIDA A LES ROQUES BLAVES: OBSERVEM I APRENEM"},"content":{"rendered":"<p class=\"isSelectedEnd\">La setmana passada vam fer una sortida molt especial a l\u2019espai natural de Les Roques Blaves, una experi\u00e8ncia que ens ha servit per iniciar el nou projecte de classe sobre els animals que viuen en aquest entorn.<\/p>\n<p class=\"isSelectedEnd\">Durant la visita, vam convertir-nos en petits exploradors i exploradores. Vam caminar pels camins observant amb molta atenci\u00f3 tot all\u00f2 que ens envoltava: vam buscar rastres i petjades d\u2019animals, vam escoltar amb silenci els diferents cants dels ocells i vam descobrir com \u00e9s la vegetaci\u00f3 i el tipus de terreny d\u2019aquest espai natural tan proper a nosaltres.<\/p>\n<p class=\"isSelectedEnd\">A m\u00e9s, vam aprofitar la sortida per fixar-nos en alguns murs de pedra seca que vam trobar pel cam\u00ed. Aquesta observaci\u00f3 ens ha ajudat a relacionar el que hem vist amb el projecte que estem treballant sobre els diferents tipus d\u2019habitatge, entenent com les persones han constru\u00eft i adaptat els espais al llarg del temps.<\/p>\n<p class=\"isSelectedEnd\">Ara, a l\u2019aula, continuarem investigant per con\u00e8ixer millor els mam\u00edfers i els ocells de Les Roques Blaves. Cada grup far\u00e0 recerca per elaborar fitxes t\u00e8cniques amb informaci\u00f3 sobre com s\u00f3n aquests animals, qu\u00e8 mengen, on viuen i quines s\u00f3n les seves caracter\u00edstiques principals.<\/p>\n<p class=\"isSelectedEnd\">Aquesta sortida i totes les activitats que en deriven formen part del Projecte de Centre &#8220;Apadrinem Les Roques Blaves&#8221;, emmarcat dins del programa &#8220;Apadrinem el nostre patrimoni&#8221; del Departament d\u2019Educaci\u00f3. Amb aquest projecte, volem con\u00e8ixer millor el nostre entorn i aprendre a estimar-lo i cuidar-lo.<\/p>\n<p>Aqu\u00ed us deixem una petita mostra d\u2019aquesta sortida tan enriquidora, plena de descobertes, curiositat i ganes d\u2019aprendre!<\/p>\n\n\t\t<style type=\"text\/css\">\n\t\t\t#gallery-1 {\n\t\t\t\tmargin: auto;\n\t\t\t}\n\t\t\t#gallery-1 .gallery-item {\n\t\t\t\tfloat: left;\n\t\t\t\tmargin-top: 10px;\n\t\t\t\ttext-align: center;\n\t\t\t\twidth: 33%;\n\t\t\t}\n\t\t\t#gallery-1 img {\n\t\t\t\tborder: 2px solid #cfcfcf;\n\t\t\t}\n\t\t\t#gallery-1 .gallery-caption {\n\t\t\t\tmargin-left: 0;\n\t\t\t}\n\t\t\t\/* see gallery_shortcode() in wp-includes\/media.php *\/\n\t\t<\/style>\n\t\t<div id='gallery-1' class='gallery galleryid-33807 gallery-columns-3 gallery-size-medium'><dl class='gallery-item'>\n\t\t\t<dt class='gallery-icon landscape'>\n\t\t\t\t<a href='https:\/\/agora.xtec.cat\/ceip-lesroquesblaves\/general\/sortida-a-les-roques-blaves-observem-i-aprenem\/attachment\/captura-de-pantalla-2026-04-30-125013\/'><img loading=\"lazy\" decoding=\"async\" width=\"300\" height=\"168\" src=\"https:\/\/agora.xtec.cat\/ceip-lesroquesblaves\/wp-content\/uploads\/usu36\/2026\/04\/Captura-de-pantalla-2026-04-30-125013-300x168.jpg\" class=\"attachment-medium size-medium\" alt=\"\" srcset=\"https:\/\/agora.xtec.cat\/ceip-lesroquesblaves\/wp-content\/uploads\/usu36\/2026\/04\/Captura-de-pantalla-2026-04-30-125013-300x168.jpg 300w, https:\/\/agora.xtec.cat\/ceip-lesroquesblaves\/wp-content\/uploads\/usu36\/2026\/04\/Captura-de-pantalla-2026-04-30-125013-1024x575.jpg 1024w, https:\/\/agora.xtec.cat\/ceip-lesroquesblaves\/wp-content\/uploads\/usu36\/2026\/04\/Captura-de-pantalla-2026-04-30-125013-768x431.jpg 768w, https:\/\/agora.xtec.cat\/ceip-lesroquesblaves\/wp-content\/uploads\/usu36\/2026\/04\/Captura-de-pantalla-2026-04-30-125013.jpg 1509w\" sizes=\"auto, (max-width: 300px) 100vw, 300px\" \/><\/a>\n\t\t\t<\/dt><\/dl><dl class='gallery-item'>\n\t\t\t<dt class='gallery-icon landscape'>\n\t\t\t\t<a href='https:\/\/agora.xtec.cat\/ceip-lesroquesblaves\/general\/sortida-a-les-roques-blaves-observem-i-aprenem\/attachment\/captura-de-pantalla-2026-04-30-125125\/'><img loading=\"lazy\" decoding=\"async\" width=\"300\" height=\"168\" src=\"https:\/\/agora.xtec.cat\/ceip-lesroquesblaves\/wp-content\/uploads\/usu36\/2026\/04\/Captura-de-pantalla-2026-04-30-125125-300x168.jpg\" class=\"attachment-medium size-medium\" alt=\"\" srcset=\"https:\/\/agora.xtec.cat\/ceip-lesroquesblaves\/wp-content\/uploads\/usu36\/2026\/04\/Captura-de-pantalla-2026-04-30-125125-300x168.jpg 300w, https:\/\/agora.xtec.cat\/ceip-lesroquesblaves\/wp-content\/uploads\/usu36\/2026\/04\/Captura-de-pantalla-2026-04-30-125125-1024x572.jpg 1024w, https:\/\/agora.xtec.cat\/ceip-lesroquesblaves\/wp-content\/uploads\/usu36\/2026\/04\/Captura-de-pantalla-2026-04-30-125125-768x429.jpg 768w, https:\/\/agora.xtec.cat\/ceip-lesroquesblaves\/wp-content\/uploads\/usu36\/2026\/04\/Captura-de-pantalla-2026-04-30-125125.jpg 1522w\" sizes=\"auto, (max-width: 300px) 100vw, 300px\" \/><\/a>\n\t\t\t<\/dt><\/dl><dl class='gallery-item'>\n\t\t\t<dt class='gallery-icon landscape'>\n\t\t\t\t<a href='https:\/\/agora.xtec.cat\/ceip-lesroquesblaves\/general\/sortida-a-les-roques-blaves-observem-i-aprenem\/attachment\/captura-de-pantalla-2026-04-30-125141\/'><img loading=\"lazy\" decoding=\"async\" width=\"300\" height=\"173\" src=\"https:\/\/agora.xtec.cat\/ceip-lesroquesblaves\/wp-content\/uploads\/usu36\/2026\/04\/Captura-de-pantalla-2026-04-30-125141-300x173.jpg\" class=\"attachment-medium size-medium\" alt=\"\" srcset=\"https:\/\/agora.xtec.cat\/ceip-lesroquesblaves\/wp-content\/uploads\/usu36\/2026\/04\/Captura-de-pantalla-2026-04-30-125141-300x173.jpg 300w, https:\/\/agora.xtec.cat\/ceip-lesroquesblaves\/wp-content\/uploads\/usu36\/2026\/04\/Captura-de-pantalla-2026-04-30-125141-1024x591.jpg 1024w, https:\/\/agora.xtec.cat\/ceip-lesroquesblaves\/wp-content\/uploads\/usu36\/2026\/04\/Captura-de-pantalla-2026-04-30-125141-768x444.jpg 768w, https:\/\/agora.xtec.cat\/ceip-lesroquesblaves\/wp-content\/uploads\/usu36\/2026\/04\/Captura-de-pantalla-2026-04-30-125141.jpg 1470w\" sizes=\"auto, (max-width: 300px) 100vw, 300px\" \/><\/a>\n\t\t\t<\/dt><\/dl><br style=\"clear: both\" \/><dl class='gallery-item'>\n\t\t\t<dt class='gallery-icon landscape'>\n\t\t\t\t<a href='https:\/\/agora.xtec.cat\/ceip-lesroquesblaves\/general\/sortida-a-les-roques-blaves-observem-i-aprenem\/attachment\/captura-de-pantalla-2026-04-30-125210\/'><img loading=\"lazy\" decoding=\"async\" width=\"300\" height=\"166\" src=\"https:\/\/agora.xtec.cat\/ceip-lesroquesblaves\/wp-content\/uploads\/usu36\/2026\/04\/Captura-de-pantalla-2026-04-30-125210-300x166.jpg\" class=\"attachment-medium size-medium\" alt=\"\" srcset=\"https:\/\/agora.xtec.cat\/ceip-lesroquesblaves\/wp-content\/uploads\/usu36\/2026\/04\/Captura-de-pantalla-2026-04-30-125210-300x166.jpg 300w, https:\/\/agora.xtec.cat\/ceip-lesroquesblaves\/wp-content\/uploads\/usu36\/2026\/04\/Captura-de-pantalla-2026-04-30-125210-1024x568.jpg 1024w, https:\/\/agora.xtec.cat\/ceip-lesroquesblaves\/wp-content\/uploads\/usu36\/2026\/04\/Captura-de-pantalla-2026-04-30-125210-768x426.jpg 768w, https:\/\/agora.xtec.cat\/ceip-lesroquesblaves\/wp-content\/uploads\/usu36\/2026\/04\/Captura-de-pantalla-2026-04-30-125210.jpg 1512w\" sizes=\"auto, (max-width: 300px) 100vw, 300px\" \/><\/a>\n\t\t\t<\/dt><\/dl><dl class='gallery-item'>\n\t\t\t<dt class='gallery-icon landscape'>\n\t\t\t\t<a href='https:\/\/agora.xtec.cat\/ceip-lesroquesblaves\/general\/sortida-a-les-roques-blaves-observem-i-aprenem\/attachment\/captura-de-pantalla-2026-04-30-125157\/'><img loading=\"lazy\" decoding=\"async\" width=\"300\" height=\"169\" src=\"https:\/\/agora.xtec.cat\/ceip-lesroquesblaves\/wp-content\/uploads\/usu36\/2026\/04\/Captura-de-pantalla-2026-04-30-125157-300x169.jpg\" class=\"attachment-medium size-medium\" alt=\"\" srcset=\"https:\/\/agora.xtec.cat\/ceip-lesroquesblaves\/wp-content\/uploads\/usu36\/2026\/04\/Captura-de-pantalla-2026-04-30-125157-300x169.jpg 300w, https:\/\/agora.xtec.cat\/ceip-lesroquesblaves\/wp-content\/uploads\/usu36\/2026\/04\/Captura-de-pantalla-2026-04-30-125157-1024x578.jpg 1024w, https:\/\/agora.xtec.cat\/ceip-lesroquesblaves\/wp-content\/uploads\/usu36\/2026\/04\/Captura-de-pantalla-2026-04-30-125157-768x433.jpg 768w, https:\/\/agora.xtec.cat\/ceip-lesroquesblaves\/wp-content\/uploads\/usu36\/2026\/04\/Captura-de-pantalla-2026-04-30-125157.jpg 1501w\" sizes=\"auto, (max-width: 300px) 100vw, 300px\" \/><\/a>\n\t\t\t<\/dt><\/dl><dl class='gallery-item'>\n\t\t\t<dt class='gallery-icon landscape'>\n\t\t\t\t<a href='https:\/\/agora.xtec.cat\/ceip-lesroquesblaves\/general\/sortida-a-les-roques-blaves-observem-i-aprenem\/attachment\/captura-de-pantalla-2026-04-30-125224\/'><img loading=\"lazy\" decoding=\"async\" width=\"300\" height=\"166\" src=\"https:\/\/agora.xtec.cat\/ceip-lesroquesblaves\/wp-content\/uploads\/usu36\/2026\/04\/Captura-de-pantalla-2026-04-30-125224-300x166.jpg\" class=\"attachment-medium size-medium\" alt=\"\" srcset=\"https:\/\/agora.xtec.cat\/ceip-lesroquesblaves\/wp-content\/uploads\/usu36\/2026\/04\/Captura-de-pantalla-2026-04-30-125224-300x166.jpg 300w, https:\/\/agora.xtec.cat\/ceip-lesroquesblaves\/wp-content\/uploads\/usu36\/2026\/04\/Captura-de-pantalla-2026-04-30-125224-1024x567.jpg 1024w, https:\/\/agora.xtec.cat\/ceip-lesroquesblaves\/wp-content\/uploads\/usu36\/2026\/04\/Captura-de-pantalla-2026-04-30-125224-768x425.jpg 768w, https:\/\/agora.xtec.cat\/ceip-lesroquesblaves\/wp-content\/uploads\/usu36\/2026\/04\/Captura-de-pantalla-2026-04-30-125224.jpg 1513w\" sizes=\"auto, (max-width: 300px) 100vw, 300px\" \/><\/a>\n\t\t\t<\/dt><\/dl><br style=\"clear: both\" \/><dl class='gallery-item'>\n\t\t\t<dt class='gallery-icon landscape'>\n\t\t\t\t<a href='https:\/\/agora.xtec.cat\/ceip-lesroquesblaves\/general\/sortida-a-les-roques-blaves-observem-i-aprenem\/attachment\/captura-de-pantalla-2026-04-30-125237\/'><img loading=\"lazy\" decoding=\"async\" width=\"300\" height=\"170\" src=\"https:\/\/agora.xtec.cat\/ceip-lesroquesblaves\/wp-content\/uploads\/usu36\/2026\/04\/Captura-de-pantalla-2026-04-30-125237-300x170.jpg\" class=\"attachment-medium size-medium\" alt=\"\" srcset=\"https:\/\/agora.xtec.cat\/ceip-lesroquesblaves\/wp-content\/uploads\/usu36\/2026\/04\/Captura-de-pantalla-2026-04-30-125237-300x170.jpg 300w, https:\/\/agora.xtec.cat\/ceip-lesroquesblaves\/wp-content\/uploads\/usu36\/2026\/04\/Captura-de-pantalla-2026-04-30-125237-1024x580.jpg 1024w, https:\/\/agora.xtec.cat\/ceip-lesroquesblaves\/wp-content\/uploads\/usu36\/2026\/04\/Captura-de-pantalla-2026-04-30-125237-768x435.jpg 768w, https:\/\/agora.xtec.cat\/ceip-lesroquesblaves\/wp-content\/uploads\/usu36\/2026\/04\/Captura-de-pantalla-2026-04-30-125237.jpg 1519w\" sizes=\"auto, (max-width: 300px) 100vw, 300px\" \/><\/a>\n\t\t\t<\/dt><\/dl><dl class='gallery-item'>\n\t\t\t<dt class='gallery-icon landscape'>\n\t\t\t\t<a href='https:\/\/agora.xtec.cat\/ceip-lesroquesblaves\/general\/sortida-a-les-roques-blaves-observem-i-aprenem\/attachment\/captura-de-pantalla-2026-04-30-125334\/'><img loading=\"lazy\" decoding=\"async\" width=\"300\" height=\"167\" src=\"https:\/\/agora.xtec.cat\/ceip-lesroquesblaves\/wp-content\/uploads\/usu36\/2026\/04\/Captura-de-pantalla-2026-04-30-125334-300x167.jpg\" class=\"attachment-medium size-medium\" alt=\"\" srcset=\"https:\/\/agora.xtec.cat\/ceip-lesroquesblaves\/wp-content\/uploads\/usu36\/2026\/04\/Captura-de-pantalla-2026-04-30-125334-300x167.jpg 300w, https:\/\/agora.xtec.cat\/ceip-lesroquesblaves\/wp-content\/uploads\/usu36\/2026\/04\/Captura-de-pantalla-2026-04-30-125334-1024x569.jpg 1024w, https:\/\/agora.xtec.cat\/ceip-lesroquesblaves\/wp-content\/uploads\/usu36\/2026\/04\/Captura-de-pantalla-2026-04-30-125334-768x427.jpg 768w, https:\/\/agora.xtec.cat\/ceip-lesroquesblaves\/wp-content\/uploads\/usu36\/2026\/04\/Captura-de-pantalla-2026-04-30-125334.jpg 1528w\" sizes=\"auto, (max-width: 300px) 100vw, 300px\" \/><\/a>\n\t\t\t<\/dt><\/dl><dl class='gallery-item'>\n\t\t\t<dt class='gallery-icon landscape'>\n\t\t\t\t<a href='https:\/\/agora.xtec.cat\/ceip-lesroquesblaves\/general\/sortida-a-les-roques-blaves-observem-i-aprenem\/attachment\/captura-de-pantalla-2026-04-30-125351\/'><img loading=\"lazy\" decoding=\"async\" width=\"300\" height=\"168\" src=\"https:\/\/agora.xtec.cat\/ceip-lesroquesblaves\/wp-content\/uploads\/usu36\/2026\/04\/Captura-de-pantalla-2026-04-30-125351-300x168.jpg\" class=\"attachment-medium size-medium\" alt=\"\" srcset=\"https:\/\/agora.xtec.cat\/ceip-lesroquesblaves\/wp-content\/uploads\/usu36\/2026\/04\/Captura-de-pantalla-2026-04-30-125351-300x168.jpg 300w, https:\/\/agora.xtec.cat\/ceip-lesroquesblaves\/wp-content\/uploads\/usu36\/2026\/04\/Captura-de-pantalla-2026-04-30-125351-1024x573.jpg 1024w, https:\/\/agora.xtec.cat\/ceip-lesroquesblaves\/wp-content\/uploads\/usu36\/2026\/04\/Captura-de-pantalla-2026-04-30-125351-768x430.jpg 768w, https:\/\/agora.xtec.cat\/ceip-lesroquesblaves\/wp-content\/uploads\/usu36\/2026\/04\/Captura-de-pantalla-2026-04-30-125351.jpg 1519w\" sizes=\"auto, (max-width: 300px) 100vw, 300px\" \/><\/a>\n\t\t\t<\/dt><\/dl><br style=\"clear: both\" \/><dl class='gallery-item'>\n\t\t\t<dt class='gallery-icon landscape'>\n\t\t\t\t<a href='https:\/\/agora.xtec.cat\/ceip-lesroquesblaves\/general\/sortida-a-les-roques-blaves-observem-i-aprenem\/attachment\/captura-de-pantalla-2026-04-30-125423\/'><img loading=\"lazy\" decoding=\"async\" width=\"300\" height=\"169\" src=\"https:\/\/agora.xtec.cat\/ceip-lesroquesblaves\/wp-content\/uploads\/usu36\/2026\/04\/Captura-de-pantalla-2026-04-30-125423-300x169.jpg\" class=\"attachment-medium size-medium\" alt=\"\" srcset=\"https:\/\/agora.xtec.cat\/ceip-lesroquesblaves\/wp-content\/uploads\/usu36\/2026\/04\/Captura-de-pantalla-2026-04-30-125423-300x169.jpg 300w, https:\/\/agora.xtec.cat\/ceip-lesroquesblaves\/wp-content\/uploads\/usu36\/2026\/04\/Captura-de-pantalla-2026-04-30-125423-1024x576.jpg 1024w, https:\/\/agora.xtec.cat\/ceip-lesroquesblaves\/wp-content\/uploads\/usu36\/2026\/04\/Captura-de-pantalla-2026-04-30-125423-768x432.jpg 768w, https:\/\/agora.xtec.cat\/ceip-lesroquesblaves\/wp-content\/uploads\/usu36\/2026\/04\/Captura-de-pantalla-2026-04-30-125423.jpg 1522w\" sizes=\"auto, (max-width: 300px) 100vw, 300px\" \/><\/a>\n\t\t\t<\/dt><\/dl><dl class='gallery-item'>\n\t\t\t<dt class='gallery-icon landscape'>\n\t\t\t\t<a href='https:\/\/agora.xtec.cat\/ceip-lesroquesblaves\/general\/sortida-a-les-roques-blaves-observem-i-aprenem\/attachment\/captura-de-pantalla-2026-04-30-125731\/'><img loading=\"lazy\" decoding=\"async\" width=\"300\" height=\"224\" src=\"https:\/\/agora.xtec.cat\/ceip-lesroquesblaves\/wp-content\/uploads\/usu36\/2026\/04\/Captura-de-pantalla-2026-04-30-125731-300x224.jpg\" class=\"attachment-medium size-medium\" alt=\"\" srcset=\"https:\/\/agora.xtec.cat\/ceip-lesroquesblaves\/wp-content\/uploads\/usu36\/2026\/04\/Captura-de-pantalla-2026-04-30-125731-300x224.jpg 300w, https:\/\/agora.xtec.cat\/ceip-lesroquesblaves\/wp-content\/uploads\/usu36\/2026\/04\/Captura-de-pantalla-2026-04-30-125731-1024x763.jpg 1024w, https:\/\/agora.xtec.cat\/ceip-lesroquesblaves\/wp-content\/uploads\/usu36\/2026\/04\/Captura-de-pantalla-2026-04-30-125731-768x572.jpg 768w, https:\/\/agora.xtec.cat\/ceip-lesroquesblaves\/wp-content\/uploads\/usu36\/2026\/04\/Captura-de-pantalla-2026-04-30-125731-200x150.jpg 200w, https:\/\/agora.xtec.cat\/ceip-lesroquesblaves\/wp-content\/uploads\/usu36\/2026\/04\/Captura-de-pantalla-2026-04-30-125731.jpg 1143w\" sizes=\"auto, (max-width: 300px) 100vw, 300px\" \/><\/a>\n\t\t\t<\/dt><\/dl><dl class='gallery-item'>\n\t\t\t<dt class='gallery-icon landscape'>\n\t\t\t\t<a href='https:\/\/agora.xtec.cat\/ceip-lesroquesblaves\/general\/sortida-a-les-roques-blaves-observem-i-aprenem\/attachment\/captura-de-pantalla-2026-04-30-125518\/'><img loading=\"lazy\" decoding=\"async\" width=\"300\" height=\"169\" src=\"https:\/\/agora.xtec.cat\/ceip-lesroquesblaves\/wp-content\/uploads\/usu36\/2026\/04\/Captura-de-pantalla-2026-04-30-125518-300x169.jpg\" class=\"attachment-medium size-medium\" alt=\"\" srcset=\"https:\/\/agora.xtec.cat\/ceip-lesroquesblaves\/wp-content\/uploads\/usu36\/2026\/04\/Captura-de-pantalla-2026-04-30-125518-300x169.jpg 300w, https:\/\/agora.xtec.cat\/ceip-lesroquesblaves\/wp-content\/uploads\/usu36\/2026\/04\/Captura-de-pantalla-2026-04-30-125518-1024x575.jpg 1024w, https:\/\/agora.xtec.cat\/ceip-lesroquesblaves\/wp-content\/uploads\/usu36\/2026\/04\/Captura-de-pantalla-2026-04-30-125518-768x431.jpg 768w, https:\/\/agora.xtec.cat\/ceip-lesroquesblaves\/wp-content\/uploads\/usu36\/2026\/04\/Captura-de-pantalla-2026-04-30-125518.jpg 1522w\" sizes=\"auto, (max-width: 300px) 100vw, 300px\" \/><\/a>\n\t\t\t<\/dt><\/dl><br style=\"clear: both\" \/><dl class='gallery-item'>\n\t\t\t<dt class='gallery-icon landscape'>\n\t\t\t\t<a href='https:\/\/agora.xtec.cat\/ceip-lesroquesblaves\/general\/sortida-a-les-roques-blaves-observem-i-aprenem\/attachment\/captura-de-pantalla-2026-04-30-125537\/'><img loading=\"lazy\" decoding=\"async\" width=\"300\" height=\"169\" src=\"https:\/\/agora.xtec.cat\/ceip-lesroquesblaves\/wp-content\/uploads\/usu36\/2026\/04\/Captura-de-pantalla-2026-04-30-125537-300x169.jpg\" class=\"attachment-medium size-medium\" alt=\"\" srcset=\"https:\/\/agora.xtec.cat\/ceip-lesroquesblaves\/wp-content\/uploads\/usu36\/2026\/04\/Captura-de-pantalla-2026-04-30-125537-300x169.jpg 300w, https:\/\/agora.xtec.cat\/ceip-lesroquesblaves\/wp-content\/uploads\/usu36\/2026\/04\/Captura-de-pantalla-2026-04-30-125537-1024x577.jpg 1024w, https:\/\/agora.xtec.cat\/ceip-lesroquesblaves\/wp-content\/uploads\/usu36\/2026\/04\/Captura-de-pantalla-2026-04-30-125537-768x432.jpg 768w, https:\/\/agora.xtec.cat\/ceip-lesroquesblaves\/wp-content\/uploads\/usu36\/2026\/04\/Captura-de-pantalla-2026-04-30-125537.jpg 1515w\" sizes=\"auto, (max-width: 300px) 100vw, 300px\" \/><\/a>\n\t\t\t<\/dt><\/dl><dl class='gallery-item'>\n\t\t\t<dt class='gallery-icon landscape'>\n\t\t\t\t<a href='https:\/\/agora.xtec.cat\/ceip-lesroquesblaves\/general\/sortida-a-les-roques-blaves-observem-i-aprenem\/attachment\/captura-de-pantalla-2026-04-30-125613\/'><img loading=\"lazy\" decoding=\"async\" width=\"300\" height=\"168\" src=\"https:\/\/agora.xtec.cat\/ceip-lesroquesblaves\/wp-content\/uploads\/usu36\/2026\/04\/Captura-de-pantalla-2026-04-30-125613-300x168.jpg\" class=\"attachment-medium size-medium\" alt=\"\" srcset=\"https:\/\/agora.xtec.cat\/ceip-lesroquesblaves\/wp-content\/uploads\/usu36\/2026\/04\/Captura-de-pantalla-2026-04-30-125613-300x168.jpg 300w, https:\/\/agora.xtec.cat\/ceip-lesroquesblaves\/wp-content\/uploads\/usu36\/2026\/04\/Captura-de-pantalla-2026-04-30-125613-1024x573.jpg 1024w, https:\/\/agora.xtec.cat\/ceip-lesroquesblaves\/wp-content\/uploads\/usu36\/2026\/04\/Captura-de-pantalla-2026-04-30-125613-768x430.jpg 768w, https:\/\/agora.xtec.cat\/ceip-lesroquesblaves\/wp-content\/uploads\/usu36\/2026\/04\/Captura-de-pantalla-2026-04-30-125613.jpg 1525w\" sizes=\"auto, (max-width: 300px) 100vw, 300px\" \/><\/a>\n\t\t\t<\/dt><\/dl><dl class='gallery-item'>\n\t\t\t<dt class='gallery-icon landscape'>\n\t\t\t\t<a href='https:\/\/agora.xtec.cat\/ceip-lesroquesblaves\/general\/sortida-a-les-roques-blaves-observem-i-aprenem\/attachment\/captura-de-pantalla-2026-04-30-125630\/'><img loading=\"lazy\" decoding=\"async\" width=\"300\" height=\"168\" src=\"https:\/\/agora.xtec.cat\/ceip-lesroquesblaves\/wp-content\/uploads\/usu36\/2026\/04\/Captura-de-pantalla-2026-04-30-125630-300x168.jpg\" class=\"attachment-medium size-medium\" alt=\"\" srcset=\"https:\/\/agora.xtec.cat\/ceip-lesroquesblaves\/wp-content\/uploads\/usu36\/2026\/04\/Captura-de-pantalla-2026-04-30-125630-300x168.jpg 300w, https:\/\/agora.xtec.cat\/ceip-lesroquesblaves\/wp-content\/uploads\/usu36\/2026\/04\/Captura-de-pantalla-2026-04-30-125630-1024x575.jpg 1024w, https:\/\/agora.xtec.cat\/ceip-lesroquesblaves\/wp-content\/uploads\/usu36\/2026\/04\/Captura-de-pantalla-2026-04-30-125630-768x431.jpg 768w, https:\/\/agora.xtec.cat\/ceip-lesroquesblaves\/wp-content\/uploads\/usu36\/2026\/04\/Captura-de-pantalla-2026-04-30-125630.jpg 1513w\" sizes=\"auto, (max-width: 300px) 100vw, 300px\" \/><\/a>\n\t\t\t<\/dt><\/dl><br style=\"clear: both\" \/><dl class='gallery-item'>\n\t\t\t<dt class='gallery-icon landscape'>\n\t\t\t\t<a href='https:\/\/agora.xtec.cat\/ceip-lesroquesblaves\/general\/sortida-a-les-roques-blaves-observem-i-aprenem\/attachment\/captura-de-pantalla-2026-04-30-125746\/'><img loading=\"lazy\" decoding=\"async\" width=\"300\" height=\"224\" src=\"https:\/\/agora.xtec.cat\/ceip-lesroquesblaves\/wp-content\/uploads\/usu36\/2026\/04\/Captura-de-pantalla-2026-04-30-125746-300x224.jpg\" class=\"attachment-medium size-medium\" alt=\"\" srcset=\"https:\/\/agora.xtec.cat\/ceip-lesroquesblaves\/wp-content\/uploads\/usu36\/2026\/04\/Captura-de-pantalla-2026-04-30-125746-300x224.jpg 300w, https:\/\/agora.xtec.cat\/ceip-lesroquesblaves\/wp-content\/uploads\/usu36\/2026\/04\/Captura-de-pantalla-2026-04-30-125746-1024x766.jpg 1024w, https:\/\/agora.xtec.cat\/ceip-lesroquesblaves\/wp-content\/uploads\/usu36\/2026\/04\/Captura-de-pantalla-2026-04-30-125746-768x574.jpg 768w, https:\/\/agora.xtec.cat\/ceip-lesroquesblaves\/wp-content\/uploads\/usu36\/2026\/04\/Captura-de-pantalla-2026-04-30-125746-200x150.jpg 200w, https:\/\/agora.xtec.cat\/ceip-lesroquesblaves\/wp-content\/uploads\/usu36\/2026\/04\/Captura-de-pantalla-2026-04-30-125746.jpg 1141w\" sizes=\"auto, (max-width: 300px) 100vw, 300px\" \/><\/a>\n\t\t\t<\/dt><\/dl><dl class='gallery-item'>\n\t\t\t<dt class='gallery-icon landscape'>\n\t\t\t\t<a href='https:\/\/agora.xtec.cat\/ceip-lesroquesblaves\/general\/sortida-a-les-roques-blaves-observem-i-aprenem\/attachment\/captura-de-pantalla-2026-04-30-125705\/'><img loading=\"lazy\" decoding=\"async\" width=\"300\" height=\"228\" src=\"https:\/\/agora.xtec.cat\/ceip-lesroquesblaves\/wp-content\/uploads\/usu36\/2026\/04\/Captura-de-pantalla-2026-04-30-125705-300x228.jpg\" class=\"attachment-medium size-medium\" alt=\"\" srcset=\"https:\/\/agora.xtec.cat\/ceip-lesroquesblaves\/wp-content\/uploads\/usu36\/2026\/04\/Captura-de-pantalla-2026-04-30-125705-300x228.jpg 300w, https:\/\/agora.xtec.cat\/ceip-lesroquesblaves\/wp-content\/uploads\/usu36\/2026\/04\/Captura-de-pantalla-2026-04-30-125705-1024x777.jpg 1024w, https:\/\/agora.xtec.cat\/ceip-lesroquesblaves\/wp-content\/uploads\/usu36\/2026\/04\/Captura-de-pantalla-2026-04-30-125705-768x583.jpg 768w, https:\/\/agora.xtec.cat\/ceip-lesroquesblaves\/wp-content\/uploads\/usu36\/2026\/04\/Captura-de-pantalla-2026-04-30-125705.jpg 1132w\" sizes=\"auto, (max-width: 300px) 100vw, 300px\" \/><\/a>\n\t\t\t<\/dt><\/dl><dl class='gallery-item'>\n\t\t\t<dt class='gallery-icon landscape'>\n\t\t\t\t<a href='https:\/\/agora.xtec.cat\/ceip-lesroquesblaves\/general\/sortida-a-les-roques-blaves-observem-i-aprenem\/attachment\/captura-de-pantalla-2026-04-30-125718\/'><img loading=\"lazy\" decoding=\"async\" width=\"300\" height=\"224\" src=\"https:\/\/agora.xtec.cat\/ceip-lesroquesblaves\/wp-content\/uploads\/usu36\/2026\/04\/Captura-de-pantalla-2026-04-30-125718-300x224.jpg\" class=\"attachment-medium size-medium\" alt=\"\" srcset=\"https:\/\/agora.xtec.cat\/ceip-lesroquesblaves\/wp-content\/uploads\/usu36\/2026\/04\/Captura-de-pantalla-2026-04-30-125718-300x224.jpg 300w, https:\/\/agora.xtec.cat\/ceip-lesroquesblaves\/wp-content\/uploads\/usu36\/2026\/04\/Captura-de-pantalla-2026-04-30-125718-1024x765.jpg 1024w, https:\/\/agora.xtec.cat\/ceip-lesroquesblaves\/wp-content\/uploads\/usu36\/2026\/04\/Captura-de-pantalla-2026-04-30-125718-768x573.jpg 768w, https:\/\/agora.xtec.cat\/ceip-lesroquesblaves\/wp-content\/uploads\/usu36\/2026\/04\/Captura-de-pantalla-2026-04-30-125718-200x150.jpg 200w, https:\/\/agora.xtec.cat\/ceip-lesroquesblaves\/wp-content\/uploads\/usu36\/2026\/04\/Captura-de-pantalla-2026-04-30-125718.jpg 1129w\" sizes=\"auto, (max-width: 300px) 100vw, 300px\" \/><\/a>\n\t\t\t<\/dt><\/dl><br style=\"clear: both\" \/><dl class='gallery-item'>\n\t\t\t<dt class='gallery-icon portrait'>\n\t\t\t\t<a href='https:\/\/agora.xtec.cat\/ceip-lesroquesblaves\/general\/sortida-a-les-roques-blaves-observem-i-aprenem\/attachment\/captura-de-pantalla-2026-04-30-125302\/'><img loading=\"lazy\" decoding=\"async\" width=\"166\" height=\"300\" src=\"https:\/\/agora.xtec.cat\/ceip-lesroquesblaves\/wp-content\/uploads\/usu36\/2026\/04\/Captura-de-pantalla-2026-04-30-125302-166x300.jpg\" class=\"attachment-medium size-medium\" alt=\"\" srcset=\"https:\/\/agora.xtec.cat\/ceip-lesroquesblaves\/wp-content\/uploads\/usu36\/2026\/04\/Captura-de-pantalla-2026-04-30-125302-166x300.jpg 166w, https:\/\/agora.xtec.cat\/ceip-lesroquesblaves\/wp-content\/uploads\/usu36\/2026\/04\/Captura-de-pantalla-2026-04-30-125302.jpg 466w\" sizes=\"auto, (max-width: 166px) 100vw, 166px\" \/><\/a>\n\t\t\t<\/dt><\/dl><dl class='gallery-item'>\n\t\t\t<dt class='gallery-icon portrait'>\n\t\t\t\t<a href='https:\/\/agora.xtec.cat\/ceip-lesroquesblaves\/general\/sortida-a-les-roques-blaves-observem-i-aprenem\/attachment\/captura-de-pantalla-2026-04-30-125409\/'><img loading=\"lazy\" decoding=\"async\" width=\"167\" height=\"300\" src=\"https:\/\/agora.xtec.cat\/ceip-lesroquesblaves\/wp-content\/uploads\/usu36\/2026\/04\/Captura-de-pantalla-2026-04-30-125409-167x300.jpg\" class=\"attachment-medium size-medium\" alt=\"\" srcset=\"https:\/\/agora.xtec.cat\/ceip-lesroquesblaves\/wp-content\/uploads\/usu36\/2026\/04\/Captura-de-pantalla-2026-04-30-125409-167x300.jpg 167w, https:\/\/agora.xtec.cat\/ceip-lesroquesblaves\/wp-content\/uploads\/usu36\/2026\/04\/Captura-de-pantalla-2026-04-30-125409.jpg 472w\" sizes=\"auto, (max-width: 167px) 100vw, 167px\" \/><\/a>\n\t\t\t<\/dt><\/dl><dl class='gallery-item'>\n\t\t\t<dt class='gallery-icon portrait'>\n\t\t\t\t<a href='https:\/\/agora.xtec.cat\/ceip-lesroquesblaves\/general\/sortida-a-les-roques-blaves-observem-i-aprenem\/attachment\/captura-de-pantalla-2026-04-30-125319\/'><img loading=\"lazy\" decoding=\"async\" width=\"166\" height=\"300\" src=\"https:\/\/agora.xtec.cat\/ceip-lesroquesblaves\/wp-content\/uploads\/usu36\/2026\/04\/Captura-de-pantalla-2026-04-30-125319-166x300.jpg\" class=\"attachment-medium size-medium\" alt=\"\" srcset=\"https:\/\/agora.xtec.cat\/ceip-lesroquesblaves\/wp-content\/uploads\/usu36\/2026\/04\/Captura-de-pantalla-2026-04-30-125319-166x300.jpg 166w, https:\/\/agora.xtec.cat\/ceip-lesroquesblaves\/wp-content\/uploads\/usu36\/2026\/04\/Captura-de-pantalla-2026-04-30-125319.jpg 469w\" sizes=\"auto, (max-width: 166px) 100vw, 166px\" \/><\/a>\n\t\t\t<\/dt><\/dl><br style=\"clear: both\" \/><dl class='gallery-item'>\n\t\t\t<dt class='gallery-icon portrait'>\n\t\t\t\t<a href='https:\/\/agora.xtec.cat\/ceip-lesroquesblaves\/general\/sortida-a-les-roques-blaves-observem-i-aprenem\/attachment\/captura-de-pantalla-2026-04-30-125502\/'><img loading=\"lazy\" decoding=\"async\" width=\"165\" height=\"300\" src=\"https:\/\/agora.xtec.cat\/ceip-lesroquesblaves\/wp-content\/uploads\/usu36\/2026\/04\/Captura-de-pantalla-2026-04-30-125502-165x300.jpg\" class=\"attachment-medium size-medium\" alt=\"\" srcset=\"https:\/\/agora.xtec.cat\/ceip-lesroquesblaves\/wp-content\/uploads\/usu36\/2026\/04\/Captura-de-pantalla-2026-04-30-125502-165x300.jpg 165w, https:\/\/agora.xtec.cat\/ceip-lesroquesblaves\/wp-content\/uploads\/usu36\/2026\/04\/Captura-de-pantalla-2026-04-30-125502.jpg 469w\" sizes=\"auto, (max-width: 165px) 100vw, 165px\" \/><\/a>\n\t\t\t<\/dt><\/dl><dl class='gallery-item'>\n\t\t\t<dt class='gallery-icon portrait'>\n\t\t\t\t<a href='https:\/\/agora.xtec.cat\/ceip-lesroquesblaves\/general\/sortida-a-les-roques-blaves-observem-i-aprenem\/attachment\/captura-de-pantalla-2026-04-30-125444\/'><img loading=\"lazy\" decoding=\"async\" width=\"169\" height=\"300\" src=\"https:\/\/agora.xtec.cat\/ceip-lesroquesblaves\/wp-content\/uploads\/usu36\/2026\/04\/Captura-de-pantalla-2026-04-30-125444-169x300.jpg\" class=\"attachment-medium size-medium\" alt=\"\" srcset=\"https:\/\/agora.xtec.cat\/ceip-lesroquesblaves\/wp-content\/uploads\/usu36\/2026\/04\/Captura-de-pantalla-2026-04-30-125444-169x300.jpg 169w, https:\/\/agora.xtec.cat\/ceip-lesroquesblaves\/wp-content\/uploads\/usu36\/2026\/04\/Captura-de-pantalla-2026-04-30-125444.jpg 475w\" sizes=\"auto, (max-width: 169px) 100vw, 169px\" \/><\/a>\n\t\t\t<\/dt><\/dl>\n\t\t\t<br style='clear: both' \/>\n\t\t<\/div>\n\n<p>&nbsp;<\/p>\n<p>&nbsp;<\/p>\n","protected":false},"excerpt":{"rendered":"<p>La setmana passada vam fer una sortida molt especial a l\u2019espai natural de Les Roques Blaves, una experi\u00e8ncia que ens ha servit per iniciar el nou projecte de classe sobre els animals que viuen en aquest entorn.<br \/>\nDurant la visita, vam convertir-nos en petits exploradors i&hellip;  <a href=\"https:\/\/agora.xtec.cat\/ceip-lesroquesblaves\/general\/sortida-a-les-roques-blaves-observem-i-aprenem\/\" title=\"Read SORTIDA A LES ROQUES BLAVES: OBSERVEM I APRENEM\">Llegeix m\u00e9s\u00bb<\/a><\/p>\n","protected":false},"author":68,"featured_media":33835,"comment_status":"open","ping_status":"open","sticky":false,"template":"","format":"standard","meta":{"footnotes":""},"categories":[520,175,224,1,4],"tags":[414,16],"class_list":["post-33807","post","type-post","status-publish","format-standard","has-post-thumbnail","hentry","category-promocio-2022-2031","category-apadrinem","category-fauna","category-general","category-portada","tag-1r","tag-sortides"],"post_mailing_queue_ids":[],"_links":{"self":[{"href":"https:\/\/agora.xtec.cat\/ceip-lesroquesblaves\/wp-json\/wp\/v2\/posts\/33807","targetHints":{"allow":["GET"]}}],"collection":[{"href":"https:\/\/agora.xtec.cat\/ceip-lesroquesblaves\/wp-json\/wp\/v2\/posts"}],"about":[{"href":"https:\/\/agora.xtec.cat\/ceip-lesroquesblaves\/wp-json\/wp\/v2\/types\/post"}],"author":[{"embeddable":true,"href":"https:\/\/agora.xtec.cat\/ceip-lesroquesblaves\/wp-json\/wp\/v2\/users\/68"}],"replies":[{"embeddable":true,"href":"https:\/\/agora.xtec.cat\/ceip-lesroquesblaves\/wp-json\/wp\/v2\/comments?post=33807"}],"version-history":[{"count":3,"href":"https:\/\/agora.xtec.cat\/ceip-lesroquesblaves\/wp-json\/wp\/v2\/posts\/33807\/revisions"}],"predecessor-version":[{"id":33841,"href":"https:\/\/agora.xtec.cat\/ceip-lesroquesblaves\/wp-json\/wp\/v2\/posts\/33807\/revisions\/33841"}],"wp:featuredmedia":[{"embeddable":true,"href":"https:\/\/agora.xtec.cat\/ceip-lesroquesblaves\/wp-json\/wp\/v2\/media\/33835"}],"wp:attachment":[{"href":"https:\/\/agora.xtec.cat\/ceip-lesroquesblaves\/wp-json\/wp\/v2\/media?parent=33807"}],"wp:term":[{"taxonomy":"category","embeddable":true,"href":"https:\/\/agora.xtec.cat\/ceip-lesroquesblaves\/wp-json\/wp\/v2\/categories?post=33807"},{"taxonomy":"post_tag","embeddable":true,"href":"https:\/\/agora.xtec.cat\/ceip-lesroquesblaves\/wp-json\/wp\/v2\/tags?post=33807"}],"curies":[{"name":"wp","href":"https:\/\/api.w.org\/{rel}","templated":true}]}}