{"id":33542,"date":"2026-03-16T15:00:29","date_gmt":"2026-03-16T14:00:29","guid":{"rendered":"https:\/\/agora.xtec.cat\/ceip-lesroquesblaves\/?p=33542"},"modified":"2026-03-17T21:25:04","modified_gmt":"2026-03-17T20:25:04","slug":"cda-pau-casals","status":"publish","type":"post","link":"https:\/\/agora.xtec.cat\/ceip-lesroquesblaves\/general\/cda-pau-casals\/","title":{"rendered":"Cda Pau Casals"},"content":{"rendered":"<p class=\"isSelectedEnd\">Aqu\u00ed teniu un recull fotogr\u00e0fic dels moments viscuts pel grup de 4t al Camp d&#8217;Aprenentatge Pau Casals (El Vendrell). Durant aquests dies, hem pogut gaudir d\u2019una experi\u00e8ncia art\u00edstica molt enriquidora: hem enregistrat una can\u00e7\u00f3 en un estudi de so professional, hem conegut de prop el violoncel, hem visitat la casa museu de Pau Casals i hem experimentat amb les qualitats del so en un laboratori musical, entre moltes altres activitats.<\/p>\n<p class=\"isSelectedEnd\">Han estat uns dies plens de m\u00fasica, descobertes i bons moments compartits. Esperem que gaudiu de les fotos i del nostre enregistrament!<\/p>\n<p><a href=\"https:\/\/drive.google.com\/file\/d\/1BTfStV6k4OPEVWkr1JcJaHBGNKIuNgEO\/view?usp=drive_link\"><img loading=\"lazy\" decoding=\"async\" class=\"alignnone size-medium wp-image-33543\" src=\"https:\/\/agora.xtec.cat\/ceip-lesroquesblaves\/wp-content\/uploads\/usu36\/2026\/03\/Captura-de-pantalla-2026-03-16-132911-300x188.png\" alt=\"\" width=\"300\" height=\"188\" srcset=\"https:\/\/agora.xtec.cat\/ceip-lesroquesblaves\/wp-content\/uploads\/usu36\/2026\/03\/Captura-de-pantalla-2026-03-16-132911-300x188.png 300w, https:\/\/agora.xtec.cat\/ceip-lesroquesblaves\/wp-content\/uploads\/usu36\/2026\/03\/Captura-de-pantalla-2026-03-16-132911-768x482.png 768w, https:\/\/agora.xtec.cat\/ceip-lesroquesblaves\/wp-content\/uploads\/usu36\/2026\/03\/Captura-de-pantalla-2026-03-16-132911.png 901w\" sizes=\"auto, (max-width: 300px) 100vw, 300px\" \/>\u00a0\u00a0\u00a0 <\/a><a href=\"https:\/\/drive.google.com\/file\/d\/15_iBydEIYcJ-EgHoyaLhnyHee_PHoc6R\/view?usp=drive_link\"><img loading=\"lazy\" decoding=\"async\" class=\"alignnone wp-image-33544\" src=\"https:\/\/agora.xtec.cat\/ceip-lesroquesblaves\/wp-content\/uploads\/usu36\/2026\/03\/Captura-de-pantalla-2026-03-16-133150-300x170.png\" alt=\"\" width=\"330\" height=\"187\" srcset=\"https:\/\/agora.xtec.cat\/ceip-lesroquesblaves\/wp-content\/uploads\/usu36\/2026\/03\/Captura-de-pantalla-2026-03-16-133150-300x170.png 300w, https:\/\/agora.xtec.cat\/ceip-lesroquesblaves\/wp-content\/uploads\/usu36\/2026\/03\/Captura-de-pantalla-2026-03-16-133150-1024x581.png 1024w, https:\/\/agora.xtec.cat\/ceip-lesroquesblaves\/wp-content\/uploads\/usu36\/2026\/03\/Captura-de-pantalla-2026-03-16-133150-768x436.png 768w, https:\/\/agora.xtec.cat\/ceip-lesroquesblaves\/wp-content\/uploads\/usu36\/2026\/03\/Captura-de-pantalla-2026-03-16-133150.png 1212w\" sizes=\"auto, (max-width: 330px) 100vw, 330px\" \/><\/a><\/p>\n<p>Tamb\u00e9 podeu escoltar-nos descarregant els \u00e0udios a la p\u00e0gina web del Camp d\u2019Aprenentatge.<\/p>\n<p><a href=\"https:\/\/cdapaucasals.com\/releases\/escola-les-roques-blaves-2025-26\/\">https:\/\/cdapaucasals.com\/releases\/escola-les-roques-blaves-2025-26\/<\/a><\/p>\n","protected":false},"excerpt":{"rendered":"<p>Aqu\u00ed teniu un recull fotogr\u00e0fic dels moments viscuts pel grup de 4t al Camp d&#8217;Aprenentatge Pau Casals (El Vendrell). Durant aquests dies, hem pogut gaudir d\u2019una experi\u00e8ncia art\u00edstica molt enriquidora: hem enregistrat una can\u00e7\u00f3 en un estudi de so professional, hem conegut de prop el&hellip;  <a href=\"https:\/\/agora.xtec.cat\/ceip-lesroquesblaves\/general\/cda-pau-casals\/\" title=\"Read Cda Pau Casals\">Llegeix m\u00e9s\u00bb<\/a><\/p>\n","protected":false},"author":114,"featured_media":33544,"comment_status":"open","ping_status":"open","sticky":false,"template":"","format":"standard","meta":{"footnotes":""},"categories":[324,1,108,4,5],"tags":[338,363,554],"class_list":["post-33542","post","type-post","status-publish","format-standard","has-post-thumbnail","hentry","category-promocio2019-28","category-general","category-musica","category-portada","category-primaria","tag-4t","tag-camp-daprenentatge-4t","tag-musica"],"post_mailing_queue_ids":[],"_links":{"self":[{"href":"https:\/\/agora.xtec.cat\/ceip-lesroquesblaves\/wp-json\/wp\/v2\/posts\/33542","targetHints":{"allow":["GET"]}}],"collection":[{"href":"https:\/\/agora.xtec.cat\/ceip-lesroquesblaves\/wp-json\/wp\/v2\/posts"}],"about":[{"href":"https:\/\/agora.xtec.cat\/ceip-lesroquesblaves\/wp-json\/wp\/v2\/types\/post"}],"author":[{"embeddable":true,"href":"https:\/\/agora.xtec.cat\/ceip-lesroquesblaves\/wp-json\/wp\/v2\/users\/114"}],"replies":[{"embeddable":true,"href":"https:\/\/agora.xtec.cat\/ceip-lesroquesblaves\/wp-json\/wp\/v2\/comments?post=33542"}],"version-history":[{"count":3,"href":"https:\/\/agora.xtec.cat\/ceip-lesroquesblaves\/wp-json\/wp\/v2\/posts\/33542\/revisions"}],"predecessor-version":[{"id":33549,"href":"https:\/\/agora.xtec.cat\/ceip-lesroquesblaves\/wp-json\/wp\/v2\/posts\/33542\/revisions\/33549"}],"wp:featuredmedia":[{"embeddable":true,"href":"https:\/\/agora.xtec.cat\/ceip-lesroquesblaves\/wp-json\/wp\/v2\/media\/33544"}],"wp:attachment":[{"href":"https:\/\/agora.xtec.cat\/ceip-lesroquesblaves\/wp-json\/wp\/v2\/media?parent=33542"}],"wp:term":[{"taxonomy":"category","embeddable":true,"href":"https:\/\/agora.xtec.cat\/ceip-lesroquesblaves\/wp-json\/wp\/v2\/categories?post=33542"},{"taxonomy":"post_tag","embeddable":true,"href":"https:\/\/agora.xtec.cat\/ceip-lesroquesblaves\/wp-json\/wp\/v2\/tags?post=33542"}],"curies":[{"name":"wp","href":"https:\/\/api.w.org\/{rel}","templated":true}]}}