{"id":33393,"date":"2026-03-10T13:13:21","date_gmt":"2026-03-10T12:13:21","guid":{"rendered":"https:\/\/agora.xtec.cat\/ceip-lesroquesblaves\/?p=33393"},"modified":"2026-03-11T12:38:46","modified_gmt":"2026-03-11T11:38:46","slug":"our-families","status":"publish","type":"post","link":"https:\/\/agora.xtec.cat\/ceip-lesroquesblaves\/portada\/our-families\/","title":{"rendered":"Our Families!"},"content":{"rendered":"<p><span style=\"font-family: inherit; font-size: 1em;\">Els nens i nenes de primer han acabat la segona unitat d\u2019angl\u00e8s, dedicada a les fam\u00edlies i a les seves caracter\u00edstiques. Al llarg d\u2019aquestes setmanes hem estat parlant dels diferents tipus de fam\u00edlia, dels membres que en poden formar part i de com s\u00f3n. Hem apr\u00e8s vocabulari com mother, father, sister, brother, baby, grandma o grandpa, i tamb\u00e9 algunes estructures senzilles per poder descriure\u2019ls, com ara \u201cThis is my\u2026\u201d, \u201cHe\/She is\u2026\u201d o \u201cI have got\u2026\u201d.<\/span><\/p>\n<p data-start=\"452\" data-end=\"908\">A m\u00e9s de treballar el vocabulari, hem reflexionat sobre la diversitat familiar. Hem ent\u00e8s que no totes les fam\u00edlies s\u00f3n iguals i que totes s\u00f3n igual d\u2019importants. Alguns infants tenen germans, d\u2019altres no; alguns viuen amb els avis, d\u2019altres amb un sol progenitor; i totes aquestes realitats s\u2019han compartit amb naturalitat i respecte dins l\u2019aula. Aquest intercanvi ha enriquit molt les converses i ha ajudat a refor\u00e7ar valors com l\u2019empatia i l\u2019acceptaci\u00f3.<\/p>\n<p data-start=\"910\" data-end=\"1296\">Per tancar la unitat, hem fet un petit projecte final molt especial. Cada infant havia de dibuixar els membres de la seva fam\u00edlia que volgu\u00e9s representar. No era obligatori dibuixar tothom, sin\u00f3 aquelles persones que per a ells s\u00f3n importants. Un cop acabat el dibuix, l\u2019havien d\u2019explicar oralment davant dels companys i companyes, utilitzant les estructures i el vocabulari treballats.<\/p>\n<p data-start=\"1298\" data-end=\"1658\">Ha estat molt bonic veure com, amb m\u00e9s o menys seguretat, tots s\u2019han esfor\u00e7at per explicar el seu dibuix en angl\u00e8s. Alguns ho han fet amb frases m\u00e9s completes i d\u2019altres amb paraules soltes, per\u00f2 tots han estat capa\u00e7os de comunicar qui havien dibuixat. L\u2019objectiu no era fer-ho perfecte, sin\u00f3 atrevir-se a parlar i utilitzar la llengua de manera significativa.<\/p>\n<p data-start=\"1660\" data-end=\"1997\" data-is-last-node=\"\" data-is-only-node=\"\">Aquest projecte final ens ha perm\u00e8s treballar l\u2019expressi\u00f3 oral, la comprensi\u00f3, la creativitat i tamb\u00e9 la confian\u00e7a en un mateix. Quan l\u2019aprenentatge connecta amb la realitat dels infants la motivaci\u00f3 creix i l\u2019angl\u00e8s es converteix en una eina per explicar el seu m\u00f3n.<\/p>\n\n\t\t<style type=\"text\/css\">\n\t\t\t#gallery-1 {\n\t\t\t\tmargin: auto;\n\t\t\t}\n\t\t\t#gallery-1 .gallery-item {\n\t\t\t\tfloat: left;\n\t\t\t\tmargin-top: 10px;\n\t\t\t\ttext-align: center;\n\t\t\t\twidth: 25%;\n\t\t\t}\n\t\t\t#gallery-1 img {\n\t\t\t\tborder: 2px solid #cfcfcf;\n\t\t\t}\n\t\t\t#gallery-1 .gallery-caption {\n\t\t\t\tmargin-left: 0;\n\t\t\t}\n\t\t\t\/* see gallery_shortcode() in wp-includes\/media.php *\/\n\t\t<\/style>\n\t\t<div id='gallery-1' class='gallery galleryid-33393 gallery-columns-4 gallery-size-medium'><dl class='gallery-item'>\n\t\t\t<dt class='gallery-icon landscape'>\n\t\t\t\t<a href='https:\/\/agora.xtec.cat\/ceip-lesroquesblaves\/portada\/our-families\/attachment\/whatsapp-image-2026-03-10-at-12-49-50\/'><img loading=\"lazy\" decoding=\"async\" width=\"300\" height=\"225\" src=\"https:\/\/agora.xtec.cat\/ceip-lesroquesblaves\/wp-content\/uploads\/usu36\/2026\/03\/WhatsApp-Image-2026-03-10-at-12.49.50-300x225.jpeg\" class=\"attachment-medium size-medium\" alt=\"\" aria-describedby=\"gallery-1-33493\" srcset=\"https:\/\/agora.xtec.cat\/ceip-lesroquesblaves\/wp-content\/uploads\/usu36\/2026\/03\/WhatsApp-Image-2026-03-10-at-12.49.50-300x225.jpeg 300w, https:\/\/agora.xtec.cat\/ceip-lesroquesblaves\/wp-content\/uploads\/usu36\/2026\/03\/WhatsApp-Image-2026-03-10-at-12.49.50-1024x768.jpeg 1024w, https:\/\/agora.xtec.cat\/ceip-lesroquesblaves\/wp-content\/uploads\/usu36\/2026\/03\/WhatsApp-Image-2026-03-10-at-12.49.50-768x576.jpeg 768w, https:\/\/agora.xtec.cat\/ceip-lesroquesblaves\/wp-content\/uploads\/usu36\/2026\/03\/WhatsApp-Image-2026-03-10-at-12.49.50-1536x1152.jpeg 1536w, https:\/\/agora.xtec.cat\/ceip-lesroquesblaves\/wp-content\/uploads\/usu36\/2026\/03\/WhatsApp-Image-2026-03-10-at-12.49.50-200x150.jpeg 200w, https:\/\/agora.xtec.cat\/ceip-lesroquesblaves\/wp-content\/uploads\/usu36\/2026\/03\/WhatsApp-Image-2026-03-10-at-12.49.50-rotated.jpeg 2000w\" sizes=\"auto, (max-width: 300px) 100vw, 300px\" \/><\/a>\n\t\t\t<\/dt>\n\t\t\t\t<dd class='wp-caption-text gallery-caption' id='gallery-1-33493'>\n\t\t\t\tMia, Mario and Pol\n\t\t\t\t<\/dd><\/dl><dl class='gallery-item'>\n\t\t\t<dt class='gallery-icon landscape'>\n\t\t\t\t<a href='https:\/\/agora.xtec.cat\/ceip-lesroquesblaves\/portada\/our-families\/attachment\/whatsapp-image-2026-03-10-at-12-49-49-1\/'><img loading=\"lazy\" decoding=\"async\" width=\"300\" height=\"225\" src=\"https:\/\/agora.xtec.cat\/ceip-lesroquesblaves\/wp-content\/uploads\/usu36\/2026\/03\/WhatsApp-Image-2026-03-10-at-12.49.49-1-300x225.jpeg\" class=\"attachment-medium size-medium\" alt=\"\" aria-describedby=\"gallery-1-33491\" srcset=\"https:\/\/agora.xtec.cat\/ceip-lesroquesblaves\/wp-content\/uploads\/usu36\/2026\/03\/WhatsApp-Image-2026-03-10-at-12.49.49-1-300x225.jpeg 300w, https:\/\/agora.xtec.cat\/ceip-lesroquesblaves\/wp-content\/uploads\/usu36\/2026\/03\/WhatsApp-Image-2026-03-10-at-12.49.49-1-1024x768.jpeg 1024w, https:\/\/agora.xtec.cat\/ceip-lesroquesblaves\/wp-content\/uploads\/usu36\/2026\/03\/WhatsApp-Image-2026-03-10-at-12.49.49-1-768x576.jpeg 768w, https:\/\/agora.xtec.cat\/ceip-lesroquesblaves\/wp-content\/uploads\/usu36\/2026\/03\/WhatsApp-Image-2026-03-10-at-12.49.49-1-1536x1152.jpeg 1536w, https:\/\/agora.xtec.cat\/ceip-lesroquesblaves\/wp-content\/uploads\/usu36\/2026\/03\/WhatsApp-Image-2026-03-10-at-12.49.49-1-200x150.jpeg 200w, https:\/\/agora.xtec.cat\/ceip-lesroquesblaves\/wp-content\/uploads\/usu36\/2026\/03\/WhatsApp-Image-2026-03-10-at-12.49.49-1-rotated.jpeg 2000w\" sizes=\"auto, (max-width: 300px) 100vw, 300px\" \/><\/a>\n\t\t\t<\/dt>\n\t\t\t\t<dd class='wp-caption-text gallery-caption' id='gallery-1-33491'>\n\t\t\t\tStefano, Naira and Liz\n\t\t\t\t<\/dd><\/dl><dl class='gallery-item'>\n\t\t\t<dt class='gallery-icon landscape'>\n\t\t\t\t<a href='https:\/\/agora.xtec.cat\/ceip-lesroquesblaves\/portada\/our-families\/attachment\/whatsapp-image-2026-03-10-at-12-49-49-2\/'><img loading=\"lazy\" decoding=\"async\" width=\"300\" height=\"225\" src=\"https:\/\/agora.xtec.cat\/ceip-lesroquesblaves\/wp-content\/uploads\/usu36\/2026\/03\/WhatsApp-Image-2026-03-10-at-12.49.49-2-rotated-e1773144430956-300x225.jpeg\" class=\"attachment-medium size-medium\" alt=\"\" aria-describedby=\"gallery-1-33492\" srcset=\"https:\/\/agora.xtec.cat\/ceip-lesroquesblaves\/wp-content\/uploads\/usu36\/2026\/03\/WhatsApp-Image-2026-03-10-at-12.49.49-2-rotated-e1773144430956-300x225.jpeg 300w, https:\/\/agora.xtec.cat\/ceip-lesroquesblaves\/wp-content\/uploads\/usu36\/2026\/03\/WhatsApp-Image-2026-03-10-at-12.49.49-2-rotated-e1773144430956-1024x768.jpeg 1024w, https:\/\/agora.xtec.cat\/ceip-lesroquesblaves\/wp-content\/uploads\/usu36\/2026\/03\/WhatsApp-Image-2026-03-10-at-12.49.49-2-rotated-e1773144430956-768x576.jpeg 768w, https:\/\/agora.xtec.cat\/ceip-lesroquesblaves\/wp-content\/uploads\/usu36\/2026\/03\/WhatsApp-Image-2026-03-10-at-12.49.49-2-rotated-e1773144430956-1536x1152.jpeg 1536w, https:\/\/agora.xtec.cat\/ceip-lesroquesblaves\/wp-content\/uploads\/usu36\/2026\/03\/WhatsApp-Image-2026-03-10-at-12.49.49-2-rotated-e1773144430956-200x150.jpeg 200w, https:\/\/agora.xtec.cat\/ceip-lesroquesblaves\/wp-content\/uploads\/usu36\/2026\/03\/WhatsApp-Image-2026-03-10-at-12.49.49-2-rotated-e1773144430956.jpeg 2000w\" sizes=\"auto, (max-width: 300px) 100vw, 300px\" \/><\/a>\n\t\t\t<\/dt>\n\t\t\t\t<dd class='wp-caption-text gallery-caption' id='gallery-1-33492'>\n\t\t\t\tRakan, Nihan and Lucia\n\t\t\t\t<\/dd><\/dl><dl class='gallery-item'>\n\t\t\t<dt class='gallery-icon landscape'>\n\t\t\t\t<a href='https:\/\/agora.xtec.cat\/ceip-lesroquesblaves\/portada\/our-families\/attachment\/whatsapp-image-2026-03-10-at-12-49-49\/'><img loading=\"lazy\" decoding=\"async\" width=\"300\" height=\"225\" src=\"https:\/\/agora.xtec.cat\/ceip-lesroquesblaves\/wp-content\/uploads\/usu36\/2026\/03\/WhatsApp-Image-2026-03-10-at-12.49.49-300x225.jpeg\" class=\"attachment-medium size-medium\" alt=\"\" aria-describedby=\"gallery-1-33490\" srcset=\"https:\/\/agora.xtec.cat\/ceip-lesroquesblaves\/wp-content\/uploads\/usu36\/2026\/03\/WhatsApp-Image-2026-03-10-at-12.49.49-300x225.jpeg 300w, https:\/\/agora.xtec.cat\/ceip-lesroquesblaves\/wp-content\/uploads\/usu36\/2026\/03\/WhatsApp-Image-2026-03-10-at-12.49.49-1024x768.jpeg 1024w, https:\/\/agora.xtec.cat\/ceip-lesroquesblaves\/wp-content\/uploads\/usu36\/2026\/03\/WhatsApp-Image-2026-03-10-at-12.49.49-768x576.jpeg 768w, https:\/\/agora.xtec.cat\/ceip-lesroquesblaves\/wp-content\/uploads\/usu36\/2026\/03\/WhatsApp-Image-2026-03-10-at-12.49.49-1536x1152.jpeg 1536w, https:\/\/agora.xtec.cat\/ceip-lesroquesblaves\/wp-content\/uploads\/usu36\/2026\/03\/WhatsApp-Image-2026-03-10-at-12.49.49-200x150.jpeg 200w, https:\/\/agora.xtec.cat\/ceip-lesroquesblaves\/wp-content\/uploads\/usu36\/2026\/03\/WhatsApp-Image-2026-03-10-at-12.49.49-rotated.jpeg 2000w\" sizes=\"auto, (max-width: 300px) 100vw, 300px\" \/><\/a>\n\t\t\t<\/dt>\n\t\t\t\t<dd class='wp-caption-text gallery-caption' id='gallery-1-33490'>\n\t\t\t\tHugo,Koraima, Oliver and Lia\n\t\t\t\t<\/dd><\/dl><br style=\"clear: both\" \/><dl class='gallery-item'>\n\t\t\t<dt class='gallery-icon landscape'>\n\t\t\t\t<a href='https:\/\/agora.xtec.cat\/ceip-lesroquesblaves\/portada\/our-families\/attachment\/whatsapp-image-2026-03-10-at-12-49-48-1\/'><img loading=\"lazy\" decoding=\"async\" width=\"300\" height=\"225\" src=\"https:\/\/agora.xtec.cat\/ceip-lesroquesblaves\/wp-content\/uploads\/usu36\/2026\/03\/WhatsApp-Image-2026-03-10-at-12.49.48-1-300x225.jpeg\" class=\"attachment-medium size-medium\" alt=\"\" aria-describedby=\"gallery-1-33488\" srcset=\"https:\/\/agora.xtec.cat\/ceip-lesroquesblaves\/wp-content\/uploads\/usu36\/2026\/03\/WhatsApp-Image-2026-03-10-at-12.49.48-1-300x225.jpeg 300w, https:\/\/agora.xtec.cat\/ceip-lesroquesblaves\/wp-content\/uploads\/usu36\/2026\/03\/WhatsApp-Image-2026-03-10-at-12.49.48-1-1024x768.jpeg 1024w, https:\/\/agora.xtec.cat\/ceip-lesroquesblaves\/wp-content\/uploads\/usu36\/2026\/03\/WhatsApp-Image-2026-03-10-at-12.49.48-1-768x576.jpeg 768w, https:\/\/agora.xtec.cat\/ceip-lesroquesblaves\/wp-content\/uploads\/usu36\/2026\/03\/WhatsApp-Image-2026-03-10-at-12.49.48-1-1536x1152.jpeg 1536w, https:\/\/agora.xtec.cat\/ceip-lesroquesblaves\/wp-content\/uploads\/usu36\/2026\/03\/WhatsApp-Image-2026-03-10-at-12.49.48-1-200x150.jpeg 200w, https:\/\/agora.xtec.cat\/ceip-lesroquesblaves\/wp-content\/uploads\/usu36\/2026\/03\/WhatsApp-Image-2026-03-10-at-12.49.48-1-rotated.jpeg 2000w\" sizes=\"auto, (max-width: 300px) 100vw, 300px\" \/><\/a>\n\t\t\t<\/dt>\n\t\t\t\t<dd class='wp-caption-text gallery-caption' id='gallery-1-33488'>\n\t\t\t\tIria, Edith and Nikole\n\t\t\t\t<\/dd><\/dl><dl class='gallery-item'>\n\t\t\t<dt class='gallery-icon landscape'>\n\t\t\t\t<a href='https:\/\/agora.xtec.cat\/ceip-lesroquesblaves\/portada\/our-families\/attachment\/whatsapp-image-2026-03-10-at-12-49-48\/'><img loading=\"lazy\" decoding=\"async\" width=\"300\" height=\"225\" src=\"https:\/\/agora.xtec.cat\/ceip-lesroquesblaves\/wp-content\/uploads\/usu36\/2026\/03\/WhatsApp-Image-2026-03-10-at-12.49.48-300x225.jpeg\" class=\"attachment-medium size-medium\" alt=\"\" aria-describedby=\"gallery-1-33487\" srcset=\"https:\/\/agora.xtec.cat\/ceip-lesroquesblaves\/wp-content\/uploads\/usu36\/2026\/03\/WhatsApp-Image-2026-03-10-at-12.49.48-300x225.jpeg 300w, https:\/\/agora.xtec.cat\/ceip-lesroquesblaves\/wp-content\/uploads\/usu36\/2026\/03\/WhatsApp-Image-2026-03-10-at-12.49.48-1024x768.jpeg 1024w, https:\/\/agora.xtec.cat\/ceip-lesroquesblaves\/wp-content\/uploads\/usu36\/2026\/03\/WhatsApp-Image-2026-03-10-at-12.49.48-768x576.jpeg 768w, https:\/\/agora.xtec.cat\/ceip-lesroquesblaves\/wp-content\/uploads\/usu36\/2026\/03\/WhatsApp-Image-2026-03-10-at-12.49.48-1536x1152.jpeg 1536w, https:\/\/agora.xtec.cat\/ceip-lesroquesblaves\/wp-content\/uploads\/usu36\/2026\/03\/WhatsApp-Image-2026-03-10-at-12.49.48-200x150.jpeg 200w, https:\/\/agora.xtec.cat\/ceip-lesroquesblaves\/wp-content\/uploads\/usu36\/2026\/03\/WhatsApp-Image-2026-03-10-at-12.49.48-rotated.jpeg 2000w\" sizes=\"auto, (max-width: 300px) 100vw, 300px\" \/><\/a>\n\t\t\t<\/dt>\n\t\t\t\t<dd class='wp-caption-text gallery-caption' id='gallery-1-33487'>\n\t\t\t\tLeire, Aisha and Sara\n\t\t\t\t<\/dd><\/dl><dl class='gallery-item'>\n\t\t\t<dt class='gallery-icon landscape'>\n\t\t\t\t<a href='https:\/\/agora.xtec.cat\/ceip-lesroquesblaves\/portada\/our-families\/attachment\/whatsapp-image-2026-03-10-at-12-49-48-2\/'><img loading=\"lazy\" decoding=\"async\" width=\"300\" height=\"225\" src=\"https:\/\/agora.xtec.cat\/ceip-lesroquesblaves\/wp-content\/uploads\/usu36\/2026\/03\/WhatsApp-Image-2026-03-10-at-12.49.48-2-300x225.jpeg\" class=\"attachment-medium size-medium\" alt=\"\" aria-describedby=\"gallery-1-33489\" srcset=\"https:\/\/agora.xtec.cat\/ceip-lesroquesblaves\/wp-content\/uploads\/usu36\/2026\/03\/WhatsApp-Image-2026-03-10-at-12.49.48-2-300x225.jpeg 300w, https:\/\/agora.xtec.cat\/ceip-lesroquesblaves\/wp-content\/uploads\/usu36\/2026\/03\/WhatsApp-Image-2026-03-10-at-12.49.48-2-1024x768.jpeg 1024w, https:\/\/agora.xtec.cat\/ceip-lesroquesblaves\/wp-content\/uploads\/usu36\/2026\/03\/WhatsApp-Image-2026-03-10-at-12.49.48-2-768x576.jpeg 768w, https:\/\/agora.xtec.cat\/ceip-lesroquesblaves\/wp-content\/uploads\/usu36\/2026\/03\/WhatsApp-Image-2026-03-10-at-12.49.48-2-1536x1152.jpeg 1536w, https:\/\/agora.xtec.cat\/ceip-lesroquesblaves\/wp-content\/uploads\/usu36\/2026\/03\/WhatsApp-Image-2026-03-10-at-12.49.48-2-200x150.jpeg 200w, https:\/\/agora.xtec.cat\/ceip-lesroquesblaves\/wp-content\/uploads\/usu36\/2026\/03\/WhatsApp-Image-2026-03-10-at-12.49.48-2-rotated.jpeg 2000w\" sizes=\"auto, (max-width: 300px) 100vw, 300px\" \/><\/a>\n\t\t\t<\/dt>\n\t\t\t\t<dd class='wp-caption-text gallery-caption' id='gallery-1-33489'>\n\t\t\t\tCairo, Israa and Hades\n\t\t\t\t<\/dd><\/dl><dl class='gallery-item'>\n\t\t\t<dt class='gallery-icon landscape'>\n\t\t\t\t<a href='https:\/\/agora.xtec.cat\/ceip-lesroquesblaves\/portada\/our-families\/attachment\/whatsapp-image-2026-03-10-at-12-49-47\/'><img loading=\"lazy\" decoding=\"async\" width=\"300\" height=\"225\" src=\"https:\/\/agora.xtec.cat\/ceip-lesroquesblaves\/wp-content\/uploads\/usu36\/2026\/03\/WhatsApp-Image-2026-03-10-at-12.49.47-300x225.jpeg\" class=\"attachment-medium size-medium\" alt=\"\" aria-describedby=\"gallery-1-33494\" srcset=\"https:\/\/agora.xtec.cat\/ceip-lesroquesblaves\/wp-content\/uploads\/usu36\/2026\/03\/WhatsApp-Image-2026-03-10-at-12.49.47-300x225.jpeg 300w, https:\/\/agora.xtec.cat\/ceip-lesroquesblaves\/wp-content\/uploads\/usu36\/2026\/03\/WhatsApp-Image-2026-03-10-at-12.49.47-1024x768.jpeg 1024w, https:\/\/agora.xtec.cat\/ceip-lesroquesblaves\/wp-content\/uploads\/usu36\/2026\/03\/WhatsApp-Image-2026-03-10-at-12.49.47-768x576.jpeg 768w, https:\/\/agora.xtec.cat\/ceip-lesroquesblaves\/wp-content\/uploads\/usu36\/2026\/03\/WhatsApp-Image-2026-03-10-at-12.49.47-1536x1152.jpeg 1536w, https:\/\/agora.xtec.cat\/ceip-lesroquesblaves\/wp-content\/uploads\/usu36\/2026\/03\/WhatsApp-Image-2026-03-10-at-12.49.47-200x150.jpeg 200w, https:\/\/agora.xtec.cat\/ceip-lesroquesblaves\/wp-content\/uploads\/usu36\/2026\/03\/WhatsApp-Image-2026-03-10-at-12.49.47.jpeg 2000w\" sizes=\"auto, (max-width: 300px) 100vw, 300px\" \/><\/a>\n\t\t\t<\/dt>\n\t\t\t\t<dd class='wp-caption-text gallery-caption' id='gallery-1-33494'>\n\t\t\t\tAndreia, Amin, Emma and Marco\n\t\t\t\t<\/dd><\/dl><br style=\"clear: both\" \/>\n\t\t<\/div>\n\n","protected":false},"excerpt":{"rendered":"<p>Els nens i nenes de primer han acabat la segona unitat d\u2019angl\u00e8s, dedicada a les fam\u00edlies i a les seves caracter\u00edstiques. Al llarg d\u2019aquestes setmanes hem estat parlant dels diferents tipus de fam\u00edlia, dels membres que en poden formar part i de com s\u00f3n. Hem&hellip;  <a href=\"https:\/\/agora.xtec.cat\/ceip-lesroquesblaves\/portada\/our-families\/\" title=\"Read Our Families!\">Llegeix m\u00e9s\u00bb<\/a><\/p>\n","protected":false},"author":118,"featured_media":33493,"comment_status":"open","ping_status":"open","sticky":false,"template":"","format":"standard","meta":{"footnotes":""},"categories":[520,71,4],"tags":[],"class_list":["post-33393","post","type-post","status-publish","format-standard","has-post-thumbnail","hentry","category-promocio-2022-2031","category-english","category-portada"],"post_mailing_queue_ids":[],"_links":{"self":[{"href":"https:\/\/agora.xtec.cat\/ceip-lesroquesblaves\/wp-json\/wp\/v2\/posts\/33393","targetHints":{"allow":["GET"]}}],"collection":[{"href":"https:\/\/agora.xtec.cat\/ceip-lesroquesblaves\/wp-json\/wp\/v2\/posts"}],"about":[{"href":"https:\/\/agora.xtec.cat\/ceip-lesroquesblaves\/wp-json\/wp\/v2\/types\/post"}],"author":[{"embeddable":true,"href":"https:\/\/agora.xtec.cat\/ceip-lesroquesblaves\/wp-json\/wp\/v2\/users\/118"}],"replies":[{"embeddable":true,"href":"https:\/\/agora.xtec.cat\/ceip-lesroquesblaves\/wp-json\/wp\/v2\/comments?post=33393"}],"version-history":[{"count":3,"href":"https:\/\/agora.xtec.cat\/ceip-lesroquesblaves\/wp-json\/wp\/v2\/posts\/33393\/revisions"}],"predecessor-version":[{"id":33499,"href":"https:\/\/agora.xtec.cat\/ceip-lesroquesblaves\/wp-json\/wp\/v2\/posts\/33393\/revisions\/33499"}],"wp:featuredmedia":[{"embeddable":true,"href":"https:\/\/agora.xtec.cat\/ceip-lesroquesblaves\/wp-json\/wp\/v2\/media\/33493"}],"wp:attachment":[{"href":"https:\/\/agora.xtec.cat\/ceip-lesroquesblaves\/wp-json\/wp\/v2\/media?parent=33393"}],"wp:term":[{"taxonomy":"category","embeddable":true,"href":"https:\/\/agora.xtec.cat\/ceip-lesroquesblaves\/wp-json\/wp\/v2\/categories?post=33393"},{"taxonomy":"post_tag","embeddable":true,"href":"https:\/\/agora.xtec.cat\/ceip-lesroquesblaves\/wp-json\/wp\/v2\/tags?post=33393"}],"curies":[{"name":"wp","href":"https:\/\/api.w.org\/{rel}","templated":true}]}}