{"id":32723,"date":"2025-11-11T17:25:50","date_gmt":"2025-11-11T16:25:50","guid":{"rendered":"https:\/\/agora.xtec.cat\/ceip-lesroquesblaves\/?p=32723"},"modified":"2025-11-12T17:09:36","modified_gmt":"2025-11-12T16:09:36","slug":"camp-daprenentatge-del-delta-de-lebre","status":"publish","type":"post","link":"https:\/\/agora.xtec.cat\/ceip-lesroquesblaves\/general\/camp-daprenentatge-del-delta-de-lebre\/","title":{"rendered":"Camp d&#8217;Aprenentatge del Delta de l&#8217;Ebre"},"content":{"rendered":"<p data-start=\"87\" data-end=\"435\">Aquests dies hem viscut una experi\u00e8ncia molt enriquidora al Camp d\u2019Aprenentatge del Delta de l\u2019Ebre. El nostre objectiu era entendre millor com el territori i el clima influeixen en la manera de viure de les persones que habiten les Terres de l\u2019Ebre, i ho hem fet a trav\u00e9s de l\u2019observaci\u00f3, l\u2019experimentaci\u00f3 i la descoberta directa.<\/p>\n<p data-start=\"87\" data-end=\"435\"><a href=\"https:\/\/agora.xtec.cat\/ceip-lesroquesblaves\/wp-content\/uploads\/usu36\/2025\/11\/IMG_20251105_150951.jpg\"><img loading=\"lazy\" decoding=\"async\" class=\"size-large wp-image-32751 aligncenter\" src=\"https:\/\/agora.xtec.cat\/ceip-lesroquesblaves\/wp-content\/uploads\/usu36\/2025\/11\/IMG_20251105_150951-1024x577.jpg\" alt=\"\" width=\"1024\" height=\"577\" srcset=\"https:\/\/agora.xtec.cat\/ceip-lesroquesblaves\/wp-content\/uploads\/usu36\/2025\/11\/IMG_20251105_150951-1024x577.jpg 1024w, https:\/\/agora.xtec.cat\/ceip-lesroquesblaves\/wp-content\/uploads\/usu36\/2025\/11\/IMG_20251105_150951-300x169.jpg 300w, https:\/\/agora.xtec.cat\/ceip-lesroquesblaves\/wp-content\/uploads\/usu36\/2025\/11\/IMG_20251105_150951-768x433.jpg 768w, https:\/\/agora.xtec.cat\/ceip-lesroquesblaves\/wp-content\/uploads\/usu36\/2025\/11\/IMG_20251105_150951-1536x866.jpg 1536w, https:\/\/agora.xtec.cat\/ceip-lesroquesblaves\/wp-content\/uploads\/usu36\/2025\/11\/IMG_20251105_150951.jpg 1800w\" sizes=\"auto, (max-width: 1024px) 100vw, 1024px\" \/><\/a><\/p>\n<p>&nbsp;<\/p>\n<p>Des del primer moment, ens vam adonar que el Delta de l\u2019Ebre \u00e9s un lloc on la terra, l\u2019aigua i el vent s\u00f3n protagonistes i on tot est\u00e0 connectat. Els arrossars, els canals, les platges i les llacunes ens van ajudar a comprendre com el paisatge i el clima condicionen les activitats humanes i la manera com la gent s\u2019organitza per viure-hi.<\/p>\n<p data-start=\"437\" data-end=\"834\"><a href=\"https:\/\/agora.xtec.cat\/ceip-lesroquesblaves\/wp-content\/uploads\/usu36\/2025\/11\/IMG_20251105_172331.jpg\"><img loading=\"lazy\" decoding=\"async\" class=\"size-large wp-image-32738 aligncenter\" src=\"https:\/\/agora.xtec.cat\/ceip-lesroquesblaves\/wp-content\/uploads\/usu36\/2025\/11\/IMG_20251105_172331-1024x577.jpg\" alt=\"\" width=\"1024\" height=\"577\" srcset=\"https:\/\/agora.xtec.cat\/ceip-lesroquesblaves\/wp-content\/uploads\/usu36\/2025\/11\/IMG_20251105_172331-1024x577.jpg 1024w, https:\/\/agora.xtec.cat\/ceip-lesroquesblaves\/wp-content\/uploads\/usu36\/2025\/11\/IMG_20251105_172331-300x169.jpg 300w, https:\/\/agora.xtec.cat\/ceip-lesroquesblaves\/wp-content\/uploads\/usu36\/2025\/11\/IMG_20251105_172331-768x433.jpg 768w, https:\/\/agora.xtec.cat\/ceip-lesroquesblaves\/wp-content\/uploads\/usu36\/2025\/11\/IMG_20251105_172331-1536x866.jpg 1536w, https:\/\/agora.xtec.cat\/ceip-lesroquesblaves\/wp-content\/uploads\/usu36\/2025\/11\/IMG_20251105_172331.jpg 1800w\" sizes=\"auto, (max-width: 1024px) 100vw, 1024px\" \/><\/a><\/p>\n<p data-start=\"836\" data-end=\"1328\">Un dels aspectes que m\u00e9s ens va interessar va ser la pesca una de les activitats econ\u00f2miques m\u00e9s importants del Delta. Ens vam centrar especialment en l\u2019estudi del musclo, un producte molt valorat i t\u00edpic d\u2019aquesta zona. Vam aprendre com es crien els musclos a les muscleres, com es cuiden i quins factors ambientals afecten el seu creixement. Vam entendre com aquests animals formen part de l\u2019ecosistema i de l\u2019economia local.<a href=\"https:\/\/agora.xtec.cat\/ceip-lesroquesblaves\/wp-content\/uploads\/usu36\/2025\/11\/IMG_20251106_110231.jpg\"> \u00a0<\/a><\/p>\n<p data-start=\"836\" data-end=\"1328\"><a href=\"https:\/\/agora.xtec.cat\/ceip-lesroquesblaves\/wp-content\/uploads\/usu36\/2025\/11\/IMG_20251106_113255-1.jpg\"><img loading=\"lazy\" decoding=\"async\" class=\"size-large wp-image-32736 aligncenter\" src=\"https:\/\/agora.xtec.cat\/ceip-lesroquesblaves\/wp-content\/uploads\/usu36\/2025\/11\/IMG_20251106_113255-1-1024x578.jpg\" alt=\"\" width=\"1024\" height=\"578\" srcset=\"https:\/\/agora.xtec.cat\/ceip-lesroquesblaves\/wp-content\/uploads\/usu36\/2025\/11\/IMG_20251106_113255-1-1024x578.jpg 1024w, https:\/\/agora.xtec.cat\/ceip-lesroquesblaves\/wp-content\/uploads\/usu36\/2025\/11\/IMG_20251106_113255-1-300x169.jpg 300w, https:\/\/agora.xtec.cat\/ceip-lesroquesblaves\/wp-content\/uploads\/usu36\/2025\/11\/IMG_20251106_113255-1-768x433.jpg 768w, https:\/\/agora.xtec.cat\/ceip-lesroquesblaves\/wp-content\/uploads\/usu36\/2025\/11\/IMG_20251106_113255-1-1536x866.jpg 1536w, https:\/\/agora.xtec.cat\/ceip-lesroquesblaves\/wp-content\/uploads\/usu36\/2025\/11\/IMG_20251106_113255-1.jpg 2000w\" sizes=\"auto, (max-width: 1024px) 100vw, 1024px\" \/><\/a><\/p>\n<p data-start=\"1330\" data-end=\"1707\">A m\u00e9s, vam realitzar una observaci\u00f3 d\u2019aus, una de les activitats m\u00e9s emocionants del dia. Amb prism\u00e0tics i telescopis a la m\u00e0, vam poder identificar diferents esp\u00e8cies d\u2019ocells que viuen o fan parada al Delta durant les seves migracions. Ens va sorprendre la diversitat d\u2019aus que hi habiten i la import\u00e0ncia d\u2019aquest espai natural com a refugi i lloc de pas per a moltes esp\u00e8cies.<\/p>\n<p data-start=\"1330\" data-end=\"1707\"><a href=\"https:\/\/agora.xtec.cat\/ceip-lesroquesblaves\/wp-content\/uploads\/usu36\/2025\/11\/PANO_20251107_113633.jpg\"><img loading=\"lazy\" decoding=\"async\" class=\" wp-image-32733 aligncenter\" src=\"https:\/\/agora.xtec.cat\/ceip-lesroquesblaves\/wp-content\/uploads\/usu36\/2025\/11\/PANO_20251107_113633-1024x205.jpg\" alt=\"\" width=\"1099\" height=\"220\" srcset=\"https:\/\/agora.xtec.cat\/ceip-lesroquesblaves\/wp-content\/uploads\/usu36\/2025\/11\/PANO_20251107_113633-1024x205.jpg 1024w, https:\/\/agora.xtec.cat\/ceip-lesroquesblaves\/wp-content\/uploads\/usu36\/2025\/11\/PANO_20251107_113633-300x60.jpg 300w, https:\/\/agora.xtec.cat\/ceip-lesroquesblaves\/wp-content\/uploads\/usu36\/2025\/11\/PANO_20251107_113633-768x154.jpg 768w, https:\/\/agora.xtec.cat\/ceip-lesroquesblaves\/wp-content\/uploads\/usu36\/2025\/11\/PANO_20251107_113633-1536x307.jpg 1536w, https:\/\/agora.xtec.cat\/ceip-lesroquesblaves\/wp-content\/uploads\/usu36\/2025\/11\/PANO_20251107_113633.jpg 1800w\" sizes=\"auto, (max-width: 1099px) 100vw, 1099px\" \/><\/a><\/p>\n<p data-start=\"1709\" data-end=\"2024\">Hem descobert La R\u00e0pita, la seva hist\u00f2ria i la manera de viure dels seus habitants.<a href=\"https:\/\/agora.xtec.cat\/ceip-lesroquesblaves\/wp-content\/uploads\/usu36\/2025\/11\/PANO_20251105_164350.jpg\"><img loading=\"lazy\" decoding=\"async\" class=\"wp-image-32753 alignright\" src=\"https:\/\/agora.xtec.cat\/ceip-lesroquesblaves\/wp-content\/uploads\/usu36\/2025\/11\/PANO_20251105_164350-1024x637.jpg\" alt=\"\" width=\"700\" height=\"435\" srcset=\"https:\/\/agora.xtec.cat\/ceip-lesroquesblaves\/wp-content\/uploads\/usu36\/2025\/11\/PANO_20251105_164350-1024x637.jpg 1024w, https:\/\/agora.xtec.cat\/ceip-lesroquesblaves\/wp-content\/uploads\/usu36\/2025\/11\/PANO_20251105_164350-300x187.jpg 300w, https:\/\/agora.xtec.cat\/ceip-lesroquesblaves\/wp-content\/uploads\/usu36\/2025\/11\/PANO_20251105_164350-768x478.jpg 768w, https:\/\/agora.xtec.cat\/ceip-lesroquesblaves\/wp-content\/uploads\/usu36\/2025\/11\/PANO_20251105_164350-1536x956.jpg 1536w, https:\/\/agora.xtec.cat\/ceip-lesroquesblaves\/wp-content\/uploads\/usu36\/2025\/11\/PANO_20251105_164350.jpg 1800w\" sizes=\"auto, (max-width: 700px) 100vw, 700px\" \/><\/a><\/p>\n<p data-start=\"2026\" data-end=\"2306\">Tornem de les col\u00f2nies amb la sensaci\u00f3 d\u2019haver apr\u00e8s molt m\u00e9s del que imagin\u00e0vem. Vam marxar amb uns coneixements previs sobre el Delta, per\u00f2 hem tornat amb una motxilla plena d\u2019aprenentatges nous, experi\u00e8ncies compartides i moltes ganes de seguir descobrint el nostre entorn.<\/p>\n<p data-start=\"2026\" data-end=\"2306\">\n","protected":false},"excerpt":{"rendered":"<p>Hem viscut una experi\u00e8ncia \u00fanica al Camp d\u2019Aprenentatge del Delta de l\u2019Ebre, on hem descobert com el territori, el clima i les persones estan estretament connectats. A trav\u00e9s de l\u2019observaci\u00f3 i l\u2019experimentaci\u00f3, hem ent\u00e8s com el paisatge del Delta \u2014amb els seus arrossars, canals i llacunes\u2014 condiciona la vida i les activitats de la gent. Ens hem endinsat en el m\u00f3n de la pesca, especialment en el cultiu del musclo, i hem observat la gran varietat d\u2019aus que habiten o fan parada en aquest espai natural tan ric. Tamb\u00e9 hem conegut la hist\u00f2ria i la vida quotidiana de La R\u00e0pita, descobrint un territori ple de natura, treball i identitat.&hellip;  <a href=\"https:\/\/agora.xtec.cat\/ceip-lesroquesblaves\/general\/camp-daprenentatge-del-delta-de-lebre\/\" title=\"Read Camp d&#8217;Aprenentatge del Delta de l&#8217;Ebre\">Llegeix m\u00e9s\u00bb<\/a><\/p>\n","protected":false},"author":61,"featured_media":32726,"comment_status":"open","ping_status":"open","sticky":false,"template":"","format":"standard","meta":{"footnotes":""},"categories":[269,1],"tags":[],"class_list":["post-32723","post","type-post","status-publish","format-standard","has-post-thumbnail","hentry","category-promocio2018-27","category-general"],"post_mailing_queue_ids":[],"_links":{"self":[{"href":"https:\/\/agora.xtec.cat\/ceip-lesroquesblaves\/wp-json\/wp\/v2\/posts\/32723","targetHints":{"allow":["GET"]}}],"collection":[{"href":"https:\/\/agora.xtec.cat\/ceip-lesroquesblaves\/wp-json\/wp\/v2\/posts"}],"about":[{"href":"https:\/\/agora.xtec.cat\/ceip-lesroquesblaves\/wp-json\/wp\/v2\/types\/post"}],"author":[{"embeddable":true,"href":"https:\/\/agora.xtec.cat\/ceip-lesroquesblaves\/wp-json\/wp\/v2\/users\/61"}],"replies":[{"embeddable":true,"href":"https:\/\/agora.xtec.cat\/ceip-lesroquesblaves\/wp-json\/wp\/v2\/comments?post=32723"}],"version-history":[{"count":6,"href":"https:\/\/agora.xtec.cat\/ceip-lesroquesblaves\/wp-json\/wp\/v2\/posts\/32723\/revisions"}],"predecessor-version":[{"id":32760,"href":"https:\/\/agora.xtec.cat\/ceip-lesroquesblaves\/wp-json\/wp\/v2\/posts\/32723\/revisions\/32760"}],"wp:featuredmedia":[{"embeddable":true,"href":"https:\/\/agora.xtec.cat\/ceip-lesroquesblaves\/wp-json\/wp\/v2\/media\/32726"}],"wp:attachment":[{"href":"https:\/\/agora.xtec.cat\/ceip-lesroquesblaves\/wp-json\/wp\/v2\/media?parent=32723"}],"wp:term":[{"taxonomy":"category","embeddable":true,"href":"https:\/\/agora.xtec.cat\/ceip-lesroquesblaves\/wp-json\/wp\/v2\/categories?post=32723"},{"taxonomy":"post_tag","embeddable":true,"href":"https:\/\/agora.xtec.cat\/ceip-lesroquesblaves\/wp-json\/wp\/v2\/tags?post=32723"}],"curies":[{"name":"wp","href":"https:\/\/api.w.org\/{rel}","templated":true}]}}