{"id":31875,"date":"2025-05-14T22:13:53","date_gmt":"2025-05-14T20:13:53","guid":{"rendered":"https:\/\/agora.xtec.cat\/ceip-lesroquesblaves\/?p=31875"},"modified":"2025-05-14T22:13:53","modified_gmt":"2025-05-14T20:13:53","slug":"compromesos-amb-el-medi-ambient-lets-clean-up-europe-2025","status":"publish","type":"post","link":"https:\/\/agora.xtec.cat\/ceip-lesroquesblaves\/general\/compromesos-amb-el-medi-ambient-lets-clean-up-europe-2025\/","title":{"rendered":"Compromesos amb el medi ambient: Let&#8217;s Clean Up Europe 2025"},"content":{"rendered":"<p>El divendres 9 de maig, vam tornar a formar part de l\u2019acci\u00f3 europea de neteja de residus, una iniciativa que busca conscienciar sobre la quantitat de deixalles que llan\u00e7em de forma incontrolada a la natura i fomentar actuacions de sensibilitzaci\u00f3 i respecte pel medi ambient.<\/p>\n<p><a href=\"https:\/\/agora.xtec.cat\/ceip-lesroquesblaves\/wp-content\/uploads\/usu36\/2025\/05\/lets-clean-up.png\"><img loading=\"lazy\" decoding=\"async\" class=\"alignnone size-full wp-image-31876\" src=\"https:\/\/agora.xtec.cat\/ceip-lesroquesblaves\/wp-content\/uploads\/usu36\/2025\/05\/lets-clean-up.png\" alt=\"\" width=\"762\" height=\"173\" srcset=\"https:\/\/agora.xtec.cat\/ceip-lesroquesblaves\/wp-content\/uploads\/usu36\/2025\/05\/lets-clean-up.png 762w, https:\/\/agora.xtec.cat\/ceip-lesroquesblaves\/wp-content\/uploads\/usu36\/2025\/05\/lets-clean-up-300x68.png 300w\" sizes=\"auto, (max-width: 762px) 100vw, 762px\" \/><\/a><\/p>\n<p>Aquest any, hem col\u00b7laborat amb l\u2019escola Montserrat i l\u2019Institut El Cairat per dur a terme aquesta acci\u00f3 conjunta. La zona escollida per a la neteja ha estat el cam\u00ed que baixa cap a Olesa, un entorn natural que necessita de la nostra cura i atenci\u00f3 per preservar-lo per a les futures generacions.<\/p>\n<p><a href=\"https:\/\/agora.xtec.cat\/ceip-lesroquesblaves\/wp-content\/uploads\/usu36\/2025\/05\/clen-up-inici.jpg\"><img loading=\"lazy\" decoding=\"async\" class=\"size-large wp-image-31877 aligncenter\" src=\"https:\/\/agora.xtec.cat\/ceip-lesroquesblaves\/wp-content\/uploads\/usu36\/2025\/05\/clen-up-inici-1024x768.jpg\" alt=\"\" width=\"1024\" height=\"768\" srcset=\"https:\/\/agora.xtec.cat\/ceip-lesroquesblaves\/wp-content\/uploads\/usu36\/2025\/05\/clen-up-inici-1024x768.jpg 1024w, https:\/\/agora.xtec.cat\/ceip-lesroquesblaves\/wp-content\/uploads\/usu36\/2025\/05\/clen-up-inici-300x225.jpg 300w, https:\/\/agora.xtec.cat\/ceip-lesroquesblaves\/wp-content\/uploads\/usu36\/2025\/05\/clen-up-inici-768x576.jpg 768w, https:\/\/agora.xtec.cat\/ceip-lesroquesblaves\/wp-content\/uploads\/usu36\/2025\/05\/clen-up-inici-1536x1152.jpg 1536w, https:\/\/agora.xtec.cat\/ceip-lesroquesblaves\/wp-content\/uploads\/usu36\/2025\/05\/clen-up-inici-200x150.jpg 200w, https:\/\/agora.xtec.cat\/ceip-lesroquesblaves\/wp-content\/uploads\/usu36\/2025\/05\/clen-up-inici.jpg 2000w\" sizes=\"auto, (max-width: 1024px) 100vw, 1024px\" \/><\/a><\/p>\n<blockquote>\n<p style=\"text-align: right\">Benvinguda a l&#8217;acci\u00f3 del Clean up<\/p>\n<\/blockquote>\n<p>&nbsp;<\/p>\n<p>L&#8217;acte va comen\u00e7ar amb una benvinguda i una petita exposici\u00f3 portada a terme pels delegats verds de cada centre que ens van parlar sobre la fauna, la vegetaci\u00f3 i l&#8217;inter\u00e8s cutural i patrimonial de cam\u00ed a netejar.<\/p>\n<blockquote>\n<p style=\"text-align: right\"><a href=\"https:\/\/agora.xtec.cat\/ceip-lesroquesblaves\/wp-content\/uploads\/usu36\/2025\/05\/IMG_20250514_191204.jpg\"><img loading=\"lazy\" decoding=\"async\" class=\"alignnone size-large wp-image-31879 alignright\" src=\"https:\/\/agora.xtec.cat\/ceip-lesroquesblaves\/wp-content\/uploads\/usu36\/2025\/05\/IMG_20250514_191204-1024x1024.jpg\" alt=\"\" width=\"1024\" height=\"1024\" srcset=\"https:\/\/agora.xtec.cat\/ceip-lesroquesblaves\/wp-content\/uploads\/usu36\/2025\/05\/IMG_20250514_191204-1024x1024.jpg 1024w, https:\/\/agora.xtec.cat\/ceip-lesroquesblaves\/wp-content\/uploads\/usu36\/2025\/05\/IMG_20250514_191204-300x300.jpg 300w, https:\/\/agora.xtec.cat\/ceip-lesroquesblaves\/wp-content\/uploads\/usu36\/2025\/05\/IMG_20250514_191204-150x150.jpg 150w, https:\/\/agora.xtec.cat\/ceip-lesroquesblaves\/wp-content\/uploads\/usu36\/2025\/05\/IMG_20250514_191204-768x768.jpg 768w, https:\/\/agora.xtec.cat\/ceip-lesroquesblaves\/wp-content\/uploads\/usu36\/2025\/05\/IMG_20250514_191204-1536x1536.jpg 1536w, https:\/\/agora.xtec.cat\/ceip-lesroquesblaves\/wp-content\/uploads\/usu36\/2025\/05\/IMG_20250514_191204.jpg 1564w\" sizes=\"auto, (max-width: 1024px) 100vw, 1024px\" \/><\/a><span style=\"font-family: inherit;font-size: 1em;text-align: right\">Els nostres delegats verds de CS van ser els encarregats d&#8217;exposar l&#8217;inter\u00e8s patrimonial del cam\u00ed a netejar, el que baixa a Olesa.<\/span><\/p>\n<\/blockquote>\n<p>&nbsp;<\/p>\n<p>Durant la jornada, alumnes de diferents edats i algunes fam\u00edlies, van posar en pr\u00e0ctica els valors de responsabilitat i respecte pel medi ambient, recollint tot tipus de residus i sent conscients de la import\u00e0ncia de mantenir els espais naturals nets.<\/p>\n<blockquote>\n<p style=\"text-align: right\"><a href=\"https:\/\/agora.xtec.cat\/ceip-lesroquesblaves\/wp-content\/uploads\/usu36\/2025\/05\/IMG_20250514_191411-nova.jpg\"><img loading=\"lazy\" decoding=\"async\" class=\"alignnone size-large wp-image-31880\" src=\"https:\/\/agora.xtec.cat\/ceip-lesroquesblaves\/wp-content\/uploads\/usu36\/2025\/05\/IMG_20250514_191411-nova-1024x1024.jpg\" alt=\"\" width=\"1024\" height=\"1024\" srcset=\"https:\/\/agora.xtec.cat\/ceip-lesroquesblaves\/wp-content\/uploads\/usu36\/2025\/05\/IMG_20250514_191411-nova-1024x1024.jpg 1024w, https:\/\/agora.xtec.cat\/ceip-lesroquesblaves\/wp-content\/uploads\/usu36\/2025\/05\/IMG_20250514_191411-nova-300x300.jpg 300w, https:\/\/agora.xtec.cat\/ceip-lesroquesblaves\/wp-content\/uploads\/usu36\/2025\/05\/IMG_20250514_191411-nova-150x150.jpg 150w, https:\/\/agora.xtec.cat\/ceip-lesroquesblaves\/wp-content\/uploads\/usu36\/2025\/05\/IMG_20250514_191411-nova-768x768.jpg 768w, https:\/\/agora.xtec.cat\/ceip-lesroquesblaves\/wp-content\/uploads\/usu36\/2025\/05\/IMG_20250514_191411-nova-1536x1536.jpg 1536w, https:\/\/agora.xtec.cat\/ceip-lesroquesblaves\/wp-content\/uploads\/usu36\/2025\/05\/IMG_20250514_191411-nova.jpg 1564w\" sizes=\"auto, (max-width: 1024px) 100vw, 1024px\" \/><\/a><span style=\"font-family: inherit;font-size: 1em;text-align: right\">Infants i fam\u00edles van estar netejant el cam\u00ed<\/span><\/p>\n<\/blockquote>\n<p>&nbsp;<\/p>\n<p>Per acabar, van llen\u00e7ar tot el que s&#8217;havia recollit en el contenidor corresponent.<\/p>\n<blockquote>\n<p style=\"text-align: right\"><a href=\"https:\/\/agora.xtec.cat\/ceip-lesroquesblaves\/wp-content\/uploads\/usu36\/2025\/05\/IMG_20250514_191812-1.jpg\"><img loading=\"lazy\" decoding=\"async\" class=\"alignnone size-large wp-image-31881\" src=\"https:\/\/agora.xtec.cat\/ceip-lesroquesblaves\/wp-content\/uploads\/usu36\/2025\/05\/IMG_20250514_191812-1-1024x1024.jpg\" alt=\"\" width=\"1024\" height=\"1024\" srcset=\"https:\/\/agora.xtec.cat\/ceip-lesroquesblaves\/wp-content\/uploads\/usu36\/2025\/05\/IMG_20250514_191812-1-1024x1024.jpg 1024w, https:\/\/agora.xtec.cat\/ceip-lesroquesblaves\/wp-content\/uploads\/usu36\/2025\/05\/IMG_20250514_191812-1-300x300.jpg 300w, https:\/\/agora.xtec.cat\/ceip-lesroquesblaves\/wp-content\/uploads\/usu36\/2025\/05\/IMG_20250514_191812-1-150x150.jpg 150w, https:\/\/agora.xtec.cat\/ceip-lesroquesblaves\/wp-content\/uploads\/usu36\/2025\/05\/IMG_20250514_191812-1-768x768.jpg 768w, https:\/\/agora.xtec.cat\/ceip-lesroquesblaves\/wp-content\/uploads\/usu36\/2025\/05\/IMG_20250514_191812-1-1536x1536.jpg 1536w, https:\/\/agora.xtec.cat\/ceip-lesroquesblaves\/wp-content\/uploads\/usu36\/2025\/05\/IMG_20250514_191812-1.jpg 1564w\" sizes=\"auto, (max-width: 1024px) 100vw, 1024px\" \/><\/a><span style=\"font-family: inherit;font-size: 1em\">Cada cosa al seu lloc.<\/span><\/p>\n<\/blockquote>\n<p>&nbsp;<\/p>\n","protected":false},"excerpt":{"rendered":"<p>Un any m\u00e9s hem participat al Clean Up Europe. Aquesta vegada hem fet una acci\u00f3 conjunta amb l&#8217;escola Montserrat i l&#8217;Institut el Cairat.&hellip;  <a href=\"https:\/\/agora.xtec.cat\/ceip-lesroquesblaves\/general\/compromesos-amb-el-medi-ambient-lets-clean-up-europe-2025\/\" title=\"Read Compromesos amb el medi ambient: Let&#8217;s Clean Up Europe 2025\">Llegeix m\u00e9s\u00bb<\/a><\/p>\n","protected":false},"author":61,"featured_media":31876,"comment_status":"open","ping_status":"closed","sticky":false,"template":"","format":"standard","meta":{"footnotes":""},"categories":[324,269,351,1],"tags":[653,652,462],"class_list":["post-31875","post","type-post","status-publish","format-standard","has-post-thumbnail","hentry","category-promocio2019-28","category-promocio2018-27","category-sostenibilitat","category-general","tag-3r-i-4t","tag-accio-conjunta","tag-european-clean-up-day"],"post_mailing_queue_ids":[],"_links":{"self":[{"href":"https:\/\/agora.xtec.cat\/ceip-lesroquesblaves\/wp-json\/wp\/v2\/posts\/31875","targetHints":{"allow":["GET"]}}],"collection":[{"href":"https:\/\/agora.xtec.cat\/ceip-lesroquesblaves\/wp-json\/wp\/v2\/posts"}],"about":[{"href":"https:\/\/agora.xtec.cat\/ceip-lesroquesblaves\/wp-json\/wp\/v2\/types\/post"}],"author":[{"embeddable":true,"href":"https:\/\/agora.xtec.cat\/ceip-lesroquesblaves\/wp-json\/wp\/v2\/users\/61"}],"replies":[{"embeddable":true,"href":"https:\/\/agora.xtec.cat\/ceip-lesroquesblaves\/wp-json\/wp\/v2\/comments?post=31875"}],"version-history":[{"count":2,"href":"https:\/\/agora.xtec.cat\/ceip-lesroquesblaves\/wp-json\/wp\/v2\/posts\/31875\/revisions"}],"predecessor-version":[{"id":31883,"href":"https:\/\/agora.xtec.cat\/ceip-lesroquesblaves\/wp-json\/wp\/v2\/posts\/31875\/revisions\/31883"}],"wp:featuredmedia":[{"embeddable":true,"href":"https:\/\/agora.xtec.cat\/ceip-lesroquesblaves\/wp-json\/wp\/v2\/media\/31876"}],"wp:attachment":[{"href":"https:\/\/agora.xtec.cat\/ceip-lesroquesblaves\/wp-json\/wp\/v2\/media?parent=31875"}],"wp:term":[{"taxonomy":"category","embeddable":true,"href":"https:\/\/agora.xtec.cat\/ceip-lesroquesblaves\/wp-json\/wp\/v2\/categories?post=31875"},{"taxonomy":"post_tag","embeddable":true,"href":"https:\/\/agora.xtec.cat\/ceip-lesroquesblaves\/wp-json\/wp\/v2\/tags?post=31875"}],"curies":[{"name":"wp","href":"https:\/\/api.w.org\/{rel}","templated":true}]}}