{"id":29150,"date":"2023-10-06T20:29:48","date_gmt":"2023-10-06T18:29:48","guid":{"rendered":"https:\/\/agora.xtec.cat\/ceip-lesroquesblaves\/?p=29150"},"modified":"2023-10-06T20:38:10","modified_gmt":"2023-10-06T18:38:10","slug":"udi-si-yo-fuera-don-quijote-de-la-manxa","status":"publish","type":"post","link":"https:\/\/agora.xtec.cat\/ceip-lesroquesblaves\/general\/udi-si-yo-fuera-don-quijote-de-la-manxa\/","title":{"rendered":"UDI Si yo fuera &#8230; Don Quijote"},"content":{"rendered":"<p><a href=\"https:\/\/agora.xtec.cat\/ceip-lesroquesblaves\/wp-content\/uploads\/usu36\/2022\/11\/molino.jpg\"><img loading=\"lazy\" decoding=\"async\" class=\"wp-image-27306 alignleft\" src=\"https:\/\/agora.xtec.cat\/ceip-lesroquesblaves\/wp-content\/uploads\/usu36\/2022\/11\/molino.jpg\" alt=\"\" width=\"146\" height=\"155\" \/><\/a>Fa uns dies l\u2019alumnat de 6\u00e8 va encetar\u00a0 l&#8217;UDI centrada en el personatge de Don Quijote i en el seu autor, Miguel de Cervantes. Ens endinsem aix\u00ed en una de les obres m\u00e9s importants de la literatura castellana. Descobrirem, entre altres, els secrets del funcionament d\u2019una llengua, cosa que ens portar\u00e0 a millorar la nostra compet\u00e8ncia ling\u00fc\u00edstica. Us deixem els<strong>\u00a0<a href=\"https:\/\/drive.google.com\/file\/d\/1mGqTlU5WWMDd0ymtahRHthQy_LnAiuKl\/view?usp=sharing\">criteris d\u2019avaluaci\u00f3<\/a><\/strong> que pautaran la nostra aventura.<\/p>\n","protected":false},"excerpt":{"rendered":"<p><a href=\"https:\/\/agora.xtec.cat\/ceip-lesroquesblaves\/wp-content\/uploads\/usu36\/2022\/11\/molino.jpg\"><\/a>Fa uns dies l\u2019alumnat de 6\u00e8 va encetar\u00a0 l&#8217;UDI centrada en el personatge de Don Quijote i en el seu autor, Miguel de Cervantes. Ens endinsem aix\u00ed en una de les obres m\u00e9s importants de la literatura castellana. Descobrirem, entre altres, els secrets del&hellip;  <a href=\"https:\/\/agora.xtec.cat\/ceip-lesroquesblaves\/general\/udi-si-yo-fuera-don-quijote-de-la-manxa\/\" title=\"Read UDI Si yo fuera &#8230; Don Quijote\">Llegeix m\u00e9s\u00bb<\/a><\/p>\n","protected":false},"author":93,"featured_media":29151,"comment_status":"open","ping_status":"closed","sticky":false,"template":"","format":"standard","meta":{"footnotes":""},"categories":[1,265],"tags":[],"class_list":["post-29150","post","type-post","status-publish","format-standard","has-post-thumbnail","hentry","category-general","category-2015-24"],"post_mailing_queue_ids":[],"_links":{"self":[{"href":"https:\/\/agora.xtec.cat\/ceip-lesroquesblaves\/wp-json\/wp\/v2\/posts\/29150","targetHints":{"allow":["GET"]}}],"collection":[{"href":"https:\/\/agora.xtec.cat\/ceip-lesroquesblaves\/wp-json\/wp\/v2\/posts"}],"about":[{"href":"https:\/\/agora.xtec.cat\/ceip-lesroquesblaves\/wp-json\/wp\/v2\/types\/post"}],"author":[{"embeddable":true,"href":"https:\/\/agora.xtec.cat\/ceip-lesroquesblaves\/wp-json\/wp\/v2\/users\/93"}],"replies":[{"embeddable":true,"href":"https:\/\/agora.xtec.cat\/ceip-lesroquesblaves\/wp-json\/wp\/v2\/comments?post=29150"}],"version-history":[{"count":4,"href":"https:\/\/agora.xtec.cat\/ceip-lesroquesblaves\/wp-json\/wp\/v2\/posts\/29150\/revisions"}],"predecessor-version":[{"id":29153,"href":"https:\/\/agora.xtec.cat\/ceip-lesroquesblaves\/wp-json\/wp\/v2\/posts\/29150\/revisions\/29153"}],"wp:featuredmedia":[{"embeddable":true,"href":"https:\/\/agora.xtec.cat\/ceip-lesroquesblaves\/wp-json\/wp\/v2\/media\/29151"}],"wp:attachment":[{"href":"https:\/\/agora.xtec.cat\/ceip-lesroquesblaves\/wp-json\/wp\/v2\/media?parent=29150"}],"wp:term":[{"taxonomy":"category","embeddable":true,"href":"https:\/\/agora.xtec.cat\/ceip-lesroquesblaves\/wp-json\/wp\/v2\/categories?post=29150"},{"taxonomy":"post_tag","embeddable":true,"href":"https:\/\/agora.xtec.cat\/ceip-lesroquesblaves\/wp-json\/wp\/v2\/tags?post=29150"}],"curies":[{"name":"wp","href":"https:\/\/api.w.org\/{rel}","templated":true}]}}