{"id":28504,"date":"2023-04-24T13:56:07","date_gmt":"2023-04-24T11:56:07","guid":{"rendered":"https:\/\/agora.xtec.cat\/ceip-lesroquesblaves\/?p=28504"},"modified":"2023-04-24T13:56:07","modified_gmt":"2023-04-24T11:56:07","slug":"setmana-literaria-a-1r","status":"publish","type":"post","link":"https:\/\/agora.xtec.cat\/ceip-lesroquesblaves\/primaria\/promocio2019-28\/setmana-literaria-a-1r\/","title":{"rendered":"SETMANA LITER\u00c0RIA A 1r"},"content":{"rendered":"<p>Si fa uns dies ens vam convertir en congressistes, aquesta setmana passada, amb motiu de la diada de Sant Jordi,\u00a0 l&#8217;alumnat de 1r ens vam convertir en aut\u00e8ntics escriptores i escriptors. Estem tan contents i contentes de la feina feta que volem compartir amb vosaltres els rodolins que vam crear per al Certamen Literari de l&#8217;escola. No va ser feina f\u00e0cil, per\u00f2 com sempre, la motivaci\u00f3 i esfor\u00e7 tenen la seva recompensa. Clicant la imatge podreu llegir les nostres obres!<\/p>\n<p><a href=\"https:\/\/drive.google.com\/file\/d\/1aTCHTbC4ME5OJ6cf6oFucCmsHGKNzkSn\/view?usp=share_link\"><img loading=\"lazy\" decoding=\"async\" class=\"wp-image-28517 aligncenter\" src=\"https:\/\/agora.xtec.cat\/ceip-lesroquesblaves\/wp-content\/uploads\/usu36\/2023\/04\/Sant-Jordi-1024x457.jpg\" alt=\"\" width=\"764\" height=\"341\" srcset=\"https:\/\/agora.xtec.cat\/ceip-lesroquesblaves\/wp-content\/uploads\/usu36\/2023\/04\/Sant-Jordi-1024x457.jpg 1024w, https:\/\/agora.xtec.cat\/ceip-lesroquesblaves\/wp-content\/uploads\/usu36\/2023\/04\/Sant-Jordi-300x134.jpg 300w, https:\/\/agora.xtec.cat\/ceip-lesroquesblaves\/wp-content\/uploads\/usu36\/2023\/04\/Sant-Jordi-768x343.jpg 768w, https:\/\/agora.xtec.cat\/ceip-lesroquesblaves\/wp-content\/uploads\/usu36\/2023\/04\/Sant-Jordi.jpg 1512w\" sizes=\"auto, (max-width: 764px) 100vw, 764px\" \/><\/a><\/p>\n<p>&nbsp;<\/p>\n<p>Volem aprofitar per compartir tamb\u00e9 el conte col\u00b7lectiu que vam crear per al Certamen Literari organitzat per l&#8217;Ajuntament. No vam guanyar, no, per\u00f2 ens emportem una altra gran experi\u00e8ncia, i sobretot la satisfacci\u00f3 del treball en grup i tot el que aix\u00f2 comporta; col\u00b7laboraci\u00f3, respecte, empatia&#8230; Tan de bo no perdem mai aquesta imaginaci\u00f3 i innoc\u00e8ncia que ens fa a tots i a totes tan especials!<\/p>\n<p>&nbsp;<\/p>\n<p style=\"text-align: center\"><strong><u>ELS ANIMALS I LA M\u00daSICA AL BOSC<\/u><\/strong><\/p>\n<p>HI HAVIA UNA VEGADA, EN UN BOSC NO GAIRE LLUNY D\u2019AQU\u00cd, UNA ESCOLA D\u2019ANIMALS. EN AQUESTA ESCOLA HI HAVIA LA CLASSE DELS CONILLS, LA DELS ESQUIROLS, LA DELS RATOLINS, LA DELS SENGLARS\u2026. I AIX\u00cd FINS A TOTS ELS ANIMALS QUE VIUEN AL BOSC. LA DIRECTORA D\u2019AQUESTA ESCOLA ERA LA SENYORA GUINEU, MOLT ASTUTA I PACIENT AMB TOTS ELS ANIMALETS.<\/p>\n<blockquote><p><a href=\"https:\/\/agora.xtec.cat\/ceip-lesroquesblaves\/wp-content\/uploads\/usu36\/2023\/04\/1.jpg\"><img loading=\"lazy\" decoding=\"async\" class=\"wp-image-28522 aligncenter\" src=\"https:\/\/agora.xtec.cat\/ceip-lesroquesblaves\/wp-content\/uploads\/usu36\/2023\/04\/1-1024x727.jpg\" alt=\"\" width=\"555\" height=\"394\" srcset=\"https:\/\/agora.xtec.cat\/ceip-lesroquesblaves\/wp-content\/uploads\/usu36\/2023\/04\/1-1024x727.jpg 1024w, https:\/\/agora.xtec.cat\/ceip-lesroquesblaves\/wp-content\/uploads\/usu36\/2023\/04\/1-300x213.jpg 300w, https:\/\/agora.xtec.cat\/ceip-lesroquesblaves\/wp-content\/uploads\/usu36\/2023\/04\/1-768x545.jpg 768w, https:\/\/agora.xtec.cat\/ceip-lesroquesblaves\/wp-content\/uploads\/usu36\/2023\/04\/1.jpg 1045w\" sizes=\"auto, (max-width: 555px) 100vw, 555px\" \/><\/a><\/p><\/blockquote>\n<p>UN BON DIA, ELS CONILLS ES VAN PREPARAR PER ANAR A FER LA SEVA CLASSE PREFERIDA: M\u00daSICA! VAN FER UNA FILA MOLT BEN FETA I\u00a0 VAN ANAR CAP A L\u2019AULA A ASSAJAR LES CAN\u00c7ONS QUE HAVIEN DE CANTAR AL CONCERT DE FINAL DE CURS. QUAN HI VAN ARRIBAR, SORPRESA!&#8230;VAN VEURE QUE DEL PENTAGRAMA\u00a0 DE SOBRE EL PIANO\u00a0 HAVIEN DESAPAREGUT LA CLAU DE SOL I ALGUNES NOTES MUSICALS.<\/p>\n<p>&#8211; ON S\u00d3N LA CLAU DE SOL I LES NOTES MUSICALS?- VA PREGUNTAR LA MESTRA- SENSE ELLES NO PODR\u00c9 TOCAR LES CAN\u00c7ONS PER AL CONCERT DE FINAL DE CURS!<\/p>\n<p>&#8211; JO NO EN S\u00c9 RES!<\/p>\n<p>&#8211; JO TAMPOC!<\/p>\n<p>NING\u00da SABIA QU\u00c8 HAVIA PASSAT. ON DEVIEN SER LA CLAU DE SOL I LES NOTES MUSICALS? LES HAVIEN DE TROBAR COM FOS, PERQU\u00c8 SI NO,\u00a0 NO PODRIEN PREPARAR LES CAN\u00c7ONS DEL CONCERT PER A LES FAM\u00cdLIES!<\/p>\n<p>UN CONILL VA TENIR UNA IDEA:<\/p>\n<p>&#8211; ANEM A PREGUNTAR AL SENYOR MUSSOL. ELL VIU A DALT DELS ARBRES I SEGUR QUE AMB ELS SEUS ULLS TAN GROSSOS I DES DE TANT AMUNT HA VIST ALGUNA COSA.<\/p>\n<p>TOTS ELS CONILLETS I CONILLETES, ACOMPANYATS PER LA SENYORA GUINEU VAN ANAR A TROBAR EL SENYOR MUSSOL QUE DORMIA DALT D\u2019UN ARBRE.<\/p>\n<p><a href=\"https:\/\/agora.xtec.cat\/ceip-lesroquesblaves\/wp-content\/uploads\/usu36\/2023\/04\/2.jpg\"><img loading=\"lazy\" decoding=\"async\" class=\"wp-image-28523 aligncenter\" src=\"https:\/\/agora.xtec.cat\/ceip-lesroquesblaves\/wp-content\/uploads\/usu36\/2023\/04\/2-1024x737.jpg\" alt=\"\" width=\"681\" height=\"490\" srcset=\"https:\/\/agora.xtec.cat\/ceip-lesroquesblaves\/wp-content\/uploads\/usu36\/2023\/04\/2-1024x737.jpg 1024w, https:\/\/agora.xtec.cat\/ceip-lesroquesblaves\/wp-content\/uploads\/usu36\/2023\/04\/2-300x216.jpg 300w, https:\/\/agora.xtec.cat\/ceip-lesroquesblaves\/wp-content\/uploads\/usu36\/2023\/04\/2-768x553.jpg 768w, https:\/\/agora.xtec.cat\/ceip-lesroquesblaves\/wp-content\/uploads\/usu36\/2023\/04\/2.jpg 1125w\" sizes=\"auto, (max-width: 681px) 100vw, 681px\" \/><\/a><\/p>\n<p>-MUSSOL, HAS VIST LA CLAU DE SOL I LES NOTES MUSICALS? SAPS QUI LES HA POGUT AMAGAR?<\/p>\n<p>&#8211; SI, S\u00d3N A UNA G\u00c0BIA TANCADA AMB CLAU. UN PORC SENGLAR LES HA AGAFAT A L\u2019HORA D\u2019ESBARJO, LES HA TANCAT I HA AMAGAT LA CLAU SOTA TERRA A LA LLERA DEL RIU. ANAVA RONDINANT I PARLANT SOL; DEIA QUE JA N\u2019EST\u00c0 TIP, QUE LA CLASSE DELS CONILLS CANTEU MASSA FORT I NO AFINEU GENS.<\/p>\n<p><a href=\"https:\/\/agora.xtec.cat\/ceip-lesroquesblaves\/wp-content\/uploads\/usu36\/2023\/04\/3.jpg\"><img loading=\"lazy\" decoding=\"async\" class=\"wp-image-28524 aligncenter\" src=\"https:\/\/agora.xtec.cat\/ceip-lesroquesblaves\/wp-content\/uploads\/usu36\/2023\/04\/3.jpg\" alt=\"\" width=\"274\" height=\"268\" srcset=\"https:\/\/agora.xtec.cat\/ceip-lesroquesblaves\/wp-content\/uploads\/usu36\/2023\/04\/3.jpg 459w, https:\/\/agora.xtec.cat\/ceip-lesroquesblaves\/wp-content\/uploads\/usu36\/2023\/04\/3-300x294.jpg 300w\" sizes=\"auto, (max-width: 274px) 100vw, 274px\" \/><\/a><\/p>\n<p>LA GUINEU, LA CLASSE DELS CONILLS I TOTS ELS ALTRES ANIMALS VAN ANAR CAP AL RIU GUIATS PELS MUSSOL I VAN TROBAR LA CLAU. VAN OBRIR LA G\u00c0BIA I VAN SORTIR LA CLAU DE SOL I LES NOTES MUSICALS.<\/p>\n<p><a href=\"https:\/\/agora.xtec.cat\/ceip-lesroquesblaves\/wp-content\/uploads\/usu36\/2023\/04\/4.jpg\"><img loading=\"lazy\" decoding=\"async\" class=\"wp-image-28525 aligncenter\" src=\"https:\/\/agora.xtec.cat\/ceip-lesroquesblaves\/wp-content\/uploads\/usu36\/2023\/04\/4-1024x629.jpg\" alt=\"\" width=\"687\" height=\"422\" srcset=\"https:\/\/agora.xtec.cat\/ceip-lesroquesblaves\/wp-content\/uploads\/usu36\/2023\/04\/4-1024x629.jpg 1024w, https:\/\/agora.xtec.cat\/ceip-lesroquesblaves\/wp-content\/uploads\/usu36\/2023\/04\/4-300x184.jpg 300w, https:\/\/agora.xtec.cat\/ceip-lesroquesblaves\/wp-content\/uploads\/usu36\/2023\/04\/4-768x472.jpg 768w, https:\/\/agora.xtec.cat\/ceip-lesroquesblaves\/wp-content\/uploads\/usu36\/2023\/04\/4.jpg 1042w\" sizes=\"auto, (max-width: 687px) 100vw, 687px\" \/><\/a><\/p>\n<p>LI VAN PROMETRE AL PORC SENGLAR QUE S\u2019ESFOR\u00c7ARIEN A CANTAR MILLOR I SENSE CRIDAR, TOTS VAN SER MOLT AMICS I VAN CELEBRAR EL CONCERT DE FINAL DE CURS, QUE PER CERT, VA SER TOT UN \u00c8XIT!<\/p>\n<p><a href=\"https:\/\/agora.xtec.cat\/ceip-lesroquesblaves\/wp-content\/uploads\/usu36\/2023\/04\/5.jpg\"><img loading=\"lazy\" decoding=\"async\" class=\"wp-image-28526 aligncenter\" src=\"https:\/\/agora.xtec.cat\/ceip-lesroquesblaves\/wp-content\/uploads\/usu36\/2023\/04\/5-1024x726.jpg\" alt=\"\" width=\"812\" height=\"576\" srcset=\"https:\/\/agora.xtec.cat\/ceip-lesroquesblaves\/wp-content\/uploads\/usu36\/2023\/04\/5-1024x726.jpg 1024w, https:\/\/agora.xtec.cat\/ceip-lesroquesblaves\/wp-content\/uploads\/usu36\/2023\/04\/5-300x213.jpg 300w, https:\/\/agora.xtec.cat\/ceip-lesroquesblaves\/wp-content\/uploads\/usu36\/2023\/04\/5-768x544.jpg 768w, https:\/\/agora.xtec.cat\/ceip-lesroquesblaves\/wp-content\/uploads\/usu36\/2023\/04\/5.jpg 1122w\" sizes=\"auto, (max-width: 812px) 100vw, 812px\" \/><\/a><\/p>\n<p>VET AQU\u00cd UN GOS\u00a0 I VET AQU\u00cd UN GAT, AQUEST CONTE S\u2019HA ACABAT.<\/p>\n<p>CLASSE DE LES ESFERES<\/p>\n<p>&nbsp;<\/p>\n<p>&nbsp;<\/p>\n<p>&nbsp;<\/p>\n","protected":false},"excerpt":{"rendered":"<p>Si fa uns dies ens vam convertir en congressistes, aquesta setmana passada, amb motiu de la diada de Sant Jordi,\u00a0 l&#8217;alumnat de 1r ens vam convertir en aut\u00e8ntics escriptores i escriptors. Estem tan contents i contentes de la feina feta que volem compartir amb vosaltres&hellip;  <a href=\"https:\/\/agora.xtec.cat\/ceip-lesroquesblaves\/primaria\/promocio2019-28\/setmana-literaria-a-1r\/\" title=\"Read SETMANA LITER\u00c0RIA A 1r\">Llegeix m\u00e9s\u00bb<\/a><\/p>\n","protected":false},"author":68,"featured_media":28516,"comment_status":"open","ping_status":"closed","sticky":false,"template":"","format":"standard","meta":{"footnotes":""},"categories":[324],"tags":[],"class_list":["post-28504","post","type-post","status-publish","format-standard","has-post-thumbnail","hentry","category-promocio2019-28"],"post_mailing_queue_ids":[],"_links":{"self":[{"href":"https:\/\/agora.xtec.cat\/ceip-lesroquesblaves\/wp-json\/wp\/v2\/posts\/28504","targetHints":{"allow":["GET"]}}],"collection":[{"href":"https:\/\/agora.xtec.cat\/ceip-lesroquesblaves\/wp-json\/wp\/v2\/posts"}],"about":[{"href":"https:\/\/agora.xtec.cat\/ceip-lesroquesblaves\/wp-json\/wp\/v2\/types\/post"}],"author":[{"embeddable":true,"href":"https:\/\/agora.xtec.cat\/ceip-lesroquesblaves\/wp-json\/wp\/v2\/users\/68"}],"replies":[{"embeddable":true,"href":"https:\/\/agora.xtec.cat\/ceip-lesroquesblaves\/wp-json\/wp\/v2\/comments?post=28504"}],"version-history":[{"count":3,"href":"https:\/\/agora.xtec.cat\/ceip-lesroquesblaves\/wp-json\/wp\/v2\/posts\/28504\/revisions"}],"predecessor-version":[{"id":28529,"href":"https:\/\/agora.xtec.cat\/ceip-lesroquesblaves\/wp-json\/wp\/v2\/posts\/28504\/revisions\/28529"}],"wp:featuredmedia":[{"embeddable":true,"href":"https:\/\/agora.xtec.cat\/ceip-lesroquesblaves\/wp-json\/wp\/v2\/media\/28516"}],"wp:attachment":[{"href":"https:\/\/agora.xtec.cat\/ceip-lesroquesblaves\/wp-json\/wp\/v2\/media?parent=28504"}],"wp:term":[{"taxonomy":"category","embeddable":true,"href":"https:\/\/agora.xtec.cat\/ceip-lesroquesblaves\/wp-json\/wp\/v2\/categories?post=28504"},{"taxonomy":"post_tag","embeddable":true,"href":"https:\/\/agora.xtec.cat\/ceip-lesroquesblaves\/wp-json\/wp\/v2\/tags?post=28504"}],"curies":[{"name":"wp","href":"https:\/\/api.w.org\/{rel}","templated":true}]}}