{"id":28468,"date":"2023-04-18T17:34:45","date_gmt":"2023-04-18T15:34:45","guid":{"rendered":"https:\/\/agora.xtec.cat\/ceip-lesroquesblaves\/?p=28468"},"modified":"2023-04-18T17:34:45","modified_gmt":"2023-04-18T15:34:45","slug":"les-roques-blaves","status":"publish","type":"post","link":"https:\/\/agora.xtec.cat\/ceip-lesroquesblaves\/linia-pedagogica\/apadrinem\/les-roques-blaves\/","title":{"rendered":"Les Roques Blaves"},"content":{"rendered":"<p>Aquest dilluns hem anat a l&#8217;espai natural de Les Roques Blaves per tal de seguir ampliant el coneixement d&#8217;aquest paratge i portar a terme l&#8217;activitat que ens pertoca del projecte, con\u00e8ixer la flora.<\/p>\n<p>Hem observat que els arbres que hi predominen s\u00f3n: el pi blanc, el pi pinyer, l&#8217;alzina, el roure i la olivera; l&#8217;arbust que m\u00e9s hi ha \u00e9s la llentiscle i l&#8217;esbarzer; hem trobat tamb\u00e9 moltes plantes herb\u00e0cies per\u00f2 degut a que fa tants dies que no plou estan pansides.<\/p>\n<p><a href=\"https:\/\/agora.xtec.cat\/ceip-lesroquesblaves\/wp-content\/uploads\/usu36\/2023\/04\/IMG_20230418_171817.jpg\"><img loading=\"lazy\" decoding=\"async\" class=\"alignnone size-large wp-image-28469\" src=\"https:\/\/agora.xtec.cat\/ceip-lesroquesblaves\/wp-content\/uploads\/usu36\/2023\/04\/IMG_20230418_171817-1024x1024.jpg\" alt=\"\" width=\"1024\" height=\"1024\" srcset=\"https:\/\/agora.xtec.cat\/ceip-lesroquesblaves\/wp-content\/uploads\/usu36\/2023\/04\/IMG_20230418_171817-1024x1024.jpg 1024w, https:\/\/agora.xtec.cat\/ceip-lesroquesblaves\/wp-content\/uploads\/usu36\/2023\/04\/IMG_20230418_171817-300x300.jpg 300w, https:\/\/agora.xtec.cat\/ceip-lesroquesblaves\/wp-content\/uploads\/usu36\/2023\/04\/IMG_20230418_171817-150x150.jpg 150w, https:\/\/agora.xtec.cat\/ceip-lesroquesblaves\/wp-content\/uploads\/usu36\/2023\/04\/IMG_20230418_171817-768x768.jpg 768w, https:\/\/agora.xtec.cat\/ceip-lesroquesblaves\/wp-content\/uploads\/usu36\/2023\/04\/IMG_20230418_171817-1536x1536.jpg 1536w, https:\/\/agora.xtec.cat\/ceip-lesroquesblaves\/wp-content\/uploads\/usu36\/2023\/04\/IMG_20230418_171817.jpg 1564w\" sizes=\"auto, (max-width: 1024px) 100vw, 1024px\" \/><\/a> <a href=\"https:\/\/agora.xtec.cat\/ceip-lesroquesblaves\/wp-content\/uploads\/usu36\/2023\/04\/IMG_20230418_171455.jpg\"><img loading=\"lazy\" decoding=\"async\" class=\"alignnone size-large wp-image-28471\" src=\"https:\/\/agora.xtec.cat\/ceip-lesroquesblaves\/wp-content\/uploads\/usu36\/2023\/04\/IMG_20230418_171455-1024x1024.jpg\" alt=\"\" width=\"1024\" height=\"1024\" srcset=\"https:\/\/agora.xtec.cat\/ceip-lesroquesblaves\/wp-content\/uploads\/usu36\/2023\/04\/IMG_20230418_171455-1024x1024.jpg 1024w, https:\/\/agora.xtec.cat\/ceip-lesroquesblaves\/wp-content\/uploads\/usu36\/2023\/04\/IMG_20230418_171455-300x300.jpg 300w, https:\/\/agora.xtec.cat\/ceip-lesroquesblaves\/wp-content\/uploads\/usu36\/2023\/04\/IMG_20230418_171455-150x150.jpg 150w, https:\/\/agora.xtec.cat\/ceip-lesroquesblaves\/wp-content\/uploads\/usu36\/2023\/04\/IMG_20230418_171455-768x768.jpg 768w, https:\/\/agora.xtec.cat\/ceip-lesroquesblaves\/wp-content\/uploads\/usu36\/2023\/04\/IMG_20230418_171455.jpg 1200w\" sizes=\"auto, (max-width: 1024px) 100vw, 1024px\" \/><\/a><\/p>\n","protected":false},"excerpt":{"rendered":"<p>Aquest dilluns hem anat a l&#8217;espai natural de Les Roques Blaves per tal de seguir ampliant el coneixement d&#8217;aquest paratge i portar a terme l&#8217;activitat que ens pertoca del projecte, con\u00e8ixer la flora.<br \/>\nHem observat que els arbres que hi predominen s\u00f3n: el pi blanc, el&hellip;  <a href=\"https:\/\/agora.xtec.cat\/ceip-lesroquesblaves\/linia-pedagogica\/apadrinem\/les-roques-blaves\/\" title=\"Read Les Roques Blaves\">Llegeix m\u00e9s\u00bb<\/a><\/p>\n","protected":false},"author":61,"featured_media":28472,"comment_status":"open","ping_status":"closed","sticky":false,"template":"","format":"standard","meta":{"footnotes":""},"categories":[267,175,223],"tags":[403,562,561,297,560,183],"class_list":["post-28468","post","type-post","status-publish","format-standard","has-post-thumbnail","hentry","category-promocio2017-26","category-apadrinem","category-flora","tag-3r","tag-3r-apadrinem","tag-3r-flora","tag-flora","tag-projecte-apadrinem","tag-roques-blaves"],"post_mailing_queue_ids":[],"_links":{"self":[{"href":"https:\/\/agora.xtec.cat\/ceip-lesroquesblaves\/wp-json\/wp\/v2\/posts\/28468","targetHints":{"allow":["GET"]}}],"collection":[{"href":"https:\/\/agora.xtec.cat\/ceip-lesroquesblaves\/wp-json\/wp\/v2\/posts"}],"about":[{"href":"https:\/\/agora.xtec.cat\/ceip-lesroquesblaves\/wp-json\/wp\/v2\/types\/post"}],"author":[{"embeddable":true,"href":"https:\/\/agora.xtec.cat\/ceip-lesroquesblaves\/wp-json\/wp\/v2\/users\/61"}],"replies":[{"embeddable":true,"href":"https:\/\/agora.xtec.cat\/ceip-lesroquesblaves\/wp-json\/wp\/v2\/comments?post=28468"}],"version-history":[{"count":1,"href":"https:\/\/agora.xtec.cat\/ceip-lesroquesblaves\/wp-json\/wp\/v2\/posts\/28468\/revisions"}],"predecessor-version":[{"id":28473,"href":"https:\/\/agora.xtec.cat\/ceip-lesroquesblaves\/wp-json\/wp\/v2\/posts\/28468\/revisions\/28473"}],"wp:featuredmedia":[{"embeddable":true,"href":"https:\/\/agora.xtec.cat\/ceip-lesroquesblaves\/wp-json\/wp\/v2\/media\/28472"}],"wp:attachment":[{"href":"https:\/\/agora.xtec.cat\/ceip-lesroquesblaves\/wp-json\/wp\/v2\/media?parent=28468"}],"wp:term":[{"taxonomy":"category","embeddable":true,"href":"https:\/\/agora.xtec.cat\/ceip-lesroquesblaves\/wp-json\/wp\/v2\/categories?post=28468"},{"taxonomy":"post_tag","embeddable":true,"href":"https:\/\/agora.xtec.cat\/ceip-lesroquesblaves\/wp-json\/wp\/v2\/tags?post=28468"}],"curies":[{"name":"wp","href":"https:\/\/api.w.org\/{rel}","templated":true}]}}