{"id":28257,"date":"2023-03-02T22:22:09","date_gmt":"2023-03-02T21:22:09","guid":{"rendered":"https:\/\/agora.xtec.cat\/ceip-lesroquesblaves\/?p=28257"},"modified":"2023-03-03T09:29:43","modified_gmt":"2023-03-03T08:29:43","slug":"donem-la-benvinguda-als-nous-pagesos-de-lescola","status":"publish","type":"post","link":"https:\/\/agora.xtec.cat\/ceip-lesroquesblaves\/portada\/donem-la-benvinguda-als-nous-pagesos-de-lescola\/","title":{"rendered":"Donem la benvinguda als nous pagesos de l&#8217;escola!"},"content":{"rendered":"<p>Ja fa dues setmanes que els i les alumnes de 3r s&#8217;han iniciat en la seva tasca com a agricultors de l&#8217;hort de l&#8217;escola i han pogut con\u00e8ixer en David, un avi de l&#8217;escola que \u00e9s un expert en temes d&#8217;horticultura. A m\u00e9s a m\u00e9s, tamb\u00e9 han comen\u00e7at el seu &#8220;Diari de l&#8217;hort&#8221; on aniran expressant idees, pensaments i reflexionant sobre el seu aprenentatge durant les sessions realitzades.<\/p>\n<p>Algunes de les emocions que van sentir el primer dia van ser nervis i il\u00b7lusi\u00f3 perqu\u00e8 ja feia temps que esperaven poder fer aquest c\u00e0rrec tan important. En finalitzar l&#8217;estona d&#8217;hort, alguns van sentir-se cansats, no s&#8217;imaginaven que la tasca del pag\u00e8s fos tan dura! Per\u00f2, a la vegada, alguns van sentir-se satisfets per a poder fer-la.<\/p>\n<p>Tamb\u00e9 es van quedar sorpresos dels tipus d&#8217;eines diferents que s&#8217;utilitzen per treballar l&#8217;hort i del forat tan profund que s&#8217;ha de fer per plantar un mandariner, quina feinada!<\/p>\n<p>Amb el temps, els infants aniran descobrint nous aprenentatges, resolent dubtes i curiositats, etc. que aniran consolidant gr\u00e0cies a l&#8217;esfor\u00e7 realitzat i a la satisfacci\u00f3 de veure com aquesta feina dona els seus fruits.<\/p>\n<p>Aqu\u00ed teniu algunes imatges d&#8217;aquestes primeres sessions d&#8217;hort:<\/p>\n\n\t\t<style type=\"text\/css\">\n\t\t\t#gallery-1 {\n\t\t\t\tmargin: auto;\n\t\t\t}\n\t\t\t#gallery-1 .gallery-item {\n\t\t\t\tfloat: left;\n\t\t\t\tmargin-top: 10px;\n\t\t\t\ttext-align: center;\n\t\t\t\twidth: 33%;\n\t\t\t}\n\t\t\t#gallery-1 img {\n\t\t\t\tborder: 2px solid #cfcfcf;\n\t\t\t}\n\t\t\t#gallery-1 .gallery-caption {\n\t\t\t\tmargin-left: 0;\n\t\t\t}\n\t\t\t\/* see gallery_shortcode() in wp-includes\/media.php *\/\n\t\t<\/style>\n\t\t<div id='gallery-1' class='gallery galleryid-28257 gallery-columns-3 gallery-size-full'><dl class='gallery-item'>\n\t\t\t<dt class='gallery-icon landscape'>\n\t\t\t\t<a href='https:\/\/agora.xtec.cat\/ceip-lesroquesblaves\/portada\/donem-la-benvinguda-als-nous-pagesos-de-lescola\/attachment\/img_20230214_121226-2\/'><img loading=\"lazy\" decoding=\"async\" width=\"682\" height=\"384\" src=\"https:\/\/agora.xtec.cat\/ceip-lesroquesblaves\/wp-content\/uploads\/usu36\/2023\/03\/IMG_20230214_121226-1.jpg\" class=\"attachment-full size-full\" alt=\"\" aria-describedby=\"gallery-1-28265\" srcset=\"https:\/\/agora.xtec.cat\/ceip-lesroquesblaves\/wp-content\/uploads\/usu36\/2023\/03\/IMG_20230214_121226-1.jpg 682w, https:\/\/agora.xtec.cat\/ceip-lesroquesblaves\/wp-content\/uploads\/usu36\/2023\/03\/IMG_20230214_121226-1-300x169.jpg 300w\" sizes=\"auto, (max-width: 682px) 100vw, 682px\" \/><\/a>\n\t\t\t<\/dt>\n\t\t\t\t<dd class='wp-caption-text gallery-caption' id='gallery-1-28265'>\n\t\t\t\tFoto de grup\n\t\t\t\t<\/dd><\/dl><dl class='gallery-item'>\n\t\t\t<dt class='gallery-icon landscape'>\n\t\t\t\t<a href='https:\/\/agora.xtec.cat\/ceip-lesroquesblaves\/portada\/donem-la-benvinguda-als-nous-pagesos-de-lescola\/attachment\/img_20230221_115231-2\/'><img loading=\"lazy\" decoding=\"async\" width=\"682\" height=\"384\" src=\"https:\/\/agora.xtec.cat\/ceip-lesroquesblaves\/wp-content\/uploads\/usu36\/2023\/03\/IMG_20230221_115231-1.jpg\" class=\"attachment-full size-full\" alt=\"\" aria-describedby=\"gallery-1-28268\" srcset=\"https:\/\/agora.xtec.cat\/ceip-lesroquesblaves\/wp-content\/uploads\/usu36\/2023\/03\/IMG_20230221_115231-1.jpg 682w, https:\/\/agora.xtec.cat\/ceip-lesroquesblaves\/wp-content\/uploads\/usu36\/2023\/03\/IMG_20230221_115231-1-300x169.jpg 300w\" sizes=\"auto, (max-width: 682px) 100vw, 682px\" \/><\/a>\n\t\t\t<\/dt>\n\t\t\t\t<dd class='wp-caption-text gallery-caption' id='gallery-1-28268'>\n\t\t\t\tAprenem a utilitzar la m\u00e0nega\n\t\t\t\t<\/dd><\/dl><dl class='gallery-item'>\n\t\t\t<dt class='gallery-icon landscape'>\n\t\t\t\t<a href='https:\/\/agora.xtec.cat\/ceip-lesroquesblaves\/portada\/donem-la-benvinguda-als-nous-pagesos-de-lescola\/attachment\/img_20230221_121300\/'><img loading=\"lazy\" decoding=\"async\" width=\"682\" height=\"384\" src=\"https:\/\/agora.xtec.cat\/ceip-lesroquesblaves\/wp-content\/uploads\/usu36\/2023\/03\/IMG_20230221_121300.jpg\" class=\"attachment-full size-full\" alt=\"\" aria-describedby=\"gallery-1-28269\" srcset=\"https:\/\/agora.xtec.cat\/ceip-lesroquesblaves\/wp-content\/uploads\/usu36\/2023\/03\/IMG_20230221_121300.jpg 682w, https:\/\/agora.xtec.cat\/ceip-lesroquesblaves\/wp-content\/uploads\/usu36\/2023\/03\/IMG_20230221_121300-300x169.jpg 300w\" sizes=\"auto, (max-width: 682px) 100vw, 682px\" \/><\/a>\n\t\t\t<\/dt>\n\t\t\t\t<dd class='wp-caption-text gallery-caption' id='gallery-1-28269'>\n\t\t\t\tPlantem un mandariner\n\t\t\t\t<\/dd><\/dl><br style=\"clear: both\" \/><dl class='gallery-item'>\n\t\t\t<dt class='gallery-icon landscape'>\n\t\t\t\t<a href='https:\/\/agora.xtec.cat\/ceip-lesroquesblaves\/portada\/donem-la-benvinguda-als-nous-pagesos-de-lescola\/attachment\/img_20230221_121633\/'><img loading=\"lazy\" decoding=\"async\" width=\"682\" height=\"384\" src=\"https:\/\/agora.xtec.cat\/ceip-lesroquesblaves\/wp-content\/uploads\/usu36\/2023\/03\/IMG_20230221_121633.jpg\" class=\"attachment-full size-full\" alt=\"\" aria-describedby=\"gallery-1-28270\" srcset=\"https:\/\/agora.xtec.cat\/ceip-lesroquesblaves\/wp-content\/uploads\/usu36\/2023\/03\/IMG_20230221_121633.jpg 682w, https:\/\/agora.xtec.cat\/ceip-lesroquesblaves\/wp-content\/uploads\/usu36\/2023\/03\/IMG_20230221_121633-300x169.jpg 300w\" sizes=\"auto, (max-width: 682px) 100vw, 682px\" \/><\/a>\n\t\t\t<\/dt>\n\t\t\t\t<dd class='wp-caption-text gallery-caption' id='gallery-1-28270'>\n\t\t\t\tRemovem la terra\n\t\t\t\t<\/dd><\/dl><dl class='gallery-item'>\n\t\t\t<dt class='gallery-icon landscape'>\n\t\t\t\t<a href='https:\/\/agora.xtec.cat\/ceip-lesroquesblaves\/portada\/donem-la-benvinguda-als-nous-pagesos-de-lescola\/attachment\/img_20230221_121707-2\/'><img loading=\"lazy\" decoding=\"async\" width=\"682\" height=\"384\" src=\"https:\/\/agora.xtec.cat\/ceip-lesroquesblaves\/wp-content\/uploads\/usu36\/2023\/03\/IMG_20230221_121707-1.jpg\" class=\"attachment-full size-full\" alt=\"\" aria-describedby=\"gallery-1-28271\" srcset=\"https:\/\/agora.xtec.cat\/ceip-lesroquesblaves\/wp-content\/uploads\/usu36\/2023\/03\/IMG_20230221_121707-1.jpg 682w, https:\/\/agora.xtec.cat\/ceip-lesroquesblaves\/wp-content\/uploads\/usu36\/2023\/03\/IMG_20230221_121707-1-300x169.jpg 300w\" sizes=\"auto, (max-width: 682px) 100vw, 682px\" \/><\/a>\n\t\t\t<\/dt>\n\t\t\t\t<dd class='wp-caption-text gallery-caption' id='gallery-1-28271'>\n\t\t\t\tRemovem la terra\n\t\t\t\t<\/dd><\/dl><dl class='gallery-item'>\n\t\t\t<dt class='gallery-icon landscape'>\n\t\t\t\t<a href='https:\/\/agora.xtec.cat\/ceip-lesroquesblaves\/portada\/donem-la-benvinguda-als-nous-pagesos-de-lescola\/attachment\/img_20230214_123426-2\/'><img loading=\"lazy\" decoding=\"async\" width=\"682\" height=\"384\" src=\"https:\/\/agora.xtec.cat\/ceip-lesroquesblaves\/wp-content\/uploads\/usu36\/2023\/03\/IMG_20230214_123426-1.jpg\" class=\"attachment-full size-full\" alt=\"\" aria-describedby=\"gallery-1-28266\" srcset=\"https:\/\/agora.xtec.cat\/ceip-lesroquesblaves\/wp-content\/uploads\/usu36\/2023\/03\/IMG_20230214_123426-1.jpg 682w, https:\/\/agora.xtec.cat\/ceip-lesroquesblaves\/wp-content\/uploads\/usu36\/2023\/03\/IMG_20230214_123426-1-300x169.jpg 300w\" sizes=\"auto, (max-width: 682px) 100vw, 682px\" \/><\/a>\n\t\t\t<\/dt>\n\t\t\t\t<dd class='wp-caption-text gallery-caption' id='gallery-1-28266'>\n\t\t\t\tFoto de grup\n\t\t\t\t<\/dd><\/dl><br style=\"clear: both\" \/><dl class='gallery-item'>\n\t\t\t<dt class='gallery-icon portrait'>\n\t\t\t\t<a href='https:\/\/agora.xtec.cat\/ceip-lesroquesblaves\/portada\/donem-la-benvinguda-als-nous-pagesos-de-lescola\/attachment\/img_20230221_113942-2\/'><img loading=\"lazy\" decoding=\"async\" width=\"384\" height=\"682\" src=\"https:\/\/agora.xtec.cat\/ceip-lesroquesblaves\/wp-content\/uploads\/usu36\/2023\/03\/IMG_20230221_113942-1.jpg\" class=\"attachment-full size-full\" alt=\"\" aria-describedby=\"gallery-1-28267\" srcset=\"https:\/\/agora.xtec.cat\/ceip-lesroquesblaves\/wp-content\/uploads\/usu36\/2023\/03\/IMG_20230221_113942-1.jpg 384w, https:\/\/agora.xtec.cat\/ceip-lesroquesblaves\/wp-content\/uploads\/usu36\/2023\/03\/IMG_20230221_113942-1-169x300.jpg 169w\" sizes=\"auto, (max-width: 384px) 100vw, 384px\" \/><\/a>\n\t\t\t<\/dt>\n\t\t\t\t<dd class='wp-caption-text gallery-caption' id='gallery-1-28267'>\n\t\t\t\tConeixem les eines\n\t\t\t\t<\/dd><\/dl><dl class='gallery-item'>\n\t\t\t<dt class='gallery-icon landscape'>\n\t\t\t\t<a href='https:\/\/agora.xtec.cat\/ceip-lesroquesblaves\/portada\/donem-la-benvinguda-als-nous-pagesos-de-lescola\/attachment\/img_20230221_123108\/'><img loading=\"lazy\" decoding=\"async\" width=\"682\" height=\"384\" src=\"https:\/\/agora.xtec.cat\/ceip-lesroquesblaves\/wp-content\/uploads\/usu36\/2023\/03\/IMG_20230221_123108.jpg\" class=\"attachment-full size-full\" alt=\"\" aria-describedby=\"gallery-1-28264\" srcset=\"https:\/\/agora.xtec.cat\/ceip-lesroquesblaves\/wp-content\/uploads\/usu36\/2023\/03\/IMG_20230221_123108.jpg 682w, https:\/\/agora.xtec.cat\/ceip-lesroquesblaves\/wp-content\/uploads\/usu36\/2023\/03\/IMG_20230221_123108-300x169.jpg 300w\" sizes=\"auto, (max-width: 682px) 100vw, 682px\" \/><\/a>\n\t\t\t<\/dt>\n\t\t\t\t<dd class='wp-caption-text gallery-caption' id='gallery-1-28264'>\n\t\t\t\tLa nostra recompensa\n\t\t\t\t<\/dd><\/dl>\n\t\t\t<br style='clear: both' \/>\n\t\t<\/div>\n\n<p>&nbsp;<\/p>\n","protected":false},"excerpt":{"rendered":"<p>Ja fa dues setmanes que els i les alumnes de 3r s&#8217;han iniciat en la seva tasca com a agricultors de l&#8217;hort de l&#8217;escola i han pogut con\u00e8ixer en David, un avi de l&#8217;escola que \u00e9s un expert en temes d&#8217;horticultura. A m\u00e9s a m\u00e9s,&hellip;  <a href=\"https:\/\/agora.xtec.cat\/ceip-lesroquesblaves\/portada\/donem-la-benvinguda-als-nous-pagesos-de-lescola\/\" title=\"Read Donem la benvinguda als nous pagesos de l&#8217;escola!\">Llegeix m\u00e9s\u00bb<\/a><\/p>\n","protected":false},"author":1,"featured_media":28269,"comment_status":"open","ping_status":"closed","sticky":false,"template":"","format":"standard","meta":{"footnotes":""},"categories":[267,351,320,4,205],"tags":[],"class_list":["post-28257","post","type-post","status-publish","format-standard","has-post-thumbnail","hentry","category-promocio2017-26","category-sostenibilitat","category-hort","category-portada","category-hort-plantes"],"post_mailing_queue_ids":[],"_links":{"self":[{"href":"https:\/\/agora.xtec.cat\/ceip-lesroquesblaves\/wp-json\/wp\/v2\/posts\/28257","targetHints":{"allow":["GET"]}}],"collection":[{"href":"https:\/\/agora.xtec.cat\/ceip-lesroquesblaves\/wp-json\/wp\/v2\/posts"}],"about":[{"href":"https:\/\/agora.xtec.cat\/ceip-lesroquesblaves\/wp-json\/wp\/v2\/types\/post"}],"author":[{"embeddable":true,"href":"https:\/\/agora.xtec.cat\/ceip-lesroquesblaves\/wp-json\/wp\/v2\/users\/1"}],"replies":[{"embeddable":true,"href":"https:\/\/agora.xtec.cat\/ceip-lesroquesblaves\/wp-json\/wp\/v2\/comments?post=28257"}],"version-history":[{"count":3,"href":"https:\/\/agora.xtec.cat\/ceip-lesroquesblaves\/wp-json\/wp\/v2\/posts\/28257\/revisions"}],"predecessor-version":[{"id":28281,"href":"https:\/\/agora.xtec.cat\/ceip-lesroquesblaves\/wp-json\/wp\/v2\/posts\/28257\/revisions\/28281"}],"wp:featuredmedia":[{"embeddable":true,"href":"https:\/\/agora.xtec.cat\/ceip-lesroquesblaves\/wp-json\/wp\/v2\/media\/28269"}],"wp:attachment":[{"href":"https:\/\/agora.xtec.cat\/ceip-lesroquesblaves\/wp-json\/wp\/v2\/media?parent=28257"}],"wp:term":[{"taxonomy":"category","embeddable":true,"href":"https:\/\/agora.xtec.cat\/ceip-lesroquesblaves\/wp-json\/wp\/v2\/categories?post=28257"},{"taxonomy":"post_tag","embeddable":true,"href":"https:\/\/agora.xtec.cat\/ceip-lesroquesblaves\/wp-json\/wp\/v2\/tags?post=28257"}],"curies":[{"name":"wp","href":"https:\/\/api.w.org\/{rel}","templated":true}]}}