{"id":27803,"date":"2023-02-14T09:43:57","date_gmt":"2023-02-14T08:43:57","guid":{"rendered":"https:\/\/agora.xtec.cat\/ceip-lesroquesblaves\/?p=27803"},"modified":"2023-02-14T09:44:26","modified_gmt":"2023-02-14T08:44:26","slug":"criteris-davaluacio-de-la-udi-elionor-on-vas","status":"publish","type":"post","link":"https:\/\/agora.xtec.cat\/ceip-lesroquesblaves\/2015-24\/criteris-davaluacio-de-la-udi-elionor-on-vas\/","title":{"rendered":"CRITERIS D&#8217;AVALUACI\u00d3 DE LA UDI &#8220;ELIONOR, ON VAS?&#8221;"},"content":{"rendered":"<p><u>Compet\u00e8ncia ling\u00fc\u00edstica<\/u><\/p>\n<ul>\n<li>Escriure textos de g\u00e8neres diversos i en diferents formats ben constru\u00efts, amb riquesa de llenguatge, partint del proc\u00e9s de pensar, escriure i revisar.<\/li>\n<li>Analitzar documents orals, escrits, gr\u00e0fics i audiovisuals que recullen informaci\u00f3 sobre el proc\u00e9s d\u2019industrialitzaci\u00f3 a Esparreguera i Catalunya.<\/li>\n<li>Elaborar resums-esquemes de la informaci\u00f3 treballada a trav\u00e9s de textos orals i\/o escrits.<\/li>\n<li>Comprendre la idea global i diferenciar les idees principals de les secund\u00e0ries.<\/li>\n<li>Respondre i formular preguntes referides als textos que s\u2019han llegit.<\/li>\n<\/ul>\n<p><u>Compet\u00e8ncia matem\u00e0tica<\/u><\/p>\n<ul>\n<li>Identificar les matem\u00e0tiques implicades en situacions quotidianes i escolars i cercar situacions que es puguin relacionar amb idees matem\u00e0tiques.<\/li>\n<li>Expressar idees i processos matem\u00e0tics de manera comprensible tot emprant el llenguatge verbal (oral i escrit).<\/li>\n<li>Utilitzar la calculadora per realitzar operacions complexes on intervenen nombres decimals.<\/li>\n<li>Con\u00e8ixer les parts dels nombres decimals i entendre el valor posicional de les seves xifres.<\/li>\n<li>Realitzar operacions senzilles amb decimals.<\/li>\n<li>Realitzar multiplicacions de nombres decimals per la unitat seguida de zeros sense calculadora.<\/li>\n<li>Con\u00e8ixer el concepte de percentatge i saber-lo representar gr\u00e0ficament.<\/li>\n<li>Realitzar conversions d\u2019unitats entre diferents par\u00e0metres.<\/li>\n<li>Entendre el concepte de fracci\u00f3 i la seva representaci\u00f3 gr\u00e0fica.<\/li>\n<li>Establir relacions i connexions entre les fraccions, els percentatges i els decimals.<\/li>\n<li>Con\u00e8ixer i diferenciar entre els conceptes de per\u00edmetre i \u00e0rea.<\/li>\n<li>Realitzar c\u00e0lculs amb per\u00edmetres i \u00e0rees de figures quadrades i\/o rectangulars.<\/li>\n<\/ul>\n<p><u>Compet\u00e8ncia conviure i habitar el m\u00f3n<\/u><\/p>\n<ul>\n<li>Identificar, descriure i analitzar processos de canvi i transformaci\u00f3 socials, culturals, econ\u00f2mics i tecnol\u00f2gics en l\u2019entorn.<\/li>\n<li>Identificar i valorar els canvis socials en el m\u00f3n actual.<\/li>\n<li>Identificar els trets m\u00e9s caracter\u00edstics del proc\u00e9s d\u2019industrialitzaci\u00f3 a Esparreguera i Catalunya: organitzaci\u00f3 social, condicions laborals, habitatge i alimentaci\u00f3.<\/li>\n<li>Recon\u00e8ixer la import\u00e0ncia de l\u2019activitat econ\u00f2mica durant el proc\u00e9s d\u2019industrialitzaci\u00f3: sector productiu, organitzaci\u00f3 del treball, aven\u00e7os t\u00e8cnics.<\/li>\n<li>Valorar la Col\u00f2nia Sed\u00f3 com a part del patrimoni hist\u00f2ric d\u2019Esparreguera.<\/li>\n<li>Apreciar el paper de la Col\u00f2nia Sed\u00f3 en la revoluci\u00f3 industrial a Catalunya.<\/li>\n<li>Utilitzar diferents tipus de fonts documentals (textuals, patrimonials, orals) i arqueol\u00f2giques per obtenir informaci\u00f3 sobre els trets significatius de la societat d\u2019\u00e8poques passades, situant els fets en l\u00ednies de temps.<\/li>\n<\/ul>\n","protected":false},"excerpt":{"rendered":"<p>Compet\u00e8ncia ling\u00fc\u00edstica<\/p>\n<ul>\n<li>Escriure textos de g\u00e8neres diversos i en diferents formats ben constru\u00efts, amb riquesa de llenguatge, partint del proc\u00e9s de pensar, escriure i revisar.<\/li>\n<li>Analitzar documents orals, escrits, gr\u00e0fics i audiovisuals que recullen informaci\u00f3 sobre el proc\u00e9s d\u2019industrialitzaci\u00f3 a Esparreguera i Catalunya.<\/li>\n<li>Elaborar resums-esquemes de la informaci\u00f3&hellip;  <a href=\"https:\/\/agora.xtec.cat\/ceip-lesroquesblaves\/2015-24\/criteris-davaluacio-de-la-udi-elionor-on-vas\/\" title=\"Read CRITERIS D&#8217;AVALUACI\u00d3 DE LA UDI &#8220;ELIONOR, ON VAS?&#8221;\">Llegeix m\u00e9s\u00bb<\/a><br \/>\n","protected":false},"author":73,"featured_media":0,"comment_status":"open","ping_status":"closed","sticky":false,"template":"","format":"standard","meta":{"footnotes":""},"categories":[265],"tags":[],"class_list":["post-27803","post","type-post","status-publish","format-standard","hentry","category-2015-24"],"post_mailing_queue_ids":[],"_links":{"self":[{"href":"https:\/\/agora.xtec.cat\/ceip-lesroquesblaves\/wp-json\/wp\/v2\/posts\/27803","targetHints":{"allow":["GET"]}}],"collection":[{"href":"https:\/\/agora.xtec.cat\/ceip-lesroquesblaves\/wp-json\/wp\/v2\/posts"}],"about":[{"href":"https:\/\/agora.xtec.cat\/ceip-lesroquesblaves\/wp-json\/wp\/v2\/types\/post"}],"author":[{"embeddable":true,"href":"https:\/\/agora.xtec.cat\/ceip-lesroquesblaves\/wp-json\/wp\/v2\/users\/73"}],"replies":[{"embeddable":true,"href":"https:\/\/agora.xtec.cat\/ceip-lesroquesblaves\/wp-json\/wp\/v2\/comments?post=27803"}],"version-history":[{"count":2,"href":"https:\/\/agora.xtec.cat\/ceip-lesroquesblaves\/wp-json\/wp\/v2\/posts\/27803\/revisions"}],"predecessor-version":[{"id":27805,"href":"https:\/\/agora.xtec.cat\/ceip-lesroquesblaves\/wp-json\/wp\/v2\/posts\/27803\/revisions\/27805"}],"wp:attachment":[{"href":"https:\/\/agora.xtec.cat\/ceip-lesroquesblaves\/wp-json\/wp\/v2\/media?parent=27803"}],"wp:term":[{"taxonomy":"category","embeddable":true,"href":"https:\/\/agora.xtec.cat\/ceip-lesroquesblaves\/wp-json\/wp\/v2\/categories?post=27803"},{"taxonomy":"post_tag","embeddable":true,"href":"https:\/\/agora.xtec.cat\/ceip-lesroquesblaves\/wp-json\/wp\/v2\/tags?post=27803"}],"curies":[{"name":"wp","href":"https:\/\/api.w.org\/{rel}","templated":true}]}}