{"id":27414,"date":"2022-12-21T10:57:14","date_gmt":"2022-12-21T09:57:14","guid":{"rendered":"https:\/\/agora.xtec.cat\/ceip-lesroquesblaves\/?p=27414"},"modified":"2022-12-21T10:57:14","modified_gmt":"2022-12-21T09:57:14","slug":"espectacle-emergencia-al-pais-de-la-magia","status":"publish","type":"post","link":"https:\/\/agora.xtec.cat\/ceip-lesroquesblaves\/general\/espectacle-emergencia-al-pais-de-la-magia\/","title":{"rendered":"Espectacle &#8220;Emerg\u00e8ncia al Pa\u00eds de la M\u00e0gia&#8221;"},"content":{"rendered":"<p>El passat divendres 16 de desembre els infants de l&#8217;escola van representar el musical &#8220;Emerg\u00e8ncia al pa\u00eds de la M\u00e0gia&#8221;, una hist\u00f2ria plena de fantasia i m\u00e0gia basada en el llibre de Nuria Mauricio i Rosabel Bofarull.<\/p>\n<p>Tota l&#8217;escola, mestres i alumnes, vam gaudir molt\u00edssim preparant i realitzant l&#8217;acte. Us deixem la gravaci\u00f3 de l&#8217;espectacle (cliqueu a la imatge) perqu\u00e8 el pugueu tornar a reviure, esperem que us agradi.<\/p>\n<p>&nbsp;<\/p>\n<p><a href=\"https:\/\/drive.google.com\/file\/d\/11uqtDbeK5bv8o14f-hrh1q3dmnwHHD0e\/view?usp=share_link\"><img loading=\"lazy\" decoding=\"async\" class=\"aligncenter size-full wp-image-27415\" src=\"https:\/\/agora.xtec.cat\/ceip-lesroquesblaves\/wp-content\/uploads\/usu36\/2022\/12\/emergencia-al-pais-de-la-magia-copia.jpg\" alt=\"\" width=\"2000\" height=\"1128\" srcset=\"https:\/\/agora.xtec.cat\/ceip-lesroquesblaves\/wp-content\/uploads\/usu36\/2022\/12\/emergencia-al-pais-de-la-magia-copia.jpg 2000w, https:\/\/agora.xtec.cat\/ceip-lesroquesblaves\/wp-content\/uploads\/usu36\/2022\/12\/emergencia-al-pais-de-la-magia-copia-300x169.jpg 300w, https:\/\/agora.xtec.cat\/ceip-lesroquesblaves\/wp-content\/uploads\/usu36\/2022\/12\/emergencia-al-pais-de-la-magia-copia-1024x578.jpg 1024w, https:\/\/agora.xtec.cat\/ceip-lesroquesblaves\/wp-content\/uploads\/usu36\/2022\/12\/emergencia-al-pais-de-la-magia-copia-768x433.jpg 768w, https:\/\/agora.xtec.cat\/ceip-lesroquesblaves\/wp-content\/uploads\/usu36\/2022\/12\/emergencia-al-pais-de-la-magia-copia-1536x866.jpg 1536w\" sizes=\"auto, (max-width: 2000px) 100vw, 2000px\" \/><\/a><\/p>\n<p>&nbsp;<\/p>\n<p>&nbsp;<\/p>\n","protected":false},"excerpt":{"rendered":"<p>El passat divendres 16 de desembre els infants de l&#8217;escola van representar el musical &#8220;Emerg\u00e8ncia al pa\u00eds de la M\u00e0gia&#8221;, una hist\u00f2ria plena de fantasia i m\u00e0gia basada en el llibre de Nuria Mauricio i Rosabel Bofarull.<br \/>\nTota l&#8217;escola, mestres i alumnes, vam gaudir molt\u00edssim preparant&hellip;  <a href=\"https:\/\/agora.xtec.cat\/ceip-lesroquesblaves\/general\/espectacle-emergencia-al-pais-de-la-magia\/\" title=\"Read Espectacle &#8220;Emerg\u00e8ncia al Pa\u00eds de la M\u00e0gia&#8221;\">Llegeix m\u00e9s\u00bb<\/a><\/p>\n","protected":false},"author":1,"featured_media":27415,"comment_status":"open","ping_status":"closed","sticky":false,"template":"","format":"standard","meta":{"footnotes":""},"categories":[1,108,4,5],"tags":[],"class_list":["post-27414","post","type-post","status-publish","format-standard","has-post-thumbnail","hentry","category-general","category-musica","category-portada","category-primaria"],"post_mailing_queue_ids":[],"_links":{"self":[{"href":"https:\/\/agora.xtec.cat\/ceip-lesroquesblaves\/wp-json\/wp\/v2\/posts\/27414","targetHints":{"allow":["GET"]}}],"collection":[{"href":"https:\/\/agora.xtec.cat\/ceip-lesroquesblaves\/wp-json\/wp\/v2\/posts"}],"about":[{"href":"https:\/\/agora.xtec.cat\/ceip-lesroquesblaves\/wp-json\/wp\/v2\/types\/post"}],"author":[{"embeddable":true,"href":"https:\/\/agora.xtec.cat\/ceip-lesroquesblaves\/wp-json\/wp\/v2\/users\/1"}],"replies":[{"embeddable":true,"href":"https:\/\/agora.xtec.cat\/ceip-lesroquesblaves\/wp-json\/wp\/v2\/comments?post=27414"}],"version-history":[{"count":3,"href":"https:\/\/agora.xtec.cat\/ceip-lesroquesblaves\/wp-json\/wp\/v2\/posts\/27414\/revisions"}],"predecessor-version":[{"id":27425,"href":"https:\/\/agora.xtec.cat\/ceip-lesroquesblaves\/wp-json\/wp\/v2\/posts\/27414\/revisions\/27425"}],"wp:featuredmedia":[{"embeddable":true,"href":"https:\/\/agora.xtec.cat\/ceip-lesroquesblaves\/wp-json\/wp\/v2\/media\/27415"}],"wp:attachment":[{"href":"https:\/\/agora.xtec.cat\/ceip-lesroquesblaves\/wp-json\/wp\/v2\/media?parent=27414"}],"wp:term":[{"taxonomy":"category","embeddable":true,"href":"https:\/\/agora.xtec.cat\/ceip-lesroquesblaves\/wp-json\/wp\/v2\/categories?post=27414"},{"taxonomy":"post_tag","embeddable":true,"href":"https:\/\/agora.xtec.cat\/ceip-lesroquesblaves\/wp-json\/wp\/v2\/tags?post=27414"}],"curies":[{"name":"wp","href":"https:\/\/api.w.org\/{rel}","templated":true}]}}