{"id":27292,"date":"2022-11-18T09:02:29","date_gmt":"2022-11-18T08:02:29","guid":{"rendered":"https:\/\/agora.xtec.cat\/ceip-lesroquesblaves\/?p=27292"},"modified":"2022-11-18T09:12:50","modified_gmt":"2022-11-18T08:12:50","slug":"projecte-de-lartista-antoni-tapies-criteris-davaluacio","status":"publish","type":"post","link":"https:\/\/agora.xtec.cat\/ceip-lesroquesblaves\/2015-24\/projecte-de-lartista-antoni-tapies-criteris-davaluacio\/","title":{"rendered":"PROJECTE DE L&#8217;ARTISTA ANTONI T\u00c0PIES: CRITERIS D&#8217;AVALUACI\u00d3"},"content":{"rendered":"<p style=\"text-align: center\"><b>PROJECTE DE L&#8217;ARTISTA ANTONI T\u00c0PIES: CRITERIS D\u2019AVALUACI\u00d3<\/b><b><\/b><\/p>\n<ul>\n<li><span style=\"font-weight: 400\">Identificar i recon\u00e8ixer en les diverses formes obres d\u2019en T\u00e0pies alguns trets socials, culturals, religiosos, formals, estructurals, ideol\u00f2gics, psicol\u00f2gics, semi\u00f2tics i de g\u00e8nere<\/span><\/li>\n<\/ul>\n<ul>\n<li><span style=\"font-weight: 400\">Aprofundir en el contingut conceptual de l\u2019obra d\u2019Antoni T\u00e0pies, incloent-hi la seva iconografia.\u00a0<\/span><\/li>\n<\/ul>\n<ul>\n<li><span style=\"font-weight: 400\">Relacionar el contingut conceptual de l\u2019obra amb l\u2019entorn immediat dels nens i nenes, aprofundint en la valoraci\u00f3 cr\u00edtica del nostre entorn.<\/span><\/li>\n<\/ul>\n<ul>\n<li><span style=\"font-weight: 400\">Experimentar alguns aspectes t\u00e8cnics de l\u2019obra de l\u2019artista.<\/span><\/li>\n<\/ul>\n<ul>\n<li><span style=\"font-weight: 400\">Elaborar produccions art\u00edstiques com a mitj\u00e0 d\u2019expressi\u00f3 de pensaments, idees i emocions, emprant materials i t\u00e8cniques pr\u00f2pies d\u2019Antoni T\u00e0pies.<\/span><\/li>\n<\/ul>\n<ul>\n<li><span style=\"font-weight: 400\">Planificar els processos de producci\u00f3 pel que fa a la previsi\u00f3 de recursos, materials i moments de revisi\u00f3.<\/span><\/li>\n<\/ul>\n<ul>\n<li><span style=\"font-weight: 400\">Respectar les opinions dels membres del grup, aportant-ne de noves i afavorint el treball cooperatiu que permeti consensuar conceptes i elaborar coneixement compartit.<\/span><\/li>\n<\/ul>\n<p><img loading=\"lazy\" decoding=\"async\" class=\"aligncenter\" src=\"https:\/\/subastareal.es\/uploads\/subastareal.es\/images\/182\/antoni-tapies-onda-expansiva-bomba-atomica-5321-1.jpg\" alt=\"Antoni T\u00e0pies y la onda expansiva de la bomba at\u00f3mica - Subasta Real \u00b7 Blog de Arte\" width=\"375\" height=\"214\" \/><\/p>\n<p>&nbsp;<\/p>\n","protected":false},"excerpt":{"rendered":"<p>PROJECTE DE L&#8217;ARTISTA ANTONI T\u00c0PIES: CRITERIS D\u2019AVALUACI\u00d3<\/p>\n<ul>\n<li>Identificar i recon\u00e8ixer en les diverses formes obres d\u2019en T\u00e0pies alguns trets socials, culturals, religiosos, formals, estructurals, ideol\u00f2gics, psicol\u00f2gics, semi\u00f2tics i de g\u00e8nere<\/li>\n<\/ul>\n<ul>\n<li>Aprofundir en el contingut conceptual de l\u2019obra d\u2019Antoni T\u00e0pies, incloent-hi la seva iconografia.\u00a0<\/li>\n<\/ul>\n<ul>\n<li>Relacionar el contingut conceptual de&hellip;  <a href=\"https:\/\/agora.xtec.cat\/ceip-lesroquesblaves\/2015-24\/projecte-de-lartista-antoni-tapies-criteris-davaluacio\/\" title=\"Read PROJECTE DE L&#8217;ARTISTA ANTONI T\u00c0PIES: CRITERIS D&#8217;AVALUACI\u00d3\">Llegeix m\u00e9s\u00bb<\/a><br \/>\n","protected":false},"author":73,"featured_media":0,"comment_status":"open","ping_status":"closed","sticky":false,"template":"","format":"standard","meta":{"footnotes":""},"categories":[265],"tags":[],"class_list":["post-27292","post","type-post","status-publish","format-standard","hentry","category-2015-24"],"post_mailing_queue_ids":[],"_links":{"self":[{"href":"https:\/\/agora.xtec.cat\/ceip-lesroquesblaves\/wp-json\/wp\/v2\/posts\/27292","targetHints":{"allow":["GET"]}}],"collection":[{"href":"https:\/\/agora.xtec.cat\/ceip-lesroquesblaves\/wp-json\/wp\/v2\/posts"}],"about":[{"href":"https:\/\/agora.xtec.cat\/ceip-lesroquesblaves\/wp-json\/wp\/v2\/types\/post"}],"author":[{"embeddable":true,"href":"https:\/\/agora.xtec.cat\/ceip-lesroquesblaves\/wp-json\/wp\/v2\/users\/73"}],"replies":[{"embeddable":true,"href":"https:\/\/agora.xtec.cat\/ceip-lesroquesblaves\/wp-json\/wp\/v2\/comments?post=27292"}],"version-history":[{"count":3,"href":"https:\/\/agora.xtec.cat\/ceip-lesroquesblaves\/wp-json\/wp\/v2\/posts\/27292\/revisions"}],"predecessor-version":[{"id":27295,"href":"https:\/\/agora.xtec.cat\/ceip-lesroquesblaves\/wp-json\/wp\/v2\/posts\/27292\/revisions\/27295"}],"wp:attachment":[{"href":"https:\/\/agora.xtec.cat\/ceip-lesroquesblaves\/wp-json\/wp\/v2\/media?parent=27292"}],"wp:term":[{"taxonomy":"category","embeddable":true,"href":"https:\/\/agora.xtec.cat\/ceip-lesroquesblaves\/wp-json\/wp\/v2\/categories?post=27292"},{"taxonomy":"post_tag","embeddable":true,"href":"https:\/\/agora.xtec.cat\/ceip-lesroquesblaves\/wp-json\/wp\/v2\/tags?post=27292"}],"curies":[{"name":"wp","href":"https:\/\/api.w.org\/{rel}","templated":true}]}}