{"id":27289,"date":"2022-11-18T08:54:56","date_gmt":"2022-11-18T07:54:56","guid":{"rendered":"https:\/\/agora.xtec.cat\/ceip-lesroquesblaves\/?p=27289"},"modified":"2022-11-18T09:13:08","modified_gmt":"2022-11-18T08:13:08","slug":"udi-que-valen-els-meus-texans-criteris-davaluacio","status":"publish","type":"post","link":"https:\/\/agora.xtec.cat\/ceip-lesroquesblaves\/2015-24\/udi-que-valen-els-meus-texans-criteris-davaluacio\/","title":{"rendered":"UDI QU\u00c8 VALEN ELS MEUS TEXANS? CRITERIS D&#8217;AVALUACI\u00d3"},"content":{"rendered":"<p style=\"text-align: center\"><strong>UDI QU\u00c8 VALEN ELS MEUS TEXANS: CRITERIS D&#8217;AVALUACI\u00d3<\/strong><\/p>\n<p>\u2022 Comprendre el concepte d\u2019explotaci\u00f3 infantil a trav\u00e9s del treball.<br \/>\n\u2022 Con\u00e8ixer les causes i conseq\u00fc\u00e8ncies del treball infantil en els infants.<br \/>\n\u2022 Con\u00e8ixer la \u00abDeclaraci\u00f3 dels Drets dels Infants\u00bb i la \u00abDeclaraci\u00f3 dels Drets Humans\u00bb.<br \/>\n\u2022 Explicar quin tipus d\u2019organitzaci\u00f3 treballa pel b\u00e9 com\u00fa i lluita pels Drets Universals.<br \/>\n\u2022 Expressar les idees pr\u00f2pies amb claredat i amb un l\u00e8xic adequat al tema tractat.<br \/>\n\u2022 Prendre consci\u00e8ncia de la necessitat de canviar la realitat dels infants sotmesos a explotaci\u00f3<br \/>\nlaboral, i mostrar aquesta consci\u00e8ncia mitjan\u00e7ant propostes per solucionar la problem\u00e0tica.<br \/>\n\u2022 Complir els criteris marcats pels continguts i presentaci\u00f3 del dossier.<br \/>\n\u2022 Relacionar els fets del llibre de lectura amb el que s\u2019ha tractat a la unitat did\u00e0ctica integrada.<br \/>\n\u2022 Complir els criteris marcats pels continguts i presentaci\u00f3 del dossier.<br \/>\n\u2022 Respectar les normes d\u2019ortografia treballades.<br \/>\n\u2022 Treballar en equip respectant les opinions i complint amb les tasques corresponents.<br \/>\n\u2022 Mantenir l\u2019atenci\u00f3 i l\u2019inter\u00e8s de forma constant a l\u2019aula.<br \/>\n\u2022 Mostrar inter\u00e8s per les opinions dels dem\u00e9s i escoltar amb respecte.<br \/>\n\u2022 Participar en les activitats de gran grup amb propostes i opinions.<br \/>\n\u2022 Elaborar una presentaci\u00f3 amb power point.<br \/>\n\u2022 Con\u00e8ixer i entendre la import\u00e0ncia de l\u2019arxiu hist\u00f2ric com a font d\u2019informaci\u00f3.<\/p>\n<p><img loading=\"lazy\" decoding=\"async\" class=\"aligncenter\" src=\"https:\/\/solidaritat.santjoandedeu.org\/wp-content\/uploads\/2019\/11\/portada_0.jpg\" alt=\"Els drets dels infants, a estudi | Solidaritat Sant Joan de D\u00e9u\" width=\"287\" height=\"305\" \/><\/p>\n","protected":false},"excerpt":{"rendered":"<p>UDI QU\u00c8 VALEN ELS MEUS TEXANS: CRITERIS D&#8217;AVALUACI\u00d3<br \/>\n\u2022 Comprendre el concepte d\u2019explotaci\u00f3 infantil a trav\u00e9s del treball.<br \/>\n\u2022 Con\u00e8ixer les causes i conseq\u00fc\u00e8ncies del treball infantil en els infants.<br \/>\n\u2022 Con\u00e8ixer la \u00abDeclaraci\u00f3 dels Drets dels Infants\u00bb i la \u00abDeclaraci\u00f3 dels Drets Humans\u00bb.<br \/>\n\u2022 Explicar quin tipus d\u2019organitzaci\u00f3&hellip;  <a href=\"https:\/\/agora.xtec.cat\/ceip-lesroquesblaves\/2015-24\/udi-que-valen-els-meus-texans-criteris-davaluacio\/\" title=\"Read UDI QU\u00c8 VALEN ELS MEUS TEXANS? CRITERIS D&#8217;AVALUACI\u00d3\">Llegeix m\u00e9s\u00bb<\/a><\/p>\n","protected":false},"author":73,"featured_media":0,"comment_status":"open","ping_status":"closed","sticky":false,"template":"","format":"standard","meta":{"footnotes":""},"categories":[265],"tags":[],"class_list":["post-27289","post","type-post","status-publish","format-standard","hentry","category-2015-24"],"post_mailing_queue_ids":[],"_links":{"self":[{"href":"https:\/\/agora.xtec.cat\/ceip-lesroquesblaves\/wp-json\/wp\/v2\/posts\/27289","targetHints":{"allow":["GET"]}}],"collection":[{"href":"https:\/\/agora.xtec.cat\/ceip-lesroquesblaves\/wp-json\/wp\/v2\/posts"}],"about":[{"href":"https:\/\/agora.xtec.cat\/ceip-lesroquesblaves\/wp-json\/wp\/v2\/types\/post"}],"author":[{"embeddable":true,"href":"https:\/\/agora.xtec.cat\/ceip-lesroquesblaves\/wp-json\/wp\/v2\/users\/73"}],"replies":[{"embeddable":true,"href":"https:\/\/agora.xtec.cat\/ceip-lesroquesblaves\/wp-json\/wp\/v2\/comments?post=27289"}],"version-history":[{"count":3,"href":"https:\/\/agora.xtec.cat\/ceip-lesroquesblaves\/wp-json\/wp\/v2\/posts\/27289\/revisions"}],"predecessor-version":[{"id":27296,"href":"https:\/\/agora.xtec.cat\/ceip-lesroquesblaves\/wp-json\/wp\/v2\/posts\/27289\/revisions\/27296"}],"wp:attachment":[{"href":"https:\/\/agora.xtec.cat\/ceip-lesroquesblaves\/wp-json\/wp\/v2\/media?parent=27289"}],"wp:term":[{"taxonomy":"category","embeddable":true,"href":"https:\/\/agora.xtec.cat\/ceip-lesroquesblaves\/wp-json\/wp\/v2\/categories?post=27289"},{"taxonomy":"post_tag","embeddable":true,"href":"https:\/\/agora.xtec.cat\/ceip-lesroquesblaves\/wp-json\/wp\/v2\/tags?post=27289"}],"curies":[{"name":"wp","href":"https:\/\/api.w.org\/{rel}","templated":true}]}}