{"id":26113,"date":"2022-05-09T09:00:10","date_gmt":"2022-05-09T07:00:10","guid":{"rendered":"https:\/\/agora.xtec.cat\/ceip-lesroquesblaves\/?p=26113"},"modified":"2025-06-26T10:39:03","modified_gmt":"2025-06-26T08:39:03","slug":"sortida-a-les-roques-blaves-2","status":"publish","type":"post","link":"https:\/\/agora.xtec.cat\/ceip-lesroquesblaves\/linia-pedagogica\/apadrinem\/sortida-a-les-roques-blaves-2\/","title":{"rendered":"SORTIDA A LES ROQUES BLAVES"},"content":{"rendered":"<p>El passat dia 28 d&#8217;abril, els alumnes de 1r vam anar d&#8217;excursi\u00f3 a passejar i observar rastres de la fauna que habita a l&#8217;entorn que dona nom a la nostra escola: Les Roques Blaves!<\/p>\n<p>Pr\u00e8viament, vam parlar a l&#8217;aula quina fauna treballar\u00edem en concret (els mam\u00edfers i les aus) i vam comen\u00e7ar a fer hip\u00f2tesis sobre quins animals podr\u00edem veure o quines pistes ens deixarien pel cam\u00ed&#8230;<\/p>\n<p>Vam gaudir molt caminant, observant la natura i fins i tot vam tenir una estona per construir cabanes!<\/p>\n<p>Durant aquest setmana, cada infant ha escollit l&#8217;animal amb el qual es vol fer expert i estem realitzant una cerca d&#8217;informaci\u00f3 ben \u00e0mplia i enriquidora per poder exposar a la resta de companys els trets caracter\u00edstics dels animals (com s\u00f3n, de qu\u00e8 s&#8217;alimenten, com es reprodueixen, on viuen, curiositats&#8230;).<\/p>\n<p><a href=\"https:\/\/agora.xtec.cat\/ceip-lesroquesblaves\/wp-content\/uploads\/usu36\/2022\/05\/IMG_5288.jpg\"><img loading=\"lazy\" decoding=\"async\" class=\"wp-image-26114 alignleft\" src=\"https:\/\/agora.xtec.cat\/ceip-lesroquesblaves\/wp-content\/uploads\/usu36\/2022\/05\/IMG_5288.jpg\" alt=\"\" width=\"327\" height=\"245\" srcset=\"https:\/\/agora.xtec.cat\/ceip-lesroquesblaves\/wp-content\/uploads\/usu36\/2022\/05\/IMG_5288.jpg 640w, https:\/\/agora.xtec.cat\/ceip-lesroquesblaves\/wp-content\/uploads\/usu36\/2022\/05\/IMG_5288-300x225.jpg 300w, https:\/\/agora.xtec.cat\/ceip-lesroquesblaves\/wp-content\/uploads\/usu36\/2022\/05\/IMG_5288-200x150.jpg 200w\" sizes=\"auto, (max-width: 327px) 100vw, 327px\" \/><\/a><a href=\"https:\/\/agora.xtec.cat\/ceip-lesroquesblaves\/wp-content\/uploads\/usu36\/2022\/05\/IMG_5290-rotated.jpg\">\u00a0 \u00a0<img loading=\"lazy\" decoding=\"async\" class=\"wp-image-26115 alignleft\" src=\"https:\/\/agora.xtec.cat\/ceip-lesroquesblaves\/wp-content\/uploads\/usu36\/2022\/05\/IMG_5290-rotated.jpg\" alt=\"\" width=\"201\" height=\"268\" srcset=\"https:\/\/agora.xtec.cat\/ceip-lesroquesblaves\/wp-content\/uploads\/usu36\/2022\/05\/IMG_5290-rotated.jpg 480w, https:\/\/agora.xtec.cat\/ceip-lesroquesblaves\/wp-content\/uploads\/usu36\/2022\/05\/IMG_5290-225x300.jpg 225w\" sizes=\"auto, (max-width: 201px) 100vw, 201px\" \/><\/a><a href=\"https:\/\/agora.xtec.cat\/ceip-lesroquesblaves\/wp-content\/uploads\/usu36\/2022\/05\/IMG_5292-rotated.jpg\"><img loading=\"lazy\" decoding=\"async\" class=\"wp-image-26116 alignleft\" src=\"https:\/\/agora.xtec.cat\/ceip-lesroquesblaves\/wp-content\/uploads\/usu36\/2022\/05\/IMG_5292-rotated.jpg\" alt=\"\" width=\"227\" height=\"303\" srcset=\"https:\/\/agora.xtec.cat\/ceip-lesroquesblaves\/wp-content\/uploads\/usu36\/2022\/05\/IMG_5292-rotated.jpg 480w, https:\/\/agora.xtec.cat\/ceip-lesroquesblaves\/wp-content\/uploads\/usu36\/2022\/05\/IMG_5292-225x300.jpg 225w\" sizes=\"auto, (max-width: 227px) 100vw, 227px\" \/><\/a><a href=\"https:\/\/agora.xtec.cat\/ceip-lesroquesblaves\/wp-content\/uploads\/usu36\/2022\/05\/IMG_5293-rotated.jpg\">\u00a0 \u00a0<img loading=\"lazy\" decoding=\"async\" class=\"wp-image-26117 alignleft\" src=\"https:\/\/agora.xtec.cat\/ceip-lesroquesblaves\/wp-content\/uploads\/usu36\/2022\/05\/IMG_5293-rotated.jpg\" alt=\"\" width=\"246\" height=\"328\" srcset=\"https:\/\/agora.xtec.cat\/ceip-lesroquesblaves\/wp-content\/uploads\/usu36\/2022\/05\/IMG_5293-rotated.jpg 480w, https:\/\/agora.xtec.cat\/ceip-lesroquesblaves\/wp-content\/uploads\/usu36\/2022\/05\/IMG_5293-225x300.jpg 225w\" sizes=\"auto, (max-width: 246px) 100vw, 246px\" \/><\/a><\/p>\n<p><a href=\"https:\/\/agora.xtec.cat\/ceip-lesroquesblaves\/wp-content\/uploads\/usu36\/2022\/05\/IMG_5300-rotated.jpg\"><img loading=\"lazy\" decoding=\"async\" class=\"wp-image-26118 alignleft\" src=\"https:\/\/agora.xtec.cat\/ceip-lesroquesblaves\/wp-content\/uploads\/usu36\/2022\/05\/IMG_5300-rotated.jpg\" alt=\"\" width=\"245\" height=\"327\" srcset=\"https:\/\/agora.xtec.cat\/ceip-lesroquesblaves\/wp-content\/uploads\/usu36\/2022\/05\/IMG_5300-rotated.jpg 480w, https:\/\/agora.xtec.cat\/ceip-lesroquesblaves\/wp-content\/uploads\/usu36\/2022\/05\/IMG_5300-225x300.jpg 225w\" sizes=\"auto, (max-width: 245px) 100vw, 245px\" \/><\/a> <a href=\"https:\/\/agora.xtec.cat\/ceip-lesroquesblaves\/wp-content\/uploads\/usu36\/2022\/05\/IMG_5309-rotated.jpg\">\u00a0\u00a0<img loading=\"lazy\" decoding=\"async\" class=\"wp-image-26119 alignleft\" src=\"https:\/\/agora.xtec.cat\/ceip-lesroquesblaves\/wp-content\/uploads\/usu36\/2022\/05\/IMG_5309-rotated.jpg\" alt=\"\" width=\"245\" height=\"327\" srcset=\"https:\/\/agora.xtec.cat\/ceip-lesroquesblaves\/wp-content\/uploads\/usu36\/2022\/05\/IMG_5309-rotated.jpg 480w, https:\/\/agora.xtec.cat\/ceip-lesroquesblaves\/wp-content\/uploads\/usu36\/2022\/05\/IMG_5309-225x300.jpg 225w\" sizes=\"auto, (max-width: 245px) 100vw, 245px\" \/><\/a><\/p>\n","protected":false},"excerpt":{"rendered":"<p> &hellip;  <a href=\"https:\/\/agora.xtec.cat\/ceip-lesroquesblaves\/linia-pedagogica\/apadrinem\/sortida-a-les-roques-blaves-2\/\" title=\"Read SORTIDA A LES ROQUES BLAVES\">Llegeix m\u00e9s\u00bb<\/a><\/p>\n","protected":false},"author":73,"featured_media":26117,"comment_status":"open","ping_status":"closed","sticky":false,"template":"","format":"standard","meta":{"footnotes":""},"categories":[269,175,351,224],"tags":[],"class_list":["post-26113","post","type-post","status-publish","format-standard","has-post-thumbnail","hentry","category-promocio2018-27","category-apadrinem","category-sostenibilitat","category-fauna"],"post_mailing_queue_ids":[],"_links":{"self":[{"href":"https:\/\/agora.xtec.cat\/ceip-lesroquesblaves\/wp-json\/wp\/v2\/posts\/26113","targetHints":{"allow":["GET"]}}],"collection":[{"href":"https:\/\/agora.xtec.cat\/ceip-lesroquesblaves\/wp-json\/wp\/v2\/posts"}],"about":[{"href":"https:\/\/agora.xtec.cat\/ceip-lesroquesblaves\/wp-json\/wp\/v2\/types\/post"}],"author":[{"embeddable":true,"href":"https:\/\/agora.xtec.cat\/ceip-lesroquesblaves\/wp-json\/wp\/v2\/users\/73"}],"replies":[{"embeddable":true,"href":"https:\/\/agora.xtec.cat\/ceip-lesroquesblaves\/wp-json\/wp\/v2\/comments?post=26113"}],"version-history":[{"count":3,"href":"https:\/\/agora.xtec.cat\/ceip-lesroquesblaves\/wp-json\/wp\/v2\/posts\/26113\/revisions"}],"predecessor-version":[{"id":26122,"href":"https:\/\/agora.xtec.cat\/ceip-lesroquesblaves\/wp-json\/wp\/v2\/posts\/26113\/revisions\/26122"}],"wp:featuredmedia":[{"embeddable":true,"href":"https:\/\/agora.xtec.cat\/ceip-lesroquesblaves\/wp-json\/wp\/v2\/media\/26117"}],"wp:attachment":[{"href":"https:\/\/agora.xtec.cat\/ceip-lesroquesblaves\/wp-json\/wp\/v2\/media?parent=26113"}],"wp:term":[{"taxonomy":"category","embeddable":true,"href":"https:\/\/agora.xtec.cat\/ceip-lesroquesblaves\/wp-json\/wp\/v2\/categories?post=26113"},{"taxonomy":"post_tag","embeddable":true,"href":"https:\/\/agora.xtec.cat\/ceip-lesroquesblaves\/wp-json\/wp\/v2\/tags?post=26113"}],"curies":[{"name":"wp","href":"https:\/\/api.w.org\/{rel}","templated":true}]}}