{"id":25379,"date":"2022-02-14T17:03:11","date_gmt":"2022-02-14T16:03:11","guid":{"rendered":"https:\/\/agora.xtec.cat\/ceip-lesroquesblaves\/?p=25379"},"modified":"2022-02-15T10:04:58","modified_gmt":"2022-02-15T09:04:58","slug":"mens-sana-in-corpore-sano-2","status":"publish","type":"post","link":"https:\/\/agora.xtec.cat\/ceip-lesroquesblaves\/portada\/mens-sana-in-corpore-sano-2\/","title":{"rendered":"Mens sana in corpore sano"},"content":{"rendered":"<p>Comencem la tercera UDI d&#8217;aquest curs <span style=\"font-weight: 400;\">amb l\u2019objectiu de prendre consci\u00e8ncia de la import\u00e0ncia de realitzar i adquirir uns h\u00e0bits saludables que repercuteixin positivament en el funcionament del nostre organisme. <\/span><\/p>\n<p>&#8220;Mens sana in corpore sano&#8221; pret\u00e9n que al final de la UDI els alumnes s\u00e0piguen identificar i ser capa\u00e7os de portar a terme<span style=\"font-weight: 400;\"> un estil de vida saludable.<\/span><\/p>\n<p>Us deixem els criteris d&#8217;avaluaci\u00f3 d&#8217;aquesta Unitat Did\u00e0ctica per anar seguint el que anem treballant.<\/p>\n<p><a href=\"https:\/\/agora.xtec.cat\/ceip-lesroquesblaves\/wp-content\/uploads\/usu36\/2022\/02\/00.-CRITERIS-DAVALUACIO.pdf\"> CRITERIS D&#8217;AVALUACI\u00d3 MENS SANA IN CORPORE SANO<\/a><\/p>\n","protected":false},"excerpt":{"rendered":"<p>Comencem la tercera UDI d&#8217;aquest curs amb l\u2019objectiu de prendre consci\u00e8ncia de la import\u00e0ncia de realitzar i adquirir uns h\u00e0bits saludables que repercuteixin positivament en el funcionament del nostre organisme.<br \/>\n&#8220;Mens sana in corpore sano&#8221; pret\u00e9n que al final de la UDI els alumnes s\u00e0piguen&hellip;  <a href=\"https:\/\/agora.xtec.cat\/ceip-lesroquesblaves\/portada\/mens-sana-in-corpore-sano-2\/\" title=\"Read Mens sana in corpore sano\">Llegeix m\u00e9s\u00bb<\/a><\/p>\n","protected":false},"author":61,"featured_media":25382,"comment_status":"open","ping_status":"closed","sticky":false,"template":"","format":"standard","meta":{"footnotes":""},"categories":[4,265],"tags":[338,485,484],"class_list":["post-25379","post","type-post","status-publish","format-standard","has-post-thumbnail","hentry","category-portada","category-2015-24","tag-4t","tag-habits-saludables","tag-udi-mens-sana"],"post_mailing_queue_ids":[],"_links":{"self":[{"href":"https:\/\/agora.xtec.cat\/ceip-lesroquesblaves\/wp-json\/wp\/v2\/posts\/25379","targetHints":{"allow":["GET"]}}],"collection":[{"href":"https:\/\/agora.xtec.cat\/ceip-lesroquesblaves\/wp-json\/wp\/v2\/posts"}],"about":[{"href":"https:\/\/agora.xtec.cat\/ceip-lesroquesblaves\/wp-json\/wp\/v2\/types\/post"}],"author":[{"embeddable":true,"href":"https:\/\/agora.xtec.cat\/ceip-lesroquesblaves\/wp-json\/wp\/v2\/users\/61"}],"replies":[{"embeddable":true,"href":"https:\/\/agora.xtec.cat\/ceip-lesroquesblaves\/wp-json\/wp\/v2\/comments?post=25379"}],"version-history":[{"count":2,"href":"https:\/\/agora.xtec.cat\/ceip-lesroquesblaves\/wp-json\/wp\/v2\/posts\/25379\/revisions"}],"predecessor-version":[{"id":25386,"href":"https:\/\/agora.xtec.cat\/ceip-lesroquesblaves\/wp-json\/wp\/v2\/posts\/25379\/revisions\/25386"}],"wp:featuredmedia":[{"embeddable":true,"href":"https:\/\/agora.xtec.cat\/ceip-lesroquesblaves\/wp-json\/wp\/v2\/media\/25382"}],"wp:attachment":[{"href":"https:\/\/agora.xtec.cat\/ceip-lesroquesblaves\/wp-json\/wp\/v2\/media?parent=25379"}],"wp:term":[{"taxonomy":"category","embeddable":true,"href":"https:\/\/agora.xtec.cat\/ceip-lesroquesblaves\/wp-json\/wp\/v2\/categories?post=25379"},{"taxonomy":"post_tag","embeddable":true,"href":"https:\/\/agora.xtec.cat\/ceip-lesroquesblaves\/wp-json\/wp\/v2\/tags?post=25379"}],"curies":[{"name":"wp","href":"https:\/\/api.w.org\/{rel}","templated":true}]}}