{"id":25343,"date":"2022-02-14T10:00:29","date_gmt":"2022-02-14T09:00:29","guid":{"rendered":"https:\/\/agora.xtec.cat\/ceip-lesroquesblaves\/?p=25343"},"modified":"2025-06-26T10:39:58","modified_gmt":"2025-06-26T08:39:58","slug":"udi-el-reciclatge-3","status":"publish","type":"post","link":"https:\/\/agora.xtec.cat\/ceip-lesroquesblaves\/primaria\/promocio2018-27\/udi-el-reciclatge-3\/","title":{"rendered":"UDI: EL RECICLATGE"},"content":{"rendered":"<p>Ja hem comen\u00e7at la segona UDI del curs anomenada: <strong>EL RECICLATGE!<\/strong><\/p>\n<p>S&#8217;ha introduit a partir d&#8217;un pirata que resulta que s&#8217;ha trobat una illa plena de deixalles. Est\u00e0 molt enfadat i no sap qu\u00e8 fer&#8230; aix\u00ed que com que sap que els nens i nenes de 1r som molt espavilats ens ha demanat ajuda per arreglar aquesta illa tan i tan bruta! Per aix\u00f2 \u00e9s importat\u00edssim aprendre molt\u00edssimes coses sobre el reciclatge i aix\u00ed ho estem fent!<\/p>\n<p>Aquesta unitat did\u00e0ctica \u00e9s fa en el marc d\u2019Escola Verda, de cara a la sensibilitzaci\u00f3 de l\u2019alumnat i les fam\u00edlies en la generaci\u00f3 de residus i recollida selectiva dels mateixos. Com ja sabeu a l\u2019escola s\u2019est\u00e0 fent la recollida d\u2019olis d\u2019\u00fas dom\u00e8stic, la recollida selectiva del paper, envasos, org\u00e0nic i rebuig. Tamb\u00e9 es forma part del programa Apilo de recollida de piles.<\/p>\n<p>Hi ha dos delegats verds a la classe que es reuneixen mensualment amb la resta de delegats verds d&#8217;altres classes i amb l\u2019equip impulsor dels mestres de l\u2019Escola Verda.<\/p>\n<p><strong>EL PRODUCTE FINAL\u00a0<\/strong>d\u2019aquesta UDI \u00e9s que els nens i nenes confeccionin un lapbook informatiu de recollida selectiva de residus\u00a0 dom\u00e8stics.<\/p>\n<p><strong>CONTINGUTS<\/strong><\/p>\n<ul>\n<li>Comunicaci\u00f3 de les informacions obtingudes utilitzant diferents llenguatges.<\/li>\n<li>La recollida de dades: rigor i fiabilitat.<\/li>\n<li>Distinci\u00f3 entre objectes fets d\u2019un sol tipus de material o de diferents.<\/li>\n<li>Reducci\u00f3, reutilitzaci\u00f3 i reciclatge de residus. Criteris de separaci\u00f3 i selecci\u00f3.<\/li>\n<li>Elements caracter\u00edstics de l\u2019entorn, els serveis i els espais comuns. Valoraci\u00f3 de la responsabilitat personal en el seu \u00fas.<\/li>\n<li>Consum responsable.<\/li>\n<li>\u00das de la numeraci\u00f3 per a la recollida de dades.<\/li>\n<li>Realitzaci\u00f3 de gr\u00e0fiques.<\/li>\n<li>Treball de les normes ortogr\u00e0fiques de la R i RR.<\/li>\n<\/ul>\n<p><strong>CRITERIS D\u2019AVALUACI\u00d3<\/strong><\/p>\n<ul>\n<li>Copsar les idees principals dels elements no verbals.<\/li>\n<li>Comprendre\u00a0 les informacions\u00a0 orals per part de la mestra, companys i\/o audiovisuals.<\/li>\n<li>Estar atent.<\/li>\n<li>Participar en les situacions de conversa.<\/li>\n<li>Llegir correctament el vocabulari propi del tema i con\u00e8ixer el seu significat.<\/li>\n<li>Escriure correctament el t\u00edtol, els noms o les instruccions.<\/li>\n<li>Situar de manera adequada els diferents elements que formen el fullet\u00f3<\/li>\n<li>Dibuixa\/enganxar dibuixos clars i entenedors.<\/li>\n<\/ul>\n<p><a href=\"https:\/\/agora.xtec.cat\/ceip-lesroquesblaves\/wp-content\/uploads\/usu36\/2022\/02\/UDI-RECICLATGE-1.jpg\"><img loading=\"lazy\" decoding=\"async\" class=\"alignnone wp-image-25344\" src=\"https:\/\/agora.xtec.cat\/ceip-lesroquesblaves\/wp-content\/uploads\/usu36\/2022\/02\/UDI-RECICLATGE-1-1024x724.jpg\" alt=\"\" width=\"434\" height=\"307\" srcset=\"https:\/\/agora.xtec.cat\/ceip-lesroquesblaves\/wp-content\/uploads\/usu36\/2022\/02\/UDI-RECICLATGE-1-1024x724.jpg 1024w, https:\/\/agora.xtec.cat\/ceip-lesroquesblaves\/wp-content\/uploads\/usu36\/2022\/02\/UDI-RECICLATGE-1-300x212.jpg 300w, https:\/\/agora.xtec.cat\/ceip-lesroquesblaves\/wp-content\/uploads\/usu36\/2022\/02\/UDI-RECICLATGE-1-768x543.jpg 768w, https:\/\/agora.xtec.cat\/ceip-lesroquesblaves\/wp-content\/uploads\/usu36\/2022\/02\/UDI-RECICLATGE-1-1536x1086.jpg 1536w, https:\/\/agora.xtec.cat\/ceip-lesroquesblaves\/wp-content\/uploads\/usu36\/2022\/02\/UDI-RECICLATGE-1.jpg 2000w\" sizes=\"auto, (max-width: 434px) 100vw, 434px\" \/><\/a><\/p>\n","protected":false},"excerpt":{"rendered":"<p>Ja hem comen\u00e7at la segona UDI del curs anomenada: EL RECICLATGE!<br \/>\nS&#8217;ha introduit a partir d&#8217;un pirata que resulta que s&#8217;ha trobat una illa plena de deixalles. Est\u00e0 molt enfadat i no sap qu\u00e8 fer&#8230; aix\u00ed que com que sap que els nens i nenes de&hellip;  <a href=\"https:\/\/agora.xtec.cat\/ceip-lesroquesblaves\/primaria\/promocio2018-27\/udi-el-reciclatge-3\/\" title=\"Read UDI: EL RECICLATGE\">Llegeix m\u00e9s\u00bb<\/a><\/p>\n","protected":false},"author":73,"featured_media":0,"comment_status":"open","ping_status":"closed","sticky":false,"template":"","format":"standard","meta":{"footnotes":""},"categories":[269,351],"tags":[],"class_list":["post-25343","post","type-post","status-publish","format-standard","hentry","category-promocio2018-27","category-sostenibilitat"],"post_mailing_queue_ids":[],"_links":{"self":[{"href":"https:\/\/agora.xtec.cat\/ceip-lesroquesblaves\/wp-json\/wp\/v2\/posts\/25343","targetHints":{"allow":["GET"]}}],"collection":[{"href":"https:\/\/agora.xtec.cat\/ceip-lesroquesblaves\/wp-json\/wp\/v2\/posts"}],"about":[{"href":"https:\/\/agora.xtec.cat\/ceip-lesroquesblaves\/wp-json\/wp\/v2\/types\/post"}],"author":[{"embeddable":true,"href":"https:\/\/agora.xtec.cat\/ceip-lesroquesblaves\/wp-json\/wp\/v2\/users\/73"}],"replies":[{"embeddable":true,"href":"https:\/\/agora.xtec.cat\/ceip-lesroquesblaves\/wp-json\/wp\/v2\/comments?post=25343"}],"version-history":[{"count":1,"href":"https:\/\/agora.xtec.cat\/ceip-lesroquesblaves\/wp-json\/wp\/v2\/posts\/25343\/revisions"}],"predecessor-version":[{"id":25345,"href":"https:\/\/agora.xtec.cat\/ceip-lesroquesblaves\/wp-json\/wp\/v2\/posts\/25343\/revisions\/25345"}],"wp:attachment":[{"href":"https:\/\/agora.xtec.cat\/ceip-lesroquesblaves\/wp-json\/wp\/v2\/media?parent=25343"}],"wp:term":[{"taxonomy":"category","embeddable":true,"href":"https:\/\/agora.xtec.cat\/ceip-lesroquesblaves\/wp-json\/wp\/v2\/categories?post=25343"},{"taxonomy":"post_tag","embeddable":true,"href":"https:\/\/agora.xtec.cat\/ceip-lesroquesblaves\/wp-json\/wp\/v2\/tags?post=25343"}],"curies":[{"name":"wp","href":"https:\/\/api.w.org\/{rel}","templated":true}]}}