{"id":24950,"date":"2021-10-08T15:46:16","date_gmt":"2021-10-08T13:46:16","guid":{"rendered":"https:\/\/agora.xtec.cat\/ceip-lesroquesblaves\/?p=24950"},"modified":"2021-11-13T16:07:07","modified_gmt":"2021-11-13T15:07:07","slug":"ja-ha-arribat-la-tardor","status":"publish","type":"post","link":"https:\/\/agora.xtec.cat\/ceip-lesroquesblaves\/musica\/ja-ha-arribat-la-tardor\/","title":{"rendered":"Ja ha arribat la tardor"},"content":{"rendered":"<p>Per donar la benvinguda a la tardor, a m\u00fasica hem apr\u00e8s una can\u00e7\u00f3 anomenada &#8220;Les fulletes&#8221; acompanyada amb l&#8217;ukelele<\/p>\n<p>Ens agrada molt cantar. Escolteu <strong><a href=\"https:\/\/drive.google.com\/file\/d\/1Cx-pLLG5QBlyJaCfuv-80rLB_KEVxsft\/view?usp=sharing\">Les fulletes<\/a>!<\/strong><\/p>\n<p><a href=\"https:\/\/agora.xtec.cat\/ceip-lesroquesblaves\/wp-content\/uploads\/usu36\/2021\/11\/les-fulletes.png\"><img loading=\"lazy\" decoding=\"async\" class=\"alignnone  wp-image-24951\" src=\"https:\/\/agora.xtec.cat\/ceip-lesroquesblaves\/wp-content\/uploads\/usu36\/2021\/11\/les-fulletes-300x171.png\" alt=\"\" width=\"257\" height=\"146\" srcset=\"https:\/\/agora.xtec.cat\/ceip-lesroquesblaves\/wp-content\/uploads\/usu36\/2021\/11\/les-fulletes-300x171.png 300w, https:\/\/agora.xtec.cat\/ceip-lesroquesblaves\/wp-content\/uploads\/usu36\/2021\/11\/les-fulletes-768x437.png 768w, https:\/\/agora.xtec.cat\/ceip-lesroquesblaves\/wp-content\/uploads\/usu36\/2021\/11\/les-fulletes.png 854w\" sizes=\"auto, (max-width: 257px) 100vw, 257px\" \/><\/a><\/p>\n","protected":false},"excerpt":{"rendered":"<p>Per donar la benvinguda a la tardor, a m\u00fasica hem apr\u00e8s una can\u00e7\u00f3 anomenada &#8220;Les fulletes&#8221; acompanyada amb l&#8217;ukelele<br \/>\nEns agrada molt cantar. Escolteu <a href=\"https:\/\/drive.google.com\/file\/d\/1Cx-pLLG5QBlyJaCfuv-80rLB_KEVxsft\/view?usp=sharing\">Les fulletes<\/a>!<br \/>\n<a href=\"https:\/\/agora.xtec.cat\/ceip-lesroquesblaves\/wp-content\/uploads\/usu36\/2021\/11\/les-fulletes.png\"><\/a><\/p>\n","protected":false},"author":73,"featured_media":24951,"comment_status":"open","ping_status":"closed","sticky":false,"template":"","format":"standard","meta":{"footnotes":""},"categories":[108],"tags":[],"class_list":["post-24950","post","type-post","status-publish","format-standard","has-post-thumbnail","hentry","category-musica"],"post_mailing_queue_ids":[],"_links":{"self":[{"href":"https:\/\/agora.xtec.cat\/ceip-lesroquesblaves\/wp-json\/wp\/v2\/posts\/24950","targetHints":{"allow":["GET"]}}],"collection":[{"href":"https:\/\/agora.xtec.cat\/ceip-lesroquesblaves\/wp-json\/wp\/v2\/posts"}],"about":[{"href":"https:\/\/agora.xtec.cat\/ceip-lesroquesblaves\/wp-json\/wp\/v2\/types\/post"}],"author":[{"embeddable":true,"href":"https:\/\/agora.xtec.cat\/ceip-lesroquesblaves\/wp-json\/wp\/v2\/users\/73"}],"replies":[{"embeddable":true,"href":"https:\/\/agora.xtec.cat\/ceip-lesroquesblaves\/wp-json\/wp\/v2\/comments?post=24950"}],"version-history":[{"count":2,"href":"https:\/\/agora.xtec.cat\/ceip-lesroquesblaves\/wp-json\/wp\/v2\/posts\/24950\/revisions"}],"predecessor-version":[{"id":24953,"href":"https:\/\/agora.xtec.cat\/ceip-lesroquesblaves\/wp-json\/wp\/v2\/posts\/24950\/revisions\/24953"}],"wp:featuredmedia":[{"embeddable":true,"href":"https:\/\/agora.xtec.cat\/ceip-lesroquesblaves\/wp-json\/wp\/v2\/media\/24951"}],"wp:attachment":[{"href":"https:\/\/agora.xtec.cat\/ceip-lesroquesblaves\/wp-json\/wp\/v2\/media?parent=24950"}],"wp:term":[{"taxonomy":"category","embeddable":true,"href":"https:\/\/agora.xtec.cat\/ceip-lesroquesblaves\/wp-json\/wp\/v2\/categories?post=24950"},{"taxonomy":"post_tag","embeddable":true,"href":"https:\/\/agora.xtec.cat\/ceip-lesroquesblaves\/wp-json\/wp\/v2\/tags?post=24950"}],"curies":[{"name":"wp","href":"https:\/\/api.w.org\/{rel}","templated":true}]}}