{"id":24465,"date":"2021-06-29T11:28:14","date_gmt":"2021-06-29T09:28:14","guid":{"rendered":"https:\/\/agora.xtec.cat\/ceip-lesroquesblaves\/?p=24465"},"modified":"2021-09-08T18:05:46","modified_gmt":"2021-09-08T16:05:46","slug":"gaudiu-amb-la-musica-daquest-curs","status":"publish","type":"post","link":"https:\/\/agora.xtec.cat\/ceip-lesroquesblaves\/musica\/gaudiu-amb-la-musica-daquest-curs\/","title":{"rendered":"GAUDIU AMB LA M\u00daSICA D&#8217;AQUEST CURS!"},"content":{"rendered":"<p><span style=\"font-weight: 400\">Bon dia fam\u00edlies, ha acabat aquest curs i ha sigut un plaer poder compartir tot aquest any amb els vostres fills i filles. Tant ells com jo hem gaudit molt amb les can\u00e7ons i les danses treballades i estaria encantada de poder compartir-les amb tots vosaltres.<\/span><\/p>\n<p><span style=\"font-weight: 400\">Per aix\u00f2, he creat una carpeta al drive amb totes les can\u00e7ons que hem fet aquest aquest curs i aix\u00ed podreu cantar aquest estiu.\u00a0<\/span><\/p>\n<p><span style=\"font-weight: 400\">Bones Vacances!\ud83d\ude0a<\/span><\/p>\n<p>Laura.<\/p>\n<p>&nbsp;<\/p>\n<p>Enlla\u00e7 P3<\/p>\n<p><a href=\"https:\/\/drive.google.com\/drive\/folders\/1Sgo1llgOMuei5j_vhYq5Ri9VyUD6HMcM?usp=sharing\">https:\/\/drive.google.com\/drive\/folders\/1Sgo1llgOMuei5j_vhYq5Ri9VyUD6HMcM?usp=sharing<\/a><\/p>\n<p>Enlla\u00e7 p4 i p5<\/p>\n<p><a href=\"https:\/\/drive.google.com\/drive\/folders\/1YseGVEXjO4cUnfN8yh32BHr2rUDyY53P?usp=sharing\">https:\/\/drive.google.com\/drive\/folders\/1YseGVEXjO4cUnfN8yh32BHr2rUDyY53P?usp=sharing<\/a><\/p>\n<p>&nbsp;<\/p>\n","protected":false},"excerpt":{"rendered":"<p>Bon dia fam\u00edlies, ha acabat aquest curs i ha sigut un plaer poder compartir tot aquest any amb els vostres fills i filles. Tant ells com jo hem gaudit molt amb les can\u00e7ons i les danses treballades i estaria encantada de poder compartir-les amb tots&hellip;  <a href=\"https:\/\/agora.xtec.cat\/ceip-lesroquesblaves\/musica\/gaudiu-amb-la-musica-daquest-curs\/\" title=\"Read GAUDIU AMB LA M\u00daSICA D&#8217;AQUEST CURS!\">Llegeix m\u00e9s\u00bb<\/a><\/p>\n","protected":false},"author":73,"featured_media":24468,"comment_status":"open","ping_status":"closed","sticky":false,"template":"","format":"standard","meta":{"footnotes":""},"categories":[324,269,108],"tags":[],"class_list":["post-24465","post","type-post","status-publish","format-standard","has-post-thumbnail","hentry","category-promocio2019-28","category-promocio2018-27","category-musica"],"post_mailing_queue_ids":[],"_links":{"self":[{"href":"https:\/\/agora.xtec.cat\/ceip-lesroquesblaves\/wp-json\/wp\/v2\/posts\/24465","targetHints":{"allow":["GET"]}}],"collection":[{"href":"https:\/\/agora.xtec.cat\/ceip-lesroquesblaves\/wp-json\/wp\/v2\/posts"}],"about":[{"href":"https:\/\/agora.xtec.cat\/ceip-lesroquesblaves\/wp-json\/wp\/v2\/types\/post"}],"author":[{"embeddable":true,"href":"https:\/\/agora.xtec.cat\/ceip-lesroquesblaves\/wp-json\/wp\/v2\/users\/73"}],"replies":[{"embeddable":true,"href":"https:\/\/agora.xtec.cat\/ceip-lesroquesblaves\/wp-json\/wp\/v2\/comments?post=24465"}],"version-history":[{"count":2,"href":"https:\/\/agora.xtec.cat\/ceip-lesroquesblaves\/wp-json\/wp\/v2\/posts\/24465\/revisions"}],"predecessor-version":[{"id":24467,"href":"https:\/\/agora.xtec.cat\/ceip-lesroquesblaves\/wp-json\/wp\/v2\/posts\/24465\/revisions\/24467"}],"wp:featuredmedia":[{"embeddable":true,"href":"https:\/\/agora.xtec.cat\/ceip-lesroquesblaves\/wp-json\/wp\/v2\/media\/24468"}],"wp:attachment":[{"href":"https:\/\/agora.xtec.cat\/ceip-lesroquesblaves\/wp-json\/wp\/v2\/media?parent=24465"}],"wp:term":[{"taxonomy":"category","embeddable":true,"href":"https:\/\/agora.xtec.cat\/ceip-lesroquesblaves\/wp-json\/wp\/v2\/categories?post=24465"},{"taxonomy":"post_tag","embeddable":true,"href":"https:\/\/agora.xtec.cat\/ceip-lesroquesblaves\/wp-json\/wp\/v2\/tags?post=24465"}],"curies":[{"name":"wp","href":"https:\/\/api.w.org\/{rel}","templated":true}]}}