{"id":23902,"date":"2021-03-17T08:50:15","date_gmt":"2021-03-17T07:50:15","guid":{"rendered":"https:\/\/agora.xtec.cat\/ceip-lesroquesblaves\/?p=23902"},"modified":"2021-03-17T13:16:48","modified_gmt":"2021-03-17T12:16:48","slug":"la-vella-quaresma-a-infantil","status":"publish","type":"post","link":"https:\/\/agora.xtec.cat\/ceip-lesroquesblaves\/musica\/la-vella-quaresma-a-infantil\/","title":{"rendered":"LA VELLA QUARESMA A INFANTIL"},"content":{"rendered":"<p>Els nens i nenes d&#8217;Educaci\u00f3 infantil us volen cantar la can\u00e7\u00f3 de la Vella Quaresma que estan practicant a M\u00fasica.<\/p>\n<p><a href=\"https:\/\/drive.google.com\/file\/d\/1FWc2ThyEBVKqmtKnNzVr34c59EEOBx1p\/view?usp=sharing\">https:\/\/drive.google.com\/file\/d\/1FWc2ThyEBVKqmtKnNzVr34c59EEOBx1p\/view?usp=sharing<\/a><\/p>\n","protected":false},"excerpt":{"rendered":"<p>Els nens i nenes d&#8217;Educaci\u00f3 infantil us volen cantar la can\u00e7\u00f3 de la Vella Quaresma que estan practicant a M\u00fasica.<br \/>\n<a href=\"https:\/\/drive.google.com\/file\/d\/1FWc2ThyEBVKqmtKnNzVr34c59EEOBx1p\/view?usp=sharing\">https:\/\/drive.google.com\/file\/d\/1FWc2ThyEBVKqmtKnNzVr34c59EEOBx1p\/view?usp=sharing<\/a><\/p>\n","protected":false},"author":73,"featured_media":23903,"comment_status":"open","ping_status":"closed","sticky":false,"template":"","format":"standard","meta":{"footnotes":""},"categories":[324,269,108],"tags":[],"class_list":["post-23902","post","type-post","status-publish","format-standard","has-post-thumbnail","hentry","category-promocio2019-28","category-promocio2018-27","category-musica"],"post_mailing_queue_ids":[],"_links":{"self":[{"href":"https:\/\/agora.xtec.cat\/ceip-lesroquesblaves\/wp-json\/wp\/v2\/posts\/23902","targetHints":{"allow":["GET"]}}],"collection":[{"href":"https:\/\/agora.xtec.cat\/ceip-lesroquesblaves\/wp-json\/wp\/v2\/posts"}],"about":[{"href":"https:\/\/agora.xtec.cat\/ceip-lesroquesblaves\/wp-json\/wp\/v2\/types\/post"}],"author":[{"embeddable":true,"href":"https:\/\/agora.xtec.cat\/ceip-lesroquesblaves\/wp-json\/wp\/v2\/users\/73"}],"replies":[{"embeddable":true,"href":"https:\/\/agora.xtec.cat\/ceip-lesroquesblaves\/wp-json\/wp\/v2\/comments?post=23902"}],"version-history":[{"count":3,"href":"https:\/\/agora.xtec.cat\/ceip-lesroquesblaves\/wp-json\/wp\/v2\/posts\/23902\/revisions"}],"predecessor-version":[{"id":23926,"href":"https:\/\/agora.xtec.cat\/ceip-lesroquesblaves\/wp-json\/wp\/v2\/posts\/23902\/revisions\/23926"}],"wp:featuredmedia":[{"embeddable":true,"href":"https:\/\/agora.xtec.cat\/ceip-lesroquesblaves\/wp-json\/wp\/v2\/media\/23903"}],"wp:attachment":[{"href":"https:\/\/agora.xtec.cat\/ceip-lesroquesblaves\/wp-json\/wp\/v2\/media?parent=23902"}],"wp:term":[{"taxonomy":"category","embeddable":true,"href":"https:\/\/agora.xtec.cat\/ceip-lesroquesblaves\/wp-json\/wp\/v2\/categories?post=23902"},{"taxonomy":"post_tag","embeddable":true,"href":"https:\/\/agora.xtec.cat\/ceip-lesroquesblaves\/wp-json\/wp\/v2\/tags?post=23902"}],"curies":[{"name":"wp","href":"https:\/\/api.w.org\/{rel}","templated":true}]}}