{"id":23233,"date":"2021-02-03T07:47:20","date_gmt":"2021-02-03T06:47:20","guid":{"rendered":"https:\/\/agora.xtec.cat\/ceip-lesroquesblaves\/?p=23233"},"modified":"2021-04-15T23:39:01","modified_gmt":"2021-04-15T21:39:01","slug":"fem-musica-musica-a-c-i","status":"publish","type":"post","link":"https:\/\/agora.xtec.cat\/ceip-lesroquesblaves\/musica\/fem-musica-musica-a-c-i\/","title":{"rendered":"FEM M\u00daSICA  A C.I. !"},"content":{"rendered":"<p>&nbsp;<\/p>\n<p>&nbsp;<\/p>\n<p>EN AQUEST ARTICLE TROBAREU EL QUE FAREM A CADA TRIMESTRE I ALGUNS DELS VIDEOS QUE HEM VIST I TREBALLAT A CLASSE.<\/p>\n<p>&nbsp;<\/p>\n<p><span style=\"text-decoration: underline\">Criteris d\u2019avaluaci\u00f3 de Cicle Inicial\u00a0<\/span><\/p>\n<p>1. Recon\u00e8ixer algunes de les caracter\u00edstiques i de les possibilitats d\u2019utilitzaci\u00f3 sonora i corporal dels elements presents en l\u2019entorn natural, cultural i art\u00edstic.<br \/>\n2. Expressar de forma senzilla i compartir amb els companys el que suggereix una experi\u00e8ncia art\u00edstica, individual o col\u00b7lectiva.<br \/>\n3. Crear composicions sonores i corporals senzilles, que representin el m\u00f3n imaginari, afectiu i social i participar en produccions col\u00b7lectives.<br \/>\n4. Mostrar respecte en el treball cooperatiu a l\u2019hora de participar en projectes col\u00b7lectius.<br \/>\n5. Interpretar de mem\u00f2ria can\u00e7ons i danses.<br \/>\n6. Realitzar breus patrons de moviment, jocs motrius, esquemes r\u00edtmics i mel\u00f2dics amb la veu, el cos i instruments.<br \/>\n7. Llegir i interpretar petits patrons mel\u00f2dics i r\u00edtmics amb els elements apresos.<\/p>\n<p>&nbsp;<\/p>\n<p><strong>CONTIGUTS PRIMER TRIMESTRE<\/strong><\/p>\n<table style=\"width: 565px\">\n<tbody>\n<tr>\n<td style=\"width: 560px\"><span style=\"text-decoration: underline\">LES QUALITATS DEL SO\u00a0<\/span><\/p>\n<p><span style=\"font-weight: 400\">&#8211; Intensitat: <\/span><span style=\"font-weight: 400\">sona\u00a0<\/span><span style=\"font-weight: 400\">fort o fluix<\/span><\/p>\n<p><span style=\"font-weight: 400\">&#8211; Durada: <\/span><\/p>\n<p><span style=\"font-weight: 400\">&#8211; Altura: Indica si el so \u00e9s greu o agut\u00a0<\/span><\/td>\n<\/tr>\n<tr>\n<td style=\"width: 560px\"><span style=\"text-decoration: underline\">RITME\u00a0<\/span><\/p>\n<p><span style=\"font-weight: 400\">&#8211; Ta, ti-ti, silenci de negra<\/span><\/p>\n<p><span style=\"font-weight: 400\">&#8211; La pulsaci\u00f3<\/span><\/p>\n<p><span style=\"font-weight: 400\">&#8211; Cadena de ritmes (ritme grupal)<\/span><\/td>\n<\/tr>\n<tr>\n<td style=\"width: 560px\"><span style=\"text-decoration: underline\">CAN\u00c7ONS<\/span><\/p>\n<p><span style=\"font-weight: 400\">&#8211; Can\u00e7ons relacionades amb les UDI&#8217;s, l&#8217;\u00e8poca de l&#8217;any, les festivitats&#8230;<\/span><\/td>\n<\/tr>\n<\/tbody>\n<\/table>\n<p>&nbsp;<\/p>\n<p><a href=\"https:\/\/www.youtube.com\/watch?v=Mfh6dMySREE&amp;feature=emb_logo\" target=\"_blank\" rel=\"noopener noreferrer\"><img loading=\"lazy\" decoding=\"async\" class=\"alignnone wp-image-23239\" src=\"https:\/\/agora.xtec.cat\/ceip-lesroquesblaves\/wp-content\/uploads\/usu36\/2021\/01\/fORT-FLUIX.png\" alt=\"\" width=\"309\" height=\"228\" \/>\u00a0 <\/a><a href=\"https:\/\/www.youtube.com\/watch?v=aDicETzBbIo&amp;feature=emb_logo\" target=\"_blank\" rel=\"noopener noreferrer\"><img loading=\"lazy\" decoding=\"async\" class=\"alignnone wp-image-23241\" src=\"https:\/\/agora.xtec.cat\/ceip-lesroquesblaves\/wp-content\/uploads\/usu36\/2021\/01\/Greu-agut.png\" alt=\"\" width=\"351\" height=\"235\" srcset=\"https:\/\/agora.xtec.cat\/ceip-lesroquesblaves\/wp-content\/uploads\/usu36\/2021\/01\/Greu-agut.png 1023w, https:\/\/agora.xtec.cat\/ceip-lesroquesblaves\/wp-content\/uploads\/usu36\/2021\/01\/Greu-agut-300x201.png 300w, https:\/\/agora.xtec.cat\/ceip-lesroquesblaves\/wp-content\/uploads\/usu36\/2021\/01\/Greu-agut-768x514.png 768w\" sizes=\"auto, (max-width: 351px) 100vw, 351px\" \/> <\/a><a href=\"https:\/\/www.youtube.com\/watch?v=scgJODaM158\" target=\"_blank\" rel=\"noopener noreferrer\">\u00a0 \u00a0<\/a><\/p>\n<p><a href=\"https:\/\/agora.xtec.cat\/ceip-lesroquesblaves\/wp-content\/uploads\/usu36\/2021\/01\/Epo.png\">\u00a0\u00a0<\/a><img loading=\"lazy\" decoding=\"async\" class=\"alignnone wp-image-23243\" src=\"https:\/\/agora.xtec.cat\/ceip-lesroquesblaves\/wp-content\/uploads\/usu36\/2021\/01\/La-petita-flauta-magica.png\" alt=\"\" width=\"318\" height=\"208\" srcset=\"https:\/\/agora.xtec.cat\/ceip-lesroquesblaves\/wp-content\/uploads\/usu36\/2021\/01\/La-petita-flauta-magica.png 1023w, https:\/\/agora.xtec.cat\/ceip-lesroquesblaves\/wp-content\/uploads\/usu36\/2021\/01\/La-petita-flauta-magica-300x196.png 300w, https:\/\/agora.xtec.cat\/ceip-lesroquesblaves\/wp-content\/uploads\/usu36\/2021\/01\/La-petita-flauta-magica-768x503.png 768w\" sizes=\"auto, (max-width: 318px) 100vw, 318px\" \/> \u00a0\u00a0 <a style=\"font-family: inherit;font-size: 1em\" href=\"https:\/\/www.youtube.com\/watch?v=a3GDQdscoHI\" target=\"_blank\" rel=\"noopener noreferrer\"><img loading=\"lazy\" decoding=\"async\" class=\"alignnone wp-image-23245\" src=\"https:\/\/agora.xtec.cat\/ceip-lesroquesblaves\/wp-content\/uploads\/usu36\/2021\/01\/Epo-1024x669.png\" alt=\"\" width=\"321\" height=\"209\" srcset=\"https:\/\/agora.xtec.cat\/ceip-lesroquesblaves\/wp-content\/uploads\/usu36\/2021\/01\/Epo-1024x669.png 1024w, https:\/\/agora.xtec.cat\/ceip-lesroquesblaves\/wp-content\/uploads\/usu36\/2021\/01\/Epo-300x196.png 300w, https:\/\/agora.xtec.cat\/ceip-lesroquesblaves\/wp-content\/uploads\/usu36\/2021\/01\/Epo-768x502.png 768w, https:\/\/agora.xtec.cat\/ceip-lesroquesblaves\/wp-content\/uploads\/usu36\/2021\/01\/Epo.png 1041w\" sizes=\"auto, (max-width: 321px) 100vw, 321px\" \/><\/a><\/p>\n<p><a href=\"https:\/\/www.youtube.com\/watch?v=EgTqO82Akbw&amp;feature=emb_logo\" target=\"_blank\" rel=\"noopener noreferrer\"><img loading=\"lazy\" decoding=\"async\" class=\"alignnone wp-image-23321 size-full\" src=\"https:\/\/agora.xtec.cat\/ceip-lesroquesblaves\/wp-content\/uploads\/usu36\/2021\/01\/Picar.jpg\" alt=\"\" width=\"325\" height=\"231\" srcset=\"https:\/\/agora.xtec.cat\/ceip-lesroquesblaves\/wp-content\/uploads\/usu36\/2021\/01\/Picar.jpg 325w, https:\/\/agora.xtec.cat\/ceip-lesroquesblaves\/wp-content\/uploads\/usu36\/2021\/01\/Picar-300x213.jpg 300w\" sizes=\"auto, (max-width: 325px) 100vw, 325px\" \/>\u00a0\u00a0\u00a0 <\/a><a href=\"https:\/\/www.youtube.com\/watch?v=FXE4c07gWA0\" target=\"_blank\" rel=\"noopener noreferrer\"><img loading=\"lazy\" decoding=\"async\" class=\"alignnone wp-image-23322\" src=\"https:\/\/agora.xtec.cat\/ceip-lesroquesblaves\/wp-content\/uploads\/usu36\/2021\/01\/Tren-ritme-1024x595.jpg\" alt=\"\" width=\"393\" height=\"229\" srcset=\"https:\/\/agora.xtec.cat\/ceip-lesroquesblaves\/wp-content\/uploads\/usu36\/2021\/01\/Tren-ritme-1024x595.jpg 1024w, https:\/\/agora.xtec.cat\/ceip-lesroquesblaves\/wp-content\/uploads\/usu36\/2021\/01\/Tren-ritme-300x174.jpg 300w, https:\/\/agora.xtec.cat\/ceip-lesroquesblaves\/wp-content\/uploads\/usu36\/2021\/01\/Tren-ritme-768x447.jpg 768w, https:\/\/agora.xtec.cat\/ceip-lesroquesblaves\/wp-content\/uploads\/usu36\/2021\/01\/Tren-ritme.jpg 1161w\" sizes=\"auto, (max-width: 393px) 100vw, 393px\" \/><\/a><\/p>\n<p>&nbsp;<\/p>\n<p>&nbsp;<\/p>\n<p><strong>CONTINGUTS SEGON TRIMESTRE<\/strong><\/p>\n<table>\n<tbody>\n<tr>\n<td><span style=\"text-decoration: underline\">ELS INSTRUMENTS<\/span><\/p>\n<p>&#8211;<span style=\"font-family: inherit;font-size: 1em\">T\u00e8cniques per fer sonar diferents instruments: pin\u00e7ar, fregar, bufar i picar i classificaci\u00f3.<\/span><\/td>\n<\/tr>\n<tr>\n<td><span style=\"text-decoration: underline\">INSTRUMENTS DE PERCUSSI\u00d3<\/span><\/p>\n<p>&#8211; De metall<\/p>\n<p>&#8211; De membrana<\/p>\n<p>&#8211; De fusta<\/p>\n<p>&nbsp;<\/td>\n<\/tr>\n<tr>\n<td>\u00a0<span style=\"text-decoration: underline\">INSTRUMENTS DE CORDA<\/span><\/p>\n<p><span style=\"font-weight: 400\">&#8211; Corda pin\u00e7ada<\/span><\/p>\n<p><span style=\"font-weight: 400\">&#8211; Corda fregada<\/span><\/p>\n<p><span style=\"font-weight: 400\">&#8211; Corda percutida<\/span><\/td>\n<\/tr>\n<tr>\n<td><span style=\"text-decoration: underline\">CAN\u00c7ONS i DANSES<\/span><\/p>\n<p><span style=\"font-weight: 400\">&#8211; Can\u00e7ons\/danses relacionades amb les UDI&#8217;s, l&#8217;\u00e8poca de l&#8217;any, les festivitats&#8230;<\/span><\/td>\n<\/tr>\n<\/tbody>\n<\/table>\n<p>&nbsp;<\/p>\n<p>AUDI\u00d3: &#8220;CARNESTOLTES 15 VOLTES&#8221;<\/p>\n<p><a href=\"https:\/\/blocs.xtec.cat\/ceipsoleras\/files\/2013\/02\/carnestoltes-quinze-voltes.mp3\">https:\/\/blocs.xtec.cat\/ceipsoleras\/files\/2013\/02\/carnestoltes-quinze-voltes.mp3<\/a><\/p>\n<p><a href=\"https:\/\/agora.xtec.cat\/ceip-lesroquesblaves\/wp-content\/uploads\/usu36\/2020\/02\/CARNES.jpg\"><img loading=\"lazy\" decoding=\"async\" class=\"alignnone wp-image-17995\" src=\"https:\/\/agora.xtec.cat\/ceip-lesroquesblaves\/wp-content\/uploads\/usu36\/2020\/02\/CARNES.jpg\" alt=\"\" width=\"206\" height=\"137\" srcset=\"https:\/\/agora.xtec.cat\/ceip-lesroquesblaves\/wp-content\/uploads\/usu36\/2020\/02\/CARNES.jpg 480w, https:\/\/agora.xtec.cat\/ceip-lesroquesblaves\/wp-content\/uploads\/usu36\/2020\/02\/CARNES-300x200.jpg 300w\" sizes=\"auto, (max-width: 206px) 100vw, 206px\" \/><\/a><\/p>\n<p>&nbsp;<\/p>\n<p>ELS INSTRUMENTS<\/p>\n<p><a href=\"https:\/\/www.youtube.com\/watch?v=ksFEnFMeyhg\" target=\"_blank\" rel=\"noopener noreferrer\"><img loading=\"lazy\" decoding=\"async\" class=\"alignnone wp-image-23960\" src=\"https:\/\/agora.xtec.cat\/ceip-lesroquesblaves\/wp-content\/uploads\/usu36\/2021\/02\/Captura.jpg\" alt=\"\" width=\"328\" height=\"186\" srcset=\"https:\/\/agora.xtec.cat\/ceip-lesroquesblaves\/wp-content\/uploads\/usu36\/2021\/02\/Captura.jpg 637w, https:\/\/agora.xtec.cat\/ceip-lesroquesblaves\/wp-content\/uploads\/usu36\/2021\/02\/Captura-300x170.jpg 300w\" sizes=\"auto, (max-width: 328px) 100vw, 328px\" \/>\u00a0 <\/a><a href=\"https:\/\/clic.xtec.cat\/projects\/musicals\/jclic.js\/index.html\" target=\"_blank\" rel=\"noopener noreferrer\"><img loading=\"lazy\" decoding=\"async\" class=\"alignnone wp-image-23962\" src=\"https:\/\/agora.xtec.cat\/ceip-lesroquesblaves\/wp-content\/uploads\/usu36\/2021\/02\/ins.jpg\" alt=\"\" width=\"275\" height=\"183\" srcset=\"https:\/\/agora.xtec.cat\/ceip-lesroquesblaves\/wp-content\/uploads\/usu36\/2021\/02\/ins.jpg 495w, https:\/\/agora.xtec.cat\/ceip-lesroquesblaves\/wp-content\/uploads\/usu36\/2021\/02\/ins-300x199.jpg 300w\" sizes=\"auto, (max-width: 275px) 100vw, 275px\" \/><\/a><\/p>\n<p>&nbsp;<\/p>\n<p>&#8220;LA PRIMAVERA DE LES QUATRE ESTACIONS&#8221; DE VIVALDI<\/p>\n<p><a href=\"https:\/\/www.youtube.com\/watch?v=6alM0FTS108\" target=\"_blank\" rel=\"noopener noreferrer\"><img loading=\"lazy\" decoding=\"async\" class=\"alignnone wp-image-23963\" src=\"https:\/\/agora.xtec.cat\/ceip-lesroquesblaves\/wp-content\/uploads\/usu36\/2021\/02\/VI.jpg\" alt=\"\" width=\"339\" height=\"204\" srcset=\"https:\/\/agora.xtec.cat\/ceip-lesroquesblaves\/wp-content\/uploads\/usu36\/2021\/02\/VI.jpg 567w, https:\/\/agora.xtec.cat\/ceip-lesroquesblaves\/wp-content\/uploads\/usu36\/2021\/02\/VI-300x180.jpg 300w\" sizes=\"auto, (max-width: 339px) 100vw, 339px\" \/><\/a><\/p>\n<p>&nbsp;<\/p>\n<p><strong>CONTINGUTS TERCER TRIMESTRE<\/strong><\/p>\n<table style=\"width: 554px\">\n<tbody>\n<tr>\n<td style=\"width: 548.8px\"><span style=\"text-decoration: underline\">EL PENTAGRAMA I LES NOTES DE L&#8217;ESCALA<\/span><\/p>\n<p>-L\u00ednies i espais<\/p>\n<p>-La clau de sol<\/p>\n<p>-Les notes musicals<\/td>\n<\/tr>\n<tr>\n<td style=\"width: 548.8px\"><span style=\"text-decoration: underline\">DANSA<\/span><\/p>\n<p>&#8211; El Patatuf<\/td>\n<\/tr>\n<\/tbody>\n<\/table>\n<p><a href=\"https:\/\/www.youtube.com\/watch?v=93Mzy8cU9jY\" target=\"_blank\" rel=\"noopener noreferrer\"><img loading=\"lazy\" decoding=\"async\" class=\"alignnone wp-image-24034\" src=\"https:\/\/agora.xtec.cat\/ceip-lesroquesblaves\/wp-content\/uploads\/usu36\/2021\/02\/ssss.png\" alt=\"\" width=\"364\" height=\"195\" srcset=\"https:\/\/agora.xtec.cat\/ceip-lesroquesblaves\/wp-content\/uploads\/usu36\/2021\/02\/ssss.png 990w, https:\/\/agora.xtec.cat\/ceip-lesroquesblaves\/wp-content\/uploads\/usu36\/2021\/02\/ssss-300x161.png 300w, https:\/\/agora.xtec.cat\/ceip-lesroquesblaves\/wp-content\/uploads\/usu36\/2021\/02\/ssss-768x412.png 768w\" sizes=\"auto, (max-width: 364px) 100vw, 364px\" \/><\/a><\/p>\n<p>&nbsp;<\/p>\n<p><a href=\"https:\/\/www.youtube.com\/watch?v=PepD5q5637k\" target=\"_blank\" rel=\"noopener noreferrer\"><img loading=\"lazy\" decoding=\"async\" class=\"alignnone wp-image-24033\" src=\"https:\/\/agora.xtec.cat\/ceip-lesroquesblaves\/wp-content\/uploads\/usu36\/2021\/02\/nnnn.png\" alt=\"\" width=\"365\" height=\"211\" srcset=\"https:\/\/agora.xtec.cat\/ceip-lesroquesblaves\/wp-content\/uploads\/usu36\/2021\/02\/nnnn.png 948w, https:\/\/agora.xtec.cat\/ceip-lesroquesblaves\/wp-content\/uploads\/usu36\/2021\/02\/nnnn-300x173.png 300w, https:\/\/agora.xtec.cat\/ceip-lesroquesblaves\/wp-content\/uploads\/usu36\/2021\/02\/nnnn-768x443.png 768w\" sizes=\"auto, (max-width: 365px) 100vw, 365px\" \/><\/a><\/p>\n","protected":false},"excerpt":{"rendered":"<p>EN AQUEST ARTICLE TROBAREU EL QUE FAREM A CADA TRIMESTRE I ALGUNS DELS VIDEOS QUE HEM VIST I TREBALLAT A CLASSE.&hellip;  <a href=\"https:\/\/agora.xtec.cat\/ceip-lesroquesblaves\/musica\/fem-musica-musica-a-c-i\/\" title=\"Read FEM M\u00daSICA  A C.I. !\">Llegeix m\u00e9s\u00bb<\/a><\/p>\n","protected":false},"author":73,"featured_media":23322,"comment_status":"open","ping_status":"closed","sticky":false,"template":"","format":"standard","meta":{"footnotes":""},"categories":[267,108,266],"tags":[],"class_list":["post-23233","post","type-post","status-publish","format-standard","has-post-thumbnail","hentry","category-promocio2017-26","category-musica","category-promocio2016-25"],"post_mailing_queue_ids":[],"_links":{"self":[{"href":"https:\/\/agora.xtec.cat\/ceip-lesroquesblaves\/wp-json\/wp\/v2\/posts\/23233","targetHints":{"allow":["GET"]}}],"collection":[{"href":"https:\/\/agora.xtec.cat\/ceip-lesroquesblaves\/wp-json\/wp\/v2\/posts"}],"about":[{"href":"https:\/\/agora.xtec.cat\/ceip-lesroquesblaves\/wp-json\/wp\/v2\/types\/post"}],"author":[{"embeddable":true,"href":"https:\/\/agora.xtec.cat\/ceip-lesroquesblaves\/wp-json\/wp\/v2\/users\/73"}],"replies":[{"embeddable":true,"href":"https:\/\/agora.xtec.cat\/ceip-lesroquesblaves\/wp-json\/wp\/v2\/comments?post=23233"}],"version-history":[{"count":3,"href":"https:\/\/agora.xtec.cat\/ceip-lesroquesblaves\/wp-json\/wp\/v2\/posts\/23233\/revisions"}],"predecessor-version":[{"id":24035,"href":"https:\/\/agora.xtec.cat\/ceip-lesroquesblaves\/wp-json\/wp\/v2\/posts\/23233\/revisions\/24035"}],"wp:featuredmedia":[{"embeddable":true,"href":"https:\/\/agora.xtec.cat\/ceip-lesroquesblaves\/wp-json\/wp\/v2\/media\/23322"}],"wp:attachment":[{"href":"https:\/\/agora.xtec.cat\/ceip-lesroquesblaves\/wp-json\/wp\/v2\/media?parent=23233"}],"wp:term":[{"taxonomy":"category","embeddable":true,"href":"https:\/\/agora.xtec.cat\/ceip-lesroquesblaves\/wp-json\/wp\/v2\/categories?post=23233"},{"taxonomy":"post_tag","embeddable":true,"href":"https:\/\/agora.xtec.cat\/ceip-lesroquesblaves\/wp-json\/wp\/v2\/tags?post=23233"}],"curies":[{"name":"wp","href":"https:\/\/api.w.org\/{rel}","templated":true}]}}