{"id":23131,"date":"2020-12-21T14:03:33","date_gmt":"2020-12-21T13:03:33","guid":{"rendered":"https:\/\/agora.xtec.cat\/ceip-lesroquesblaves\/?p=23131"},"modified":"2021-02-19T15:55:07","modified_gmt":"2021-02-19T14:55:07","slug":"poema-i-canco-de-nadal-de-3r","status":"publish","type":"post","link":"https:\/\/agora.xtec.cat\/ceip-lesroquesblaves\/musica\/poema-i-canco-de-nadal-de-3r\/","title":{"rendered":"Poema i can\u00e7\u00f3 de Nadal de 3r"},"content":{"rendered":"<p>Bones fam\u00edlies!!<\/p>\n<p>Aqu\u00ed us deixem el poema que ens hem memoritzat per recitar-lo aquests dies i la nadala que ens hem apr\u00e8s.<\/p>\n<p>El poema es diu <strong>Les joguines<\/strong>\u00a0l&#8217;hem representat amb dibuixos, a veure si els sabeu veure!<\/p>\n<p><a href=\"https:\/\/drive.google.com\/file\/d\/1rGiOVqD1vWv-PeN_0aPRuY8ob_uSm2uT\/view?usp=sharing\">https:\/\/drive.google.com\/file\/d\/1rGiOVqD1vWv-PeN_0aPRuY8ob_uSm2uT\/view?usp=sharing<\/a><\/p>\n<p>La nadala es diu<strong> Un camell d&#8217;orient<\/strong> i \u00e9s del grup Manel. Acompanyem el v\u00eddeo <span style=\"font-family: inherit; font-size: 1em;\">amb imatges on se&#8217;ns veu fent la decoraci\u00f3 nadalenca.<\/span><\/p>\n<p><a href=\"https:\/\/drive.google.com\/file\/d\/1rGiOVqD1vWv-PeN_0aPRuY8ob_uSm2uT\/view?usp=sharing\">https:\/\/drive.google.com\/file\/d\/1rGiOVqD1vWv-PeN_0aPRuY8ob_uSm2uT\/view?usp=sharing<\/a><\/p>\n<p>Esperem que us agradi!<\/p>\n<p>Bones festes!!<\/p>\n","protected":false},"excerpt":{"rendered":"<p>Bones fam\u00edlies!!<br \/>\nAqu\u00ed us deixem el poema que ens hem memoritzat per recitar-lo aquests dies i la nadala que ens hem apr\u00e8s.<br \/>\nEl poema es diu Les joguines\u00a0l&#8217;hem representat amb dibuixos, a veure si els sabeu veure!<br \/>\n<a href=\"https:\/\/drive.google.com\/file\/d\/1rGiOVqD1vWv-PeN_0aPRuY8ob_uSm2uT\/view?usp=sharing\">https:\/\/drive.google.com\/file\/d\/1rGiOVqD1vWv-PeN_0aPRuY8ob_uSm2uT\/view?usp=sharing<\/a><br \/>\nLa nadala es diu Un camell d&#8217;orient i \u00e9s del&hellip;  <a href=\"https:\/\/agora.xtec.cat\/ceip-lesroquesblaves\/musica\/poema-i-canco-de-nadal-de-3r\/\" title=\"Read Poema i can\u00e7\u00f3 de Nadal de 3r\">Llegeix m\u00e9s\u00bb<\/a><\/p>\n","protected":false},"author":61,"featured_media":23135,"comment_status":"open","ping_status":"closed","sticky":false,"template":"","format":"standard","meta":{"footnotes":""},"categories":[108,265],"tags":[403,21,69,70],"class_list":["post-23131","post","type-post","status-publish","format-standard","has-post-thumbnail","hentry","category-musica","category-2015-24","tag-3r","tag-nadal","tag-nadales","tag-poema"],"post_mailing_queue_ids":[],"_links":{"self":[{"href":"https:\/\/agora.xtec.cat\/ceip-lesroquesblaves\/wp-json\/wp\/v2\/posts\/23131","targetHints":{"allow":["GET"]}}],"collection":[{"href":"https:\/\/agora.xtec.cat\/ceip-lesroquesblaves\/wp-json\/wp\/v2\/posts"}],"about":[{"href":"https:\/\/agora.xtec.cat\/ceip-lesroquesblaves\/wp-json\/wp\/v2\/types\/post"}],"author":[{"embeddable":true,"href":"https:\/\/agora.xtec.cat\/ceip-lesroquesblaves\/wp-json\/wp\/v2\/users\/61"}],"replies":[{"embeddable":true,"href":"https:\/\/agora.xtec.cat\/ceip-lesroquesblaves\/wp-json\/wp\/v2\/comments?post=23131"}],"version-history":[{"count":3,"href":"https:\/\/agora.xtec.cat\/ceip-lesroquesblaves\/wp-json\/wp\/v2\/posts\/23131\/revisions"}],"predecessor-version":[{"id":23672,"href":"https:\/\/agora.xtec.cat\/ceip-lesroquesblaves\/wp-json\/wp\/v2\/posts\/23131\/revisions\/23672"}],"wp:featuredmedia":[{"embeddable":true,"href":"https:\/\/agora.xtec.cat\/ceip-lesroquesblaves\/wp-json\/wp\/v2\/media\/23135"}],"wp:attachment":[{"href":"https:\/\/agora.xtec.cat\/ceip-lesroquesblaves\/wp-json\/wp\/v2\/media?parent=23131"}],"wp:term":[{"taxonomy":"category","embeddable":true,"href":"https:\/\/agora.xtec.cat\/ceip-lesroquesblaves\/wp-json\/wp\/v2\/categories?post=23131"},{"taxonomy":"post_tag","embeddable":true,"href":"https:\/\/agora.xtec.cat\/ceip-lesroquesblaves\/wp-json\/wp\/v2\/tags?post=23131"}],"curies":[{"name":"wp","href":"https:\/\/api.w.org\/{rel}","templated":true}]}}