{"id":2296,"date":"2017-03-16T13:09:27","date_gmt":"2017-03-16T12:09:27","guid":{"rendered":"http:\/\/agora.xtec.cat\/ceip-lesroquesblaves\/?p=2296"},"modified":"2017-03-17T14:53:35","modified_gmt":"2017-03-17T13:53:35","slug":"andy-warhol-and-pop-art","status":"publish","type":"post","link":"https:\/\/agora.xtec.cat\/ceip-lesroquesblaves\/english\/warhol-popart\/andy-warhol-and-pop-art\/","title":{"rendered":"Andy Warhol and Pop Art"},"content":{"rendered":"<h4>Aprenentatge de l&#8217;angl\u00e8s mitjan\u00e7ant projectes art\u00edstics<\/h4>\n<p>\u201cAndy Warhol and Pop Art\u201d \u00e9s un projecte d\u2019aprenentatge integrat de continguts i llengua estrangera (CLIL-Content and Language Integrated Learning) que portem a terme amb l\u2019alumnat de 6\u00e8 curs.<img loading=\"lazy\" decoding=\"async\" class=\"alignright wp-image-486 size-medium\" src=\"http:\/\/agora.xtec.cat\/ceip-lesroquesblaves\/wp-content\/uploads\/usu36\/2015\/02\/warhol1-300x225.jpg\" alt=\"warhol1\" width=\"300\" height=\"225\" srcset=\"https:\/\/agora.xtec.cat\/ceip-lesroquesblaves\/wp-content\/uploads\/usu36\/2015\/02\/warhol1-300x225.jpg 300w, https:\/\/agora.xtec.cat\/ceip-lesroquesblaves\/wp-content\/uploads\/usu36\/2015\/02\/warhol1-1024x768.jpg 1024w, https:\/\/agora.xtec.cat\/ceip-lesroquesblaves\/wp-content\/uploads\/usu36\/2015\/02\/warhol1-200x150.jpg 200w\" sizes=\"auto, (max-width: 300px) 100vw, 300px\" \/><\/p>\n<p>L\u2019objectiu \u00e9s el de millorar la compet\u00e8ncia ling\u00fc\u00edstica en llengua anglesa dels nostres alumnes, tot augmentant les hores d\u2019exposici\u00f3 a l\u2019angl\u00e8s, aplicant-la en diferents contextos d&#8217;aprenentatge.<\/p>\n<p>Aix\u00ed mateix, l\u2019alumnat tamb\u00e9 avan\u00e7a en la seva compet\u00e8ncia art\u00edstica i cultural coneixent i utilitzant diferents t\u00e8cniques del moviment art\u00edstic anomenat \u201cPop Art\u201d. El resultat \u00e9s la creaci\u00f3 de les seves pr\u00f2pies obres d\u2019art, \u00a0ja siguin f\u00edsiques o \u00e0udiovisuals, algunes de les quals es fan mitjan\u00e7ant la metodologia del treball cooperatiu.<\/p>\n","protected":false},"excerpt":{"rendered":"<p>\u201cAndy Warhol and Pop Art\u201d \u00e9s un projecte d\u2019aprenentatge integrat de continguts i llengua estrangera (CLIL-Content and Language Integrated Learning) que portem a terme amb l\u2019alumnat de 6\u00e8 curs.&hellip;  <a href=\"https:\/\/agora.xtec.cat\/ceip-lesroquesblaves\/english\/warhol-popart\/andy-warhol-and-pop-art\/\" title=\"Read Andy Warhol and Pop Art\">Llegeix m\u00e9s\u00bb<\/a><\/p>\n","protected":false},"author":1,"featured_media":0,"comment_status":"open","ping_status":"open","sticky":false,"template":"","format":"standard","meta":{"footnotes":""},"categories":[208],"tags":[218,217,216],"class_list":["post-2296","post","type-post","status-publish","format-standard","hentry","category-warhol-popart","tag-artistica","tag-pop-art","tag-warhol"],"post_mailing_queue_ids":[],"_links":{"self":[{"href":"https:\/\/agora.xtec.cat\/ceip-lesroquesblaves\/wp-json\/wp\/v2\/posts\/2296","targetHints":{"allow":["GET"]}}],"collection":[{"href":"https:\/\/agora.xtec.cat\/ceip-lesroquesblaves\/wp-json\/wp\/v2\/posts"}],"about":[{"href":"https:\/\/agora.xtec.cat\/ceip-lesroquesblaves\/wp-json\/wp\/v2\/types\/post"}],"author":[{"embeddable":true,"href":"https:\/\/agora.xtec.cat\/ceip-lesroquesblaves\/wp-json\/wp\/v2\/users\/1"}],"replies":[{"embeddable":true,"href":"https:\/\/agora.xtec.cat\/ceip-lesroquesblaves\/wp-json\/wp\/v2\/comments?post=2296"}],"version-history":[{"count":1,"href":"https:\/\/agora.xtec.cat\/ceip-lesroquesblaves\/wp-json\/wp\/v2\/posts\/2296\/revisions"}],"predecessor-version":[{"id":2298,"href":"https:\/\/agora.xtec.cat\/ceip-lesroquesblaves\/wp-json\/wp\/v2\/posts\/2296\/revisions\/2298"}],"wp:attachment":[{"href":"https:\/\/agora.xtec.cat\/ceip-lesroquesblaves\/wp-json\/wp\/v2\/media?parent=2296"}],"wp:term":[{"taxonomy":"category","embeddable":true,"href":"https:\/\/agora.xtec.cat\/ceip-lesroquesblaves\/wp-json\/wp\/v2\/categories?post=2296"},{"taxonomy":"post_tag","embeddable":true,"href":"https:\/\/agora.xtec.cat\/ceip-lesroquesblaves\/wp-json\/wp\/v2\/tags?post=2296"}],"curies":[{"name":"wp","href":"https:\/\/api.w.org\/{rel}","templated":true}]}}