{"id":22608,"date":"2020-10-30T19:43:15","date_gmt":"2020-10-30T18:43:15","guid":{"rendered":"https:\/\/agora.xtec.cat\/ceip-lesroquesblaves\/?p=22608"},"modified":"2021-09-08T18:10:40","modified_gmt":"2021-09-08T16:10:40","slug":"dia-de-la-castanyada-p4-p5-b","status":"publish","type":"post","link":"https:\/\/agora.xtec.cat\/ceip-lesroquesblaves\/primaria\/promocio2018-27\/dia-de-la-castanyada-p4-p5-b\/","title":{"rendered":"DiA de La CaStaNyaDa P4\/P5 B"},"content":{"rendered":"<p>Al llarg de tota la setmana hem parlat i treballat la festa de la Castanyada i la tardor. Hem preparat la dansa \u201cDel Ball De La CasTanYa\u201d i com podreu veure als videos a continuaci\u00f3, l\u2019han ballat ben alegres i contents. Tamb\u00e9 ens hem creat el complement per ballar-la, la corona amb la castanya per estar ben guapos i guapes. A m\u00e9s a m\u00e9s, hem explicat i representat el conte aix\u00ed com treballat el seu vocabulari.<br \/>\nPer concloure, aqu\u00ed teniu la dansa que han apr\u00e8s i tant b\u00e9 l\u2019han ballat i cantat. <\/p>\n<p><a href=\"https:\/\/drive.google.com\/file\/d\/1x4jk3OskcOISR_g96rI4t5RX1KR_Fkuk\/view?usp=sharing\">https:\/\/drive.google.com\/file\/d\/1x4jk3OskcOISR_g96rI4t5RX1KR_Fkuk\/view?usp=sharing<\/a><br \/>\n<a href=\"https:\/\/drive.google.com\/file\/d\/14q-5_R4isLI9zIebSvOzqt5JfcfSNNQq\/view?usp=sharing\">https:\/\/drive.google.com\/file\/d\/14q-5_R4isLI9zIebSvOzqt5JfcfSNNQq\/view?usp=sharing<\/a><\/p>\n","protected":false},"excerpt":{"rendered":"<p>Al llarg de tota la setmana hem parlat i treballat la festa de la Castanyada i la tardor. Hem preparat la dansa \u201cDel Ball De La CasTanYa\u201d i com podreu veure als videos a continuaci\u00f3, l\u2019han ballat ben alegres i contents. Tamb\u00e9 ens hem creat&hellip;  <a href=\"https:\/\/agora.xtec.cat\/ceip-lesroquesblaves\/primaria\/promocio2018-27\/dia-de-la-castanyada-p4-p5-b\/\" title=\"Read DiA de La CaStaNyaDa P4\/P5 B\">Llegeix m\u00e9s\u00bb<\/a><\/p>\n","protected":false},"author":73,"featured_media":22624,"comment_status":"open","ping_status":"closed","sticky":false,"template":"","format":"standard","meta":{"footnotes":""},"categories":[324,269],"tags":[],"class_list":["post-22608","post","type-post","status-publish","format-standard","has-post-thumbnail","hentry","category-promocio2019-28","category-promocio2018-27"],"post_mailing_queue_ids":[],"_links":{"self":[{"href":"https:\/\/agora.xtec.cat\/ceip-lesroquesblaves\/wp-json\/wp\/v2\/posts\/22608","targetHints":{"allow":["GET"]}}],"collection":[{"href":"https:\/\/agora.xtec.cat\/ceip-lesroquesblaves\/wp-json\/wp\/v2\/posts"}],"about":[{"href":"https:\/\/agora.xtec.cat\/ceip-lesroquesblaves\/wp-json\/wp\/v2\/types\/post"}],"author":[{"embeddable":true,"href":"https:\/\/agora.xtec.cat\/ceip-lesroquesblaves\/wp-json\/wp\/v2\/users\/73"}],"replies":[{"embeddable":true,"href":"https:\/\/agora.xtec.cat\/ceip-lesroquesblaves\/wp-json\/wp\/v2\/comments?post=22608"}],"version-history":[{"count":3,"href":"https:\/\/agora.xtec.cat\/ceip-lesroquesblaves\/wp-json\/wp\/v2\/posts\/22608\/revisions"}],"predecessor-version":[{"id":22644,"href":"https:\/\/agora.xtec.cat\/ceip-lesroquesblaves\/wp-json\/wp\/v2\/posts\/22608\/revisions\/22644"}],"wp:featuredmedia":[{"embeddable":true,"href":"https:\/\/agora.xtec.cat\/ceip-lesroquesblaves\/wp-json\/wp\/v2\/media\/22624"}],"wp:attachment":[{"href":"https:\/\/agora.xtec.cat\/ceip-lesroquesblaves\/wp-json\/wp\/v2\/media?parent=22608"}],"wp:term":[{"taxonomy":"category","embeddable":true,"href":"https:\/\/agora.xtec.cat\/ceip-lesroquesblaves\/wp-json\/wp\/v2\/categories?post=22608"},{"taxonomy":"post_tag","embeddable":true,"href":"https:\/\/agora.xtec.cat\/ceip-lesroquesblaves\/wp-json\/wp\/v2\/tags?post=22608"}],"curies":[{"name":"wp","href":"https:\/\/api.w.org\/{rel}","templated":true}]}}