{"id":22507,"date":"2020-10-14T13:51:57","date_gmt":"2020-10-14T11:51:57","guid":{"rendered":"https:\/\/agora.xtec.cat\/ceip-lesroquesblaves\/?p=22507"},"modified":"2020-11-14T11:45:49","modified_gmt":"2020-11-14T10:45:49","slug":"u-d-i-el-calendari-de-laula","status":"publish","type":"post","link":"https:\/\/agora.xtec.cat\/ceip-lesroquesblaves\/primaria\/promocio2016-25\/u-d-i-el-calendari-de-laula\/","title":{"rendered":"U.D.I. EL CALENDARI DE L&#8217;AULA"},"content":{"rendered":"<p><a href=\"https:\/\/agora.xtec.cat\/ceip-lesroquesblaves\/wp-content\/uploads\/usu36\/2020\/10\/Sense-t\u00edtol.png\"><img loading=\"lazy\" decoding=\"async\" class=\"wp-image-22563 aligncenter\" src=\"https:\/\/agora.xtec.cat\/ceip-lesroquesblaves\/wp-content\/uploads\/usu36\/2020\/10\/Sense-t\u00edtol-1024x227.png\" alt=\"\" width=\"815\" height=\"181\" srcset=\"https:\/\/agora.xtec.cat\/ceip-lesroquesblaves\/wp-content\/uploads\/usu36\/2020\/10\/Sense-t\u00edtol-1024x227.png 1024w, https:\/\/agora.xtec.cat\/ceip-lesroquesblaves\/wp-content\/uploads\/usu36\/2020\/10\/Sense-t\u00edtol-300x66.png 300w, https:\/\/agora.xtec.cat\/ceip-lesroquesblaves\/wp-content\/uploads\/usu36\/2020\/10\/Sense-t\u00edtol-768x170.png 768w, https:\/\/agora.xtec.cat\/ceip-lesroquesblaves\/wp-content\/uploads\/usu36\/2020\/10\/Sense-t\u00edtol.png 1812w\" sizes=\"auto, (max-width: 815px) 100vw, 815px\" \/><\/a><\/p>\n<p>Iniciem el projecte amb el coneixement que cada alumne t\u00e9 sobre el calendari, d\u2019acord amb les seva experi\u00e8ncia i \u00fas. Despr\u00e9s cal una recerca i tria d\u2019idees per tal que siguin adequades a les necessitats del calendari de l\u2019aula.<\/p>\n<p>La realitzaci\u00f3 d\u2019un calendari per l\u2019aula permetr\u00e0 visualitzar el pas del temps i dels seus cicles, i \u00e9s on es podran situar fets i registrar processos. A la vegada amb la intenci\u00f3 d\u2019aprendre el nom i ordre dels dies de la setmana, mesos de l\u2019any i estacions, aix\u00ed com la continu\u00eftat dels dies d\u2019un mes amb el seg\u00fcent.<\/p>\n<p><strong>CRITERIS D\u2019AVALUACI\u00d3<\/strong><\/p>\n<p>\u00c0mbit matem\u00e0tic<\/p>\n<p>&#8211; Reconeixer, donar exemples i utilitzar nombres com a quantitat i ordre.<br \/>\n&#8211; Comprendre situacions-problema relacionades amb el calendari.<br \/>\n&#8211; Emprendre la resoluci\u00f3 de forma aut\u00f2noma i expressar la soluci\u00f3 i el proc\u00e9s seguit. (dibuix d\u2019un mes del calendari)<\/p>\n<p>&nbsp;<\/p>\n<p>\u00c0mbit ling\u00fc\u00edstic<\/p>\n<p>&#8211; Comprendre tot tipus de<span style=\"text-decoration: underline\"> missatges orals que es produeixen en activitats d&#8217;aula<\/span>, situacions d&#8217;aprenentatge i vida quotidiana, i en diferents suports.<br \/>\n&#8211; Realitzar <span style=\"text-decoration: underline\">explicacions orals<\/span> de producci\u00f3 pr\u00f2pia referits a coneixements, viv\u00e8ncies o fets, adaptant el to de veu o el gest a la situaci\u00f3 comunicativa, i amb utilitzaci\u00f3 d&#8217;imatges, si la situaci\u00f3 ho requereix.<br \/>\n&#8211; <span style=\"text-decoration: underline\">Comprendre i extreure informacions rellevants de textos escrits i audiovisuals<\/span> adequats a l&#8217;edat i presentats en diferents suports.<br \/>\n&#8211; <span style=\"text-decoration: underline\">Llegir i escriure correctament<\/span> el vocabulari propi del tema i <span style=\"text-decoration: underline\">con\u00e8ixer el seu significat<\/span>: dies de la setmana, mesos i estacions.<br \/>\n&#8211; <span style=\"text-decoration: underline\">Elaborar diferents tipus de text<\/span>: descriptius, dites&#8230; a partir de diferents models.<\/p>\n<p>&nbsp;<\/p>\n<p>Coneixement del medi<\/p>\n<p>&#8211; <span style=\"text-decoration: underline\">Identificar els canvis de la natura<\/span> produ\u00efts en un paisatge (mesos i estacions).<\/p>\n<p>&nbsp;<\/p>\n<p>Compet\u00e8ncia aprendre a aprendre<\/p>\n<p>&#8211; <span style=\"text-decoration: underline\">Participar de manera activa<\/span> aportant idees al desenvolupament de les tasques a fer.<br \/>\n&#8211; <span style=\"text-decoration: underline\">Autoavaluar<\/span> l\u2019activitat i els aprenentatges adquirits.<\/p>\n<p>&nbsp;<\/p>\n<p>Autonomia i iniciativa personal<\/p>\n<p>&#8211; <span style=\"text-decoration: underline\"><span style=\"color: #231f20;text-decoration: underline\">Expressar-se i actuar d\u2019acord amb un pensament ordenat, clar i objectiu.<\/span><\/span><br \/>\n&#8211; Participar de forma adequada en les converses col\u00b7lectives, respectant les<span style=\"text-decoration: underline\"> normes d\u2019interacci\u00f3 oral<\/span> i mostrar inter\u00e8s i respecte quan parlen els altres.<\/p>\n<p>&nbsp;<\/p>\n<p>\u00c0mbit art\u00edstic<\/p>\n<p class=\"LO-normal\" style=\"margin: 0cm 2.85pt .0001pt 2.85pt\">&#8211; <span style=\"color: #231f20\">Expressar-se i comunicar-se amb la m\u00fasica.<\/span><\/p>\n<p>\u00a0&#8211; Dibuixar elements naturals a partir de l&#8217;observaci\u00f3 directe.<\/p>\n<p>&nbsp;<\/p>\n<p>&nbsp;<\/p>\n<p>&nbsp;<\/p>\n<p><strong>AQU\u00cd TENIU LES <span style=\"font-family: inherit;font-size: 1em\">CAN\u00c7ONS SOBRE EL PAS DEL TEMPS de la D\u00e0maris Gelabert.\u00a0<\/span><\/strong><\/p>\n<p><a href=\"https:\/\/www.youtube.com\/watch?v=gYGjWa8Dip4\" target=\"_blank\" rel=\"noopener noreferrer\"><img loading=\"lazy\" decoding=\"async\" class=\"alignnone wp-image-22508\" src=\"https:\/\/agora.xtec.cat\/ceip-lesroquesblaves\/wp-content\/uploads\/usu36\/2020\/10\/La-tardor-que-jo-conec.png\" alt=\"\" width=\"351\" height=\"273\" srcset=\"https:\/\/agora.xtec.cat\/ceip-lesroquesblaves\/wp-content\/uploads\/usu36\/2020\/10\/La-tardor-que-jo-conec.png 714w, https:\/\/agora.xtec.cat\/ceip-lesroquesblaves\/wp-content\/uploads\/usu36\/2020\/10\/La-tardor-que-jo-conec-300x233.png 300w\" sizes=\"auto, (max-width: 351px) 100vw, 351px\" \/>\u00a0\u00a0\u00a0\u00a0\u00a0\u00a0\u00a0\u00a0\u00a0\u00a0\u00a0\u00a0\u00a0\u00a0\u00a0\u00a0\u00a0\u00a0\u00a0\u00a0\u00a0\u00a0 <\/a><a href=\"https:\/\/www.youtube.com\/watch?v=acZUIUQS5Rg\" target=\"_blank\" rel=\"noopener noreferrer\"><img loading=\"lazy\" decoding=\"async\" class=\"alignnone wp-image-22552\" src=\"https:\/\/agora.xtec.cat\/ceip-lesroquesblaves\/wp-content\/uploads\/usu36\/2020\/10\/423f6f91316c41d1c0b4dbc13c6f180c.jpg\" alt=\"\" width=\"274\" height=\"274\" srcset=\"https:\/\/agora.xtec.cat\/ceip-lesroquesblaves\/wp-content\/uploads\/usu36\/2020\/10\/423f6f91316c41d1c0b4dbc13c6f180c.jpg 400w, https:\/\/agora.xtec.cat\/ceip-lesroquesblaves\/wp-content\/uploads\/usu36\/2020\/10\/423f6f91316c41d1c0b4dbc13c6f180c-150x150.jpg 150w, https:\/\/agora.xtec.cat\/ceip-lesroquesblaves\/wp-content\/uploads\/usu36\/2020\/10\/423f6f91316c41d1c0b4dbc13c6f180c-300x300.jpg 300w\" sizes=\"auto, (max-width: 274px) 100vw, 274px\" \/><\/a><a href=\"https:\/\/www.youtube.com\/watch?v=gYGjWa8Dip4\" target=\"_blank\" rel=\"noopener noreferrer\">\u00a0<\/a><\/p>\n<p>LA TARDOR QUE JO CONEC\u00a0 \u00a0 \u00a0 \u00a0 \u00a0 \u00a0 \u00a0 \u00a0 \u00a0 \u00a0 \u00a0 \u00a0 \u00a0 \u00a0 \u00a0 \u00a0 \u00a0 \u00a0 \u00a0 \u00a0 \u00a0 \u00a0 \u00a0 \u00a0 \u00a0 \u00a0 \u00a0 \u00a0 \u00a0 \u00a0 \u00a0LES ESTACIONS DE L&#8217;ANY<\/p>\n<p>&nbsp;<\/p>\n<p>&nbsp;<\/p>\n<p><a href=\"https:\/\/agora.xtec.cat\/ceip-lesroquesblaves\/wp-content\/uploads\/usu36\/2020\/10\/dilluns.jpg\">\u00a0\u00a0\u00a0\u00a0\u00a0\u00a0<\/a><a href=\"https:\/\/www.youtube.com\/watch?v=4atoVE3t-yo\" target=\"_blank\" rel=\"noopener noreferrer\"><img loading=\"lazy\" decoding=\"async\" class=\"alignnone wp-image-22550\" src=\"https:\/\/agora.xtec.cat\/ceip-lesroquesblaves\/wp-content\/uploads\/usu36\/2020\/10\/dilluns-1024x654.jpg\" alt=\"\" width=\"409\" height=\"261\" srcset=\"https:\/\/agora.xtec.cat\/ceip-lesroquesblaves\/wp-content\/uploads\/usu36\/2020\/10\/dilluns-1024x654.jpg 1024w, https:\/\/agora.xtec.cat\/ceip-lesroquesblaves\/wp-content\/uploads\/usu36\/2020\/10\/dilluns-300x192.jpg 300w, https:\/\/agora.xtec.cat\/ceip-lesroquesblaves\/wp-content\/uploads\/usu36\/2020\/10\/dilluns-768x491.jpg 768w, https:\/\/agora.xtec.cat\/ceip-lesroquesblaves\/wp-content\/uploads\/usu36\/2020\/10\/dilluns.jpg 1124w\" sizes=\"auto, (max-width: 409px) 100vw, 409px\" \/>\u00a0\u00a0\u00a0\u00a0\u00a0\u00a0\u00a0\u00a0\u00a0\u00a0\u00a0<\/a><a href=\"https:\/\/www.youtube.com\/watch?v=Wmnol9SPy_8\" target=\"_blank\" rel=\"noopener noreferrer\"><img loading=\"lazy\" decoding=\"async\" class=\"alignnone wp-image-22549\" src=\"https:\/\/agora.xtec.cat\/ceip-lesroquesblaves\/wp-content\/uploads\/usu36\/2020\/10\/mesos-1024x696.jpg\" alt=\"\" width=\"380\" height=\"259\" srcset=\"https:\/\/agora.xtec.cat\/ceip-lesroquesblaves\/wp-content\/uploads\/usu36\/2020\/10\/mesos-1024x696.jpg 1024w, https:\/\/agora.xtec.cat\/ceip-lesroquesblaves\/wp-content\/uploads\/usu36\/2020\/10\/mesos-300x204.jpg 300w, https:\/\/agora.xtec.cat\/ceip-lesroquesblaves\/wp-content\/uploads\/usu36\/2020\/10\/mesos-768x522.jpg 768w, https:\/\/agora.xtec.cat\/ceip-lesroquesblaves\/wp-content\/uploads\/usu36\/2020\/10\/mesos.jpg 1060w\" sizes=\"auto, (max-width: 380px) 100vw, 380px\" \/><\/a><\/p>\n<p>ELS DIES DE LA SETMANA\u00a0 \u00a0 \u00a0 \u00a0 \u00a0 \u00a0 \u00a0 \u00a0 \u00a0 \u00a0 \u00a0 \u00a0 \u00a0 \u00a0 \u00a0 \u00a0 \u00a0 \u00a0 \u00a0 \u00a0 \u00a0 \u00a0 \u00a0 \u00a0 \u00a0 \u00a0 \u00a0 \u00a0 \u00a0 \u00a0 \u00a0 \u00a0 \u00a0 \u00a0ELS MESOS DE L&#8217;ANY<\/p>\n<p>&nbsp;<\/p>\n<p>&nbsp;<\/p>\n<p><strong>FOTOGRAFIES FETES AL LLARG DEL DESENVOLUPAMENT D&#8217;AQUESTA UNITAT DID\u00c0CTICA<\/strong><\/p>\n<p>Clica sobre la imatge:<\/p>\n<p><a href=\"https:\/\/youtu.be\/Yhz143FYXNA\" target=\"_blank\" rel=\"noopener noreferrer\">\u00a0 \u00a0 \u00a0 \u00a0 \u00a0 \u00a0 \u00a0 \u00a0 <img loading=\"lazy\" decoding=\"async\" class=\"alignnone wp-image-22715\" src=\"https:\/\/agora.xtec.cat\/ceip-lesroquesblaves\/wp-content\/uploads\/usu36\/2020\/10\/1-MAGRANER-1024x768.jpg\" alt=\"\" width=\"684\" height=\"513\" srcset=\"https:\/\/agora.xtec.cat\/ceip-lesroquesblaves\/wp-content\/uploads\/usu36\/2020\/10\/1-MAGRANER-1024x768.jpg 1024w, https:\/\/agora.xtec.cat\/ceip-lesroquesblaves\/wp-content\/uploads\/usu36\/2020\/10\/1-MAGRANER-300x225.jpg 300w, https:\/\/agora.xtec.cat\/ceip-lesroquesblaves\/wp-content\/uploads\/usu36\/2020\/10\/1-MAGRANER-768x576.jpg 768w, https:\/\/agora.xtec.cat\/ceip-lesroquesblaves\/wp-content\/uploads\/usu36\/2020\/10\/1-MAGRANER-200x150.jpg 200w, https:\/\/agora.xtec.cat\/ceip-lesroquesblaves\/wp-content\/uploads\/usu36\/2020\/10\/1-MAGRANER.jpg 1200w\" sizes=\"auto, (max-width: 684px) 100vw, 684px\" \/>\u00a0<\/a><\/p>\n<p>&nbsp;<\/p>\n<p>M\u00e9s fotos:<\/p>\n\n\t\t<style type=\"text\/css\">\n\t\t\t#gallery-1 {\n\t\t\t\tmargin: auto;\n\t\t\t}\n\t\t\t#gallery-1 .gallery-item {\n\t\t\t\tfloat: left;\n\t\t\t\tmargin-top: 10px;\n\t\t\t\ttext-align: center;\n\t\t\t\twidth: 33%;\n\t\t\t}\n\t\t\t#gallery-1 img {\n\t\t\t\tborder: 2px solid #cfcfcf;\n\t\t\t}\n\t\t\t#gallery-1 .gallery-caption {\n\t\t\t\tmargin-left: 0;\n\t\t\t}\n\t\t\t\/* see gallery_shortcode() in wp-includes\/media.php *\/\n\t\t<\/style>\n\t\t<div id='gallery-1' class='gallery galleryid-22507 gallery-columns-3 gallery-size-medium'><dl class='gallery-item'>\n\t\t\t<dt class='gallery-icon portrait'>\n\t\t\t\t<a href='https:\/\/agora.xtec.cat\/ceip-lesroquesblaves\/primaria\/promocio2016-25\/u-d-i-el-calendari-de-laula\/attachment\/img_7901\/'><img loading=\"lazy\" decoding=\"async\" width=\"225\" height=\"300\" src=\"https:\/\/agora.xtec.cat\/ceip-lesroquesblaves\/wp-content\/uploads\/usu36\/2020\/10\/IMG_7901-225x300.jpg\" class=\"attachment-medium size-medium\" alt=\"\" srcset=\"https:\/\/agora.xtec.cat\/ceip-lesroquesblaves\/wp-content\/uploads\/usu36\/2020\/10\/IMG_7901-225x300.jpg 225w, https:\/\/agora.xtec.cat\/ceip-lesroquesblaves\/wp-content\/uploads\/usu36\/2020\/10\/IMG_7901-768x1024.jpg 768w, https:\/\/agora.xtec.cat\/ceip-lesroquesblaves\/wp-content\/uploads\/usu36\/2020\/10\/IMG_7901.jpg 908w\" sizes=\"auto, (max-width: 225px) 100vw, 225px\" \/><\/a>\n\t\t\t<\/dt><\/dl><dl class='gallery-item'>\n\t\t\t<dt class='gallery-icon portrait'>\n\t\t\t\t<a href='https:\/\/agora.xtec.cat\/ceip-lesroquesblaves\/primaria\/promocio2016-25\/u-d-i-el-calendari-de-laula\/attachment\/img_7903\/'><img loading=\"lazy\" decoding=\"async\" width=\"225\" height=\"300\" src=\"https:\/\/agora.xtec.cat\/ceip-lesroquesblaves\/wp-content\/uploads\/usu36\/2020\/10\/IMG_7903-225x300.jpg\" class=\"attachment-medium size-medium\" alt=\"\" srcset=\"https:\/\/agora.xtec.cat\/ceip-lesroquesblaves\/wp-content\/uploads\/usu36\/2020\/10\/IMG_7903-225x300.jpg 225w, https:\/\/agora.xtec.cat\/ceip-lesroquesblaves\/wp-content\/uploads\/usu36\/2020\/10\/IMG_7903-768x1024.jpg 768w, https:\/\/agora.xtec.cat\/ceip-lesroquesblaves\/wp-content\/uploads\/usu36\/2020\/10\/IMG_7903.jpg 908w\" sizes=\"auto, (max-width: 225px) 100vw, 225px\" \/><\/a>\n\t\t\t<\/dt><\/dl><dl class='gallery-item'>\n\t\t\t<dt class='gallery-icon portrait'>\n\t\t\t\t<a href='https:\/\/agora.xtec.cat\/ceip-lesroquesblaves\/primaria\/promocio2016-25\/u-d-i-el-calendari-de-laula\/attachment\/img_7906\/'><img loading=\"lazy\" decoding=\"async\" width=\"225\" height=\"300\" src=\"https:\/\/agora.xtec.cat\/ceip-lesroquesblaves\/wp-content\/uploads\/usu36\/2020\/10\/IMG_7906-225x300.jpg\" class=\"attachment-medium size-medium\" alt=\"\" srcset=\"https:\/\/agora.xtec.cat\/ceip-lesroquesblaves\/wp-content\/uploads\/usu36\/2020\/10\/IMG_7906-225x300.jpg 225w, https:\/\/agora.xtec.cat\/ceip-lesroquesblaves\/wp-content\/uploads\/usu36\/2020\/10\/IMG_7906-768x1024.jpg 768w, https:\/\/agora.xtec.cat\/ceip-lesroquesblaves\/wp-content\/uploads\/usu36\/2020\/10\/IMG_7906.jpg 908w\" sizes=\"auto, (max-width: 225px) 100vw, 225px\" \/><\/a>\n\t\t\t<\/dt><\/dl><br style=\"clear: both\" \/><dl class='gallery-item'>\n\t\t\t<dt class='gallery-icon portrait'>\n\t\t\t\t<a href='https:\/\/agora.xtec.cat\/ceip-lesroquesblaves\/primaria\/promocio2016-25\/u-d-i-el-calendari-de-laula\/attachment\/img_7907-2\/'><img loading=\"lazy\" decoding=\"async\" width=\"225\" height=\"300\" src=\"https:\/\/agora.xtec.cat\/ceip-lesroquesblaves\/wp-content\/uploads\/usu36\/2020\/10\/IMG_7907-1-225x300.jpg\" class=\"attachment-medium size-medium\" alt=\"\" srcset=\"https:\/\/agora.xtec.cat\/ceip-lesroquesblaves\/wp-content\/uploads\/usu36\/2020\/10\/IMG_7907-1-225x300.jpg 225w, https:\/\/agora.xtec.cat\/ceip-lesroquesblaves\/wp-content\/uploads\/usu36\/2020\/10\/IMG_7907-1-768x1024.jpg 768w, https:\/\/agora.xtec.cat\/ceip-lesroquesblaves\/wp-content\/uploads\/usu36\/2020\/10\/IMG_7907-1.jpg 908w\" sizes=\"auto, (max-width: 225px) 100vw, 225px\" \/><\/a>\n\t\t\t<\/dt><\/dl><dl class='gallery-item'>\n\t\t\t<dt class='gallery-icon portrait'>\n\t\t\t\t<a href='https:\/\/agora.xtec.cat\/ceip-lesroquesblaves\/primaria\/promocio2016-25\/u-d-i-el-calendari-de-laula\/attachment\/img_7908\/'><img loading=\"lazy\" decoding=\"async\" width=\"225\" height=\"300\" src=\"https:\/\/agora.xtec.cat\/ceip-lesroquesblaves\/wp-content\/uploads\/usu36\/2020\/10\/IMG_7908-225x300.jpg\" class=\"attachment-medium size-medium\" alt=\"\" srcset=\"https:\/\/agora.xtec.cat\/ceip-lesroquesblaves\/wp-content\/uploads\/usu36\/2020\/10\/IMG_7908-225x300.jpg 225w, https:\/\/agora.xtec.cat\/ceip-lesroquesblaves\/wp-content\/uploads\/usu36\/2020\/10\/IMG_7908-768x1024.jpg 768w, https:\/\/agora.xtec.cat\/ceip-lesroquesblaves\/wp-content\/uploads\/usu36\/2020\/10\/IMG_7908.jpg 908w\" sizes=\"auto, (max-width: 225px) 100vw, 225px\" \/><\/a>\n\t\t\t<\/dt><\/dl><dl class='gallery-item'>\n\t\t\t<dt class='gallery-icon portrait'>\n\t\t\t\t<a href='https:\/\/agora.xtec.cat\/ceip-lesroquesblaves\/primaria\/promocio2016-25\/u-d-i-el-calendari-de-laula\/attachment\/img_7902\/'><img loading=\"lazy\" decoding=\"async\" width=\"225\" height=\"300\" src=\"https:\/\/agora.xtec.cat\/ceip-lesroquesblaves\/wp-content\/uploads\/usu36\/2020\/10\/IMG_7902-225x300.jpg\" class=\"attachment-medium size-medium\" alt=\"\" srcset=\"https:\/\/agora.xtec.cat\/ceip-lesroquesblaves\/wp-content\/uploads\/usu36\/2020\/10\/IMG_7902-225x300.jpg 225w, https:\/\/agora.xtec.cat\/ceip-lesroquesblaves\/wp-content\/uploads\/usu36\/2020\/10\/IMG_7902-768x1024.jpg 768w, https:\/\/agora.xtec.cat\/ceip-lesroquesblaves\/wp-content\/uploads\/usu36\/2020\/10\/IMG_7902.jpg 908w\" sizes=\"auto, (max-width: 225px) 100vw, 225px\" \/><\/a>\n\t\t\t<\/dt><\/dl><br style=\"clear: both\" \/><dl class='gallery-item'>\n\t\t\t<dt class='gallery-icon portrait'>\n\t\t\t\t<a href='https:\/\/agora.xtec.cat\/ceip-lesroquesblaves\/primaria\/promocio2016-25\/u-d-i-el-calendari-de-laula\/attachment\/img_7913\/'><img loading=\"lazy\" decoding=\"async\" width=\"225\" height=\"300\" src=\"https:\/\/agora.xtec.cat\/ceip-lesroquesblaves\/wp-content\/uploads\/usu36\/2020\/10\/IMG_7913-225x300.jpg\" class=\"attachment-medium size-medium\" alt=\"\" srcset=\"https:\/\/agora.xtec.cat\/ceip-lesroquesblaves\/wp-content\/uploads\/usu36\/2020\/10\/IMG_7913-225x300.jpg 225w, https:\/\/agora.xtec.cat\/ceip-lesroquesblaves\/wp-content\/uploads\/usu36\/2020\/10\/IMG_7913-768x1024.jpg 768w, https:\/\/agora.xtec.cat\/ceip-lesroquesblaves\/wp-content\/uploads\/usu36\/2020\/10\/IMG_7913.jpg 908w\" sizes=\"auto, (max-width: 225px) 100vw, 225px\" \/><\/a>\n\t\t\t<\/dt><\/dl><dl class='gallery-item'>\n\t\t\t<dt class='gallery-icon portrait'>\n\t\t\t\t<a href='https:\/\/agora.xtec.cat\/ceip-lesroquesblaves\/primaria\/promocio2016-25\/u-d-i-el-calendari-de-laula\/attachment\/img_7918\/'><img loading=\"lazy\" decoding=\"async\" width=\"225\" height=\"300\" src=\"https:\/\/agora.xtec.cat\/ceip-lesroquesblaves\/wp-content\/uploads\/usu36\/2020\/10\/IMG_7918-225x300.jpg\" class=\"attachment-medium size-medium\" alt=\"\" srcset=\"https:\/\/agora.xtec.cat\/ceip-lesroquesblaves\/wp-content\/uploads\/usu36\/2020\/10\/IMG_7918-225x300.jpg 225w, https:\/\/agora.xtec.cat\/ceip-lesroquesblaves\/wp-content\/uploads\/usu36\/2020\/10\/IMG_7918-768x1024.jpg 768w, https:\/\/agora.xtec.cat\/ceip-lesroquesblaves\/wp-content\/uploads\/usu36\/2020\/10\/IMG_7918.jpg 908w\" sizes=\"auto, (max-width: 225px) 100vw, 225px\" \/><\/a>\n\t\t\t<\/dt><\/dl><dl class='gallery-item'>\n\t\t\t<dt class='gallery-icon portrait'>\n\t\t\t\t<a href='https:\/\/agora.xtec.cat\/ceip-lesroquesblaves\/primaria\/promocio2016-25\/u-d-i-el-calendari-de-laula\/attachment\/img_7920\/'><img loading=\"lazy\" decoding=\"async\" width=\"225\" height=\"300\" src=\"https:\/\/agora.xtec.cat\/ceip-lesroquesblaves\/wp-content\/uploads\/usu36\/2020\/10\/IMG_7920-225x300.jpg\" class=\"attachment-medium size-medium\" alt=\"\" srcset=\"https:\/\/agora.xtec.cat\/ceip-lesroquesblaves\/wp-content\/uploads\/usu36\/2020\/10\/IMG_7920-225x300.jpg 225w, https:\/\/agora.xtec.cat\/ceip-lesroquesblaves\/wp-content\/uploads\/usu36\/2020\/10\/IMG_7920-768x1024.jpg 768w, https:\/\/agora.xtec.cat\/ceip-lesroquesblaves\/wp-content\/uploads\/usu36\/2020\/10\/IMG_7920.jpg 908w\" sizes=\"auto, (max-width: 225px) 100vw, 225px\" \/><\/a>\n\t\t\t<\/dt><\/dl><br style=\"clear: both\" \/>\n\t\t<\/div>\n\n\n\t\t<style type=\"text\/css\">\n\t\t\t#gallery-2 {\n\t\t\t\tmargin: auto;\n\t\t\t}\n\t\t\t#gallery-2 .gallery-item {\n\t\t\t\tfloat: left;\n\t\t\t\tmargin-top: 10px;\n\t\t\t\ttext-align: center;\n\t\t\t\twidth: 33%;\n\t\t\t}\n\t\t\t#gallery-2 img {\n\t\t\t\tborder: 2px solid #cfcfcf;\n\t\t\t}\n\t\t\t#gallery-2 .gallery-caption {\n\t\t\t\tmargin-left: 0;\n\t\t\t}\n\t\t\t\/* see gallery_shortcode() in wp-includes\/media.php *\/\n\t\t<\/style>\n\t\t<div id='gallery-2' class='gallery galleryid-22507 gallery-columns-3 gallery-size-medium'><dl class='gallery-item'>\n\t\t\t<dt class='gallery-icon landscape'>\n\t\t\t\t<a href='https:\/\/agora.xtec.cat\/ceip-lesroquesblaves\/primaria\/promocio2016-25\/u-d-i-el-calendari-de-laula\/attachment\/img_7907\/'><img loading=\"lazy\" decoding=\"async\" width=\"300\" height=\"225\" src=\"https:\/\/agora.xtec.cat\/ceip-lesroquesblaves\/wp-content\/uploads\/usu36\/2020\/10\/IMG_7907-300x225.jpg\" class=\"attachment-medium size-medium\" alt=\"\" srcset=\"https:\/\/agora.xtec.cat\/ceip-lesroquesblaves\/wp-content\/uploads\/usu36\/2020\/10\/IMG_7907-300x225.jpg 300w, https:\/\/agora.xtec.cat\/ceip-lesroquesblaves\/wp-content\/uploads\/usu36\/2020\/10\/IMG_7907-768x576.jpg 768w, https:\/\/agora.xtec.cat\/ceip-lesroquesblaves\/wp-content\/uploads\/usu36\/2020\/10\/IMG_7907-1024x768.jpg 1024w, https:\/\/agora.xtec.cat\/ceip-lesroquesblaves\/wp-content\/uploads\/usu36\/2020\/10\/IMG_7907-200x150.jpg 200w\" sizes=\"auto, (max-width: 300px) 100vw, 300px\" \/><\/a>\n\t\t\t<\/dt><\/dl><dl class='gallery-item'>\n\t\t\t<dt class='gallery-icon landscape'>\n\t\t\t\t<a href='https:\/\/agora.xtec.cat\/ceip-lesroquesblaves\/primaria\/promocio2016-25\/u-d-i-el-calendari-de-laula\/attachment\/img_7922\/'><img loading=\"lazy\" decoding=\"async\" width=\"300\" height=\"225\" src=\"https:\/\/agora.xtec.cat\/ceip-lesroquesblaves\/wp-content\/uploads\/usu36\/2020\/10\/IMG_7922-300x225.jpg\" class=\"attachment-medium size-medium\" alt=\"\" srcset=\"https:\/\/agora.xtec.cat\/ceip-lesroquesblaves\/wp-content\/uploads\/usu36\/2020\/10\/IMG_7922-300x225.jpg 300w, https:\/\/agora.xtec.cat\/ceip-lesroquesblaves\/wp-content\/uploads\/usu36\/2020\/10\/IMG_7922-768x576.jpg 768w, https:\/\/agora.xtec.cat\/ceip-lesroquesblaves\/wp-content\/uploads\/usu36\/2020\/10\/IMG_7922-1024x768.jpg 1024w, https:\/\/agora.xtec.cat\/ceip-lesroquesblaves\/wp-content\/uploads\/usu36\/2020\/10\/IMG_7922-200x150.jpg 200w, https:\/\/agora.xtec.cat\/ceip-lesroquesblaves\/wp-content\/uploads\/usu36\/2020\/10\/IMG_7922.jpg 1210w\" sizes=\"auto, (max-width: 300px) 100vw, 300px\" \/><\/a>\n\t\t\t<\/dt><\/dl><dl class='gallery-item'>\n\t\t\t<dt class='gallery-icon landscape'>\n\t\t\t\t<a href='https:\/\/agora.xtec.cat\/ceip-lesroquesblaves\/primaria\/promocio2016-25\/u-d-i-el-calendari-de-laula\/attachment\/img_7937\/'><img loading=\"lazy\" decoding=\"async\" width=\"300\" height=\"225\" src=\"https:\/\/agora.xtec.cat\/ceip-lesroquesblaves\/wp-content\/uploads\/usu36\/2020\/10\/IMG_7937-300x225.jpg\" class=\"attachment-medium size-medium\" alt=\"\" srcset=\"https:\/\/agora.xtec.cat\/ceip-lesroquesblaves\/wp-content\/uploads\/usu36\/2020\/10\/IMG_7937-300x225.jpg 300w, https:\/\/agora.xtec.cat\/ceip-lesroquesblaves\/wp-content\/uploads\/usu36\/2020\/10\/IMG_7937-768x576.jpg 768w, https:\/\/agora.xtec.cat\/ceip-lesroquesblaves\/wp-content\/uploads\/usu36\/2020\/10\/IMG_7937-1024x768.jpg 1024w, https:\/\/agora.xtec.cat\/ceip-lesroquesblaves\/wp-content\/uploads\/usu36\/2020\/10\/IMG_7937-200x150.jpg 200w, https:\/\/agora.xtec.cat\/ceip-lesroquesblaves\/wp-content\/uploads\/usu36\/2020\/10\/IMG_7937.jpg 1210w\" sizes=\"auto, (max-width: 300px) 100vw, 300px\" \/><\/a>\n\t\t\t<\/dt><\/dl><br style=\"clear: both\" \/>\n\t\t<\/div>\n\n","protected":false},"excerpt":{"rendered":"<p>ENS PROPOSEM REALITZACI\u00d3 D\u2019UN CALENDARI PER L\u2019AULA QUE PERMETI VISUALITZAR EL PAS DEL TEMPS I DELS SEUS CICLES , I ON PODER SITUAR FETS I REGISTRAR PROCESSOS.&hellip;  <a href=\"https:\/\/agora.xtec.cat\/ceip-lesroquesblaves\/primaria\/promocio2016-25\/u-d-i-el-calendari-de-laula\/\" title=\"Read U.D.I. EL CALENDARI DE L&#8217;AULA\">Llegeix m\u00e9s\u00bb<\/a><\/p>\n","protected":false},"author":73,"featured_media":22666,"comment_status":"open","ping_status":"closed","sticky":false,"template":"","format":"standard","meta":{"footnotes":""},"categories":[267,266],"tags":[],"class_list":["post-22507","post","type-post","status-publish","format-standard","has-post-thumbnail","hentry","category-promocio2017-26","category-promocio2016-25"],"post_mailing_queue_ids":[],"_links":{"self":[{"href":"https:\/\/agora.xtec.cat\/ceip-lesroquesblaves\/wp-json\/wp\/v2\/posts\/22507","targetHints":{"allow":["GET"]}}],"collection":[{"href":"https:\/\/agora.xtec.cat\/ceip-lesroquesblaves\/wp-json\/wp\/v2\/posts"}],"about":[{"href":"https:\/\/agora.xtec.cat\/ceip-lesroquesblaves\/wp-json\/wp\/v2\/types\/post"}],"author":[{"embeddable":true,"href":"https:\/\/agora.xtec.cat\/ceip-lesroquesblaves\/wp-json\/wp\/v2\/users\/73"}],"replies":[{"embeddable":true,"href":"https:\/\/agora.xtec.cat\/ceip-lesroquesblaves\/wp-json\/wp\/v2\/comments?post=22507"}],"version-history":[{"count":3,"href":"https:\/\/agora.xtec.cat\/ceip-lesroquesblaves\/wp-json\/wp\/v2\/posts\/22507\/revisions"}],"predecessor-version":[{"id":22806,"href":"https:\/\/agora.xtec.cat\/ceip-lesroquesblaves\/wp-json\/wp\/v2\/posts\/22507\/revisions\/22806"}],"wp:featuredmedia":[{"embeddable":true,"href":"https:\/\/agora.xtec.cat\/ceip-lesroquesblaves\/wp-json\/wp\/v2\/media\/22666"}],"wp:attachment":[{"href":"https:\/\/agora.xtec.cat\/ceip-lesroquesblaves\/wp-json\/wp\/v2\/media?parent=22507"}],"wp:term":[{"taxonomy":"category","embeddable":true,"href":"https:\/\/agora.xtec.cat\/ceip-lesroquesblaves\/wp-json\/wp\/v2\/categories?post=22507"},{"taxonomy":"post_tag","embeddable":true,"href":"https:\/\/agora.xtec.cat\/ceip-lesroquesblaves\/wp-json\/wp\/v2\/tags?post=22507"}],"curies":[{"name":"wp","href":"https:\/\/api.w.org\/{rel}","templated":true}]}}