{"id":21839,"date":"2020-06-08T08:43:32","date_gmt":"2020-06-08T06:43:32","guid":{"rendered":"https:\/\/agora.xtec.cat\/ceip-lesroquesblaves\/?p=21839"},"modified":"2020-06-08T08:47:00","modified_gmt":"2020-06-08T06:47:00","slug":"propostes-del-8-al-12-de-juny","status":"publish","type":"post","link":"https:\/\/agora.xtec.cat\/ceip-lesroquesblaves\/primaria\/promocio2018-27\/propostes-del-8-al-12-de-juny\/","title":{"rendered":"PROPOSTES DEL 8 AL 12 DE JUNY"},"content":{"rendered":"<p>BON DIA ESTRELLES DE CIRC, COM ESTETM? PREPARATS PER GAUDIR DE LES NOVES PROPOSTES? AQUESTA SETMANA LES ACTIVITATS ESTAN RELACIONADES AMB EL TEMA DE L\u2019AIGUA, JA QUE MICA EN MICA ENS APROPEM A L\u2019ESTIU I ELS DIES COMENCEN A SER M\u00c9S C\u00c0LIDS I SOLEJATS, AIX\u00cd QUE AQU\u00cd US LES ADJUNTO EL DOCUMENT PER A QUE GAUDIU AMB LA FAMILIA.<br \/>\nA M\u00c9S A M\u00c9S, VOLEU SABER QUINS BENEFICIS T\u00c9 JUGAR AMB L\u2019AIGUA AMB ELS INFANTS? PERQU\u00c8:<br \/>\n&#8211;\tAfavoreix l\u2019exploraci\u00f3 i l\u2019experimentaci\u00f3 de forma natural<br \/>\n&#8211;\tCrea moments d\u2019aprenentatge significatius<br \/>\n&#8211;\tAfavoreix la concentraci\u00f3 i la psicomotricitat fina i<br \/>\n&#8211;\tDesenvolupa la creativitat<\/p>\n<p><a href=\"https:\/\/agora.xtec.cat\/ceip-lesroquesblaves\/wp-content\/uploads\/usu36\/2020\/06\/BLOC.2A.SETM_.JUNY_.pptx\">BLOC.2A.SETM.JUNY<\/a><\/p>\n<p>TOTES AQUELLES FAMILIES QUE PUGUIN, INTENTEU OBRIR EL DOCUMENT DE POWER POINT EN ORDINADOR PER ASSEGURAR-VOS DE VEURE TOTES LES ACTIVITATS.  RECORDEU QUE SI CLIQUEU A LA IMATGE DE CADA REQUADRE DE LA PART INFERIOR US PORTAR\u00c0 A VEURE L\u2019EXPLICACI\u00d3 I\/O DOCUMENTACI\u00d3 PER REALITZAR L\u2019ACTIVITAT.<br \/>\nTAMB\u00c9 COMENTAR-VOS QUE A PARTIR D\u2019ARA NO HI HA ACTIVITAT DE RETORN \u201cOBLIGAT\u00d2RIA\u201d SIN\u00d3 QUE CADASC\u00da FAR\u00c0 LES ACTIVITATS QUE PUGUIN O LES QUE US VINGUI DE GUST PER\u00d2 PODEU SEGUIR ENVIANT LES FOTOS DE TOTS AQUELLS MOMENTS QUE VOLGUEU COMPARTIR, JA SIGUI DE LES ACTIVITATS PROPOSADES O D\u2019ALTRES MOMENTS\/ACTIVITATS QUE REALITZEU AL LLARG DEL DIA.<br \/>\nTOT  I AIX\u00d2, AQUESTA SETMANA TAMB\u00c9 US PROPOSEM UN REPTE MUSICAL AMB LA CAN\u00c7\u00d3 \u201cESCRIUREM\u201d DE Miki N\u00fa\u00f1ez, GUARDEU LA VERGONYA I ANIMEU-VOS A  CANTAR!! AMB TOTS ELS VIDEOS QUE ENS ENVIEU D\u2019ESCOLA MUNTAREM UN SUPER VIDEO D\u2019ESCOLA!<br \/>\nI PER ACABAR, RECORDAR A TOTES AQUELLES FAMILIES QUE ENCARA NO HO HAGIN FET, OMPLIR L\u2019INFORME I ENVIAR-ME\u2019L AL CORREU. TENIU TOTA AQUESTA SETMANA PER FER-HO, \u00daLTIM DIA DIVENDRES 12 DE JUNY.<br \/>\nMOLTES GR\u00c0CIES PER LA VOSTRA ATENCI\u00d3 I DEDICACI\u00d3. <\/p>\n<p>ACTIVITATS COMPLEMENT\u00c0RIES: <\/p>\n<p><a href=\"https:\/\/agora.xtec.cat\/ceip-lesroquesblaves\/wp-content\/uploads\/usu36\/2020\/06\/5f1b3c2906821ecf54864b5744377c33.jpg\"><img loading=\"lazy\" decoding=\"async\" src=\"https:\/\/agora.xtec.cat\/ceip-lesroquesblaves\/wp-content\/uploads\/usu36\/2020\/06\/5f1b3c2906821ecf54864b5744377c33.jpg\" alt=\"\" width=\"236\" height=\"305\" class=\"alignnone size-full wp-image-21844\" srcset=\"https:\/\/agora.xtec.cat\/ceip-lesroquesblaves\/wp-content\/uploads\/usu36\/2020\/06\/5f1b3c2906821ecf54864b5744377c33.jpg 236w, https:\/\/agora.xtec.cat\/ceip-lesroquesblaves\/wp-content\/uploads\/usu36\/2020\/06\/5f1b3c2906821ecf54864b5744377c33-232x300.jpg 232w\" sizes=\"auto, (max-width: 236px) 100vw, 236px\" \/><\/a><\/p>\n<p><a href=\"https:\/\/agora.xtec.cat\/ceip-lesroquesblaves\/wp-content\/uploads\/usu36\/2020\/06\/84c6d163500abea0e829287ff7aa1480.jpg\"><img loading=\"lazy\" decoding=\"async\" src=\"https:\/\/agora.xtec.cat\/ceip-lesroquesblaves\/wp-content\/uploads\/usu36\/2020\/06\/84c6d163500abea0e829287ff7aa1480.jpg\" alt=\"\" width=\"235\" height=\"340\" class=\"alignnone size-large wp-image-21845\" srcset=\"https:\/\/agora.xtec.cat\/ceip-lesroquesblaves\/wp-content\/uploads\/usu36\/2020\/06\/84c6d163500abea0e829287ff7aa1480.jpg 235w, https:\/\/agora.xtec.cat\/ceip-lesroquesblaves\/wp-content\/uploads\/usu36\/2020\/06\/84c6d163500abea0e829287ff7aa1480-207x300.jpg 207w\" sizes=\"auto, (max-width: 235px) 100vw, 235px\" \/><\/a><\/p>\n<p><a href=\"https:\/\/agora.xtec.cat\/ceip-lesroquesblaves\/wp-content\/uploads\/usu36\/2020\/06\/c4241e2c70b531eaafd825a1e67bc494.jpg\"><img loading=\"lazy\" decoding=\"async\" src=\"https:\/\/agora.xtec.cat\/ceip-lesroquesblaves\/wp-content\/uploads\/usu36\/2020\/06\/c4241e2c70b531eaafd825a1e67bc494.jpg\" alt=\"\" width=\"235\" height=\"333\" class=\"alignnone size-large wp-image-21846\" srcset=\"https:\/\/agora.xtec.cat\/ceip-lesroquesblaves\/wp-content\/uploads\/usu36\/2020\/06\/c4241e2c70b531eaafd825a1e67bc494.jpg 235w, https:\/\/agora.xtec.cat\/ceip-lesroquesblaves\/wp-content\/uploads\/usu36\/2020\/06\/c4241e2c70b531eaafd825a1e67bc494-212x300.jpg 212w\" sizes=\"auto, (max-width: 235px) 100vw, 235px\" \/><\/a><\/p>\n<p><a href=\"https:\/\/agora.xtec.cat\/ceip-lesroquesblaves\/wp-content\/uploads\/usu36\/2020\/06\/fitxes-per-treballar-la-conscincia-fonolgica-24-638.jpg\"><img loading=\"lazy\" decoding=\"async\" src=\"https:\/\/agora.xtec.cat\/ceip-lesroquesblaves\/wp-content\/uploads\/usu36\/2020\/06\/fitxes-per-treballar-la-conscincia-fonolgica-24-638.jpg\" alt=\"\" width=\"638\" height=\"451\" class=\"alignnone size-large wp-image-21847\" srcset=\"https:\/\/agora.xtec.cat\/ceip-lesroquesblaves\/wp-content\/uploads\/usu36\/2020\/06\/fitxes-per-treballar-la-conscincia-fonolgica-24-638.jpg 638w, https:\/\/agora.xtec.cat\/ceip-lesroquesblaves\/wp-content\/uploads\/usu36\/2020\/06\/fitxes-per-treballar-la-conscincia-fonolgica-24-638-300x212.jpg 300w\" sizes=\"auto, (max-width: 638px) 100vw, 638px\" \/><\/a><\/p>\n<p><a href=\"https:\/\/agora.xtec.cat\/ceip-lesroquesblaves\/wp-content\/uploads\/usu36\/2020\/06\/fitxes-per-treballar-la-conscincia-fonolgica-53-638.jpg\"><img loading=\"lazy\" decoding=\"async\" src=\"https:\/\/agora.xtec.cat\/ceip-lesroquesblaves\/wp-content\/uploads\/usu36\/2020\/06\/fitxes-per-treballar-la-conscincia-fonolgica-53-638.jpg\" alt=\"\" width=\"638\" height=\"903\" class=\"alignnone size-large wp-image-21848\" srcset=\"https:\/\/agora.xtec.cat\/ceip-lesroquesblaves\/wp-content\/uploads\/usu36\/2020\/06\/fitxes-per-treballar-la-conscincia-fonolgica-53-638.jpg 638w, https:\/\/agora.xtec.cat\/ceip-lesroquesblaves\/wp-content\/uploads\/usu36\/2020\/06\/fitxes-per-treballar-la-conscincia-fonolgica-53-638-212x300.jpg 212w\" sizes=\"auto, (max-width: 638px) 100vw, 638px\" \/><\/a><\/p>\n<p><a href=\"https:\/\/agora.xtec.cat\/ceip-lesroquesblaves\/wp-content\/uploads\/usu36\/2020\/06\/omplir.lletres1.jpg\"><img loading=\"lazy\" decoding=\"async\" src=\"https:\/\/agora.xtec.cat\/ceip-lesroquesblaves\/wp-content\/uploads\/usu36\/2020\/06\/omplir.lletres1.jpg\" alt=\"\" width=\"236\" height=\"333\" class=\"alignnone size-large wp-image-21849\" srcset=\"https:\/\/agora.xtec.cat\/ceip-lesroquesblaves\/wp-content\/uploads\/usu36\/2020\/06\/omplir.lletres1.jpg 236w, https:\/\/agora.xtec.cat\/ceip-lesroquesblaves\/wp-content\/uploads\/usu36\/2020\/06\/omplir.lletres1-213x300.jpg 213w\" sizes=\"auto, (max-width: 236px) 100vw, 236px\" \/><\/a><\/p>\n","protected":false},"excerpt":{"rendered":"<p>BON DIA ESTRELLES DE CIRC, COM ESTETM? PREPARATS PER GAUDIR DE LES NOVES PROPOSTES? AQUESTA SETMANA LES ACTIVITATS ESTAN RELACIONADES AMB EL TEMA DE L\u2019AIGUA, JA QUE MICA EN MICA ENS APROPEM A L\u2019ESTIU I ELS DIES COMENCEN A SER M\u00c9S C\u00c0LIDS I SOLEJATS, AIX\u00cd&hellip;  <a href=\"https:\/\/agora.xtec.cat\/ceip-lesroquesblaves\/primaria\/promocio2018-27\/propostes-del-8-al-12-de-juny\/\" title=\"Read PROPOSTES DEL 8 AL 12 DE JUNY\">Llegeix m\u00e9s\u00bb<\/a><\/p>\n","protected":false},"author":73,"featured_media":21841,"comment_status":"open","ping_status":"closed","sticky":false,"template":"","format":"standard","meta":{"footnotes":""},"categories":[269],"tags":[],"class_list":["post-21839","post","type-post","status-publish","format-standard","has-post-thumbnail","hentry","category-promocio2018-27"],"post_mailing_queue_ids":[],"_links":{"self":[{"href":"https:\/\/agora.xtec.cat\/ceip-lesroquesblaves\/wp-json\/wp\/v2\/posts\/21839","targetHints":{"allow":["GET"]}}],"collection":[{"href":"https:\/\/agora.xtec.cat\/ceip-lesroquesblaves\/wp-json\/wp\/v2\/posts"}],"about":[{"href":"https:\/\/agora.xtec.cat\/ceip-lesroquesblaves\/wp-json\/wp\/v2\/types\/post"}],"author":[{"embeddable":true,"href":"https:\/\/agora.xtec.cat\/ceip-lesroquesblaves\/wp-json\/wp\/v2\/users\/73"}],"replies":[{"embeddable":true,"href":"https:\/\/agora.xtec.cat\/ceip-lesroquesblaves\/wp-json\/wp\/v2\/comments?post=21839"}],"version-history":[{"count":2,"href":"https:\/\/agora.xtec.cat\/ceip-lesroquesblaves\/wp-json\/wp\/v2\/posts\/21839\/revisions"}],"predecessor-version":[{"id":21850,"href":"https:\/\/agora.xtec.cat\/ceip-lesroquesblaves\/wp-json\/wp\/v2\/posts\/21839\/revisions\/21850"}],"wp:featuredmedia":[{"embeddable":true,"href":"https:\/\/agora.xtec.cat\/ceip-lesroquesblaves\/wp-json\/wp\/v2\/media\/21841"}],"wp:attachment":[{"href":"https:\/\/agora.xtec.cat\/ceip-lesroquesblaves\/wp-json\/wp\/v2\/media?parent=21839"}],"wp:term":[{"taxonomy":"category","embeddable":true,"href":"https:\/\/agora.xtec.cat\/ceip-lesroquesblaves\/wp-json\/wp\/v2\/categories?post=21839"},{"taxonomy":"post_tag","embeddable":true,"href":"https:\/\/agora.xtec.cat\/ceip-lesroquesblaves\/wp-json\/wp\/v2\/tags?post=21839"}],"curies":[{"name":"wp","href":"https:\/\/api.w.org\/{rel}","templated":true}]}}