{"id":21141,"date":"2020-05-25T09:51:21","date_gmt":"2020-05-25T07:51:21","guid":{"rendered":"https:\/\/agora.xtec.cat\/ceip-lesroquesblaves\/?p=21141"},"modified":"2020-07-13T16:55:08","modified_gmt":"2020-07-13T14:55:08","slug":"les-olors","status":"publish","type":"post","link":"https:\/\/agora.xtec.cat\/ceip-lesroquesblaves\/linia-pedagogica\/filosofia318\/les-olors\/","title":{"rendered":"LES OLORS"},"content":{"rendered":"<p>&nbsp;<\/p>\n<p><strong>CAPITOL VII<\/strong><\/p>\n<p><strong>&#8221; A la festa, tamb\u00e9 hi va arribar la sal, tota melindrosa, vestida de color blanc i de bracet del seu marit, el bitxo, que portava barret vermell.<\/strong><br \/>\n<strong>&#8230;<\/strong><br \/>\n<strong>Darrere d&#8217;ells hi havia el safra i la canyella, modestament vesits de paper d&#8217;estrassa i movent-se continuament, perqu\u00e8 a ning\u00fa passes inadvertida la seva flaire.&#8221;<\/strong><\/p>\n<p><strong>\u00a0 \u00a0 \u00a0 \u00a0 \u00a0 \u00a0 \u00a0 \u00a0 \u00a0 \u00a0 \u00a0 \u00a0 \u00a0 \u00a0 \u00a0 \u00a0 \u00a0 \u00a0 \u00a0 \u00a0 \u00a0 \u00a0 \u00a0 \u00a0 \u00a0 \u00a0P\u00e8bili, Irene de Puig<\/strong><\/p>\n<p>&nbsp;<\/p>\n<p><a href=\"https:\/\/agora.xtec.cat\/ceip-lesroquesblaves\/wp-content\/uploads\/usu36\/2020\/05\/Descripci\u00f3-duna-olor.jpg\"><img loading=\"lazy\" decoding=\"async\" class=\"size-full wp-image-20907 aligncenter\" src=\"https:\/\/agora.xtec.cat\/ceip-lesroquesblaves\/wp-content\/uploads\/usu36\/2020\/05\/Descripci\u00f3-duna-olor.jpg\" alt=\"\" width=\"625\" height=\"473\" srcset=\"https:\/\/agora.xtec.cat\/ceip-lesroquesblaves\/wp-content\/uploads\/usu36\/2020\/05\/Descripci\u00f3-duna-olor.jpg 625w, https:\/\/agora.xtec.cat\/ceip-lesroquesblaves\/wp-content\/uploads\/usu36\/2020\/05\/Descripci\u00f3-duna-olor-300x227.jpg 300w, https:\/\/agora.xtec.cat\/ceip-lesroquesblaves\/wp-content\/uploads\/usu36\/2020\/05\/Descripci\u00f3-duna-olor-200x150.jpg 200w\" sizes=\"auto, (max-width: 625px) 100vw, 625px\" \/><\/a><\/p>\n<p><strong>CONTE: <span style=\"font-weight: 400\">La col\u00b7lecci\u00f3 d\u2019olors<\/span><span style=\"font-weight: 400\">, Teresa Clua i Carner<\/span> <span style=\"font-weight: 400\">(Adaptaci\u00f3 radiof\u00f2nica d\u2019un cap\u00edtol del conte)<\/span><\/strong><\/p>\n<p><a href=\"http:\/\/www.peptort.net\/audio\/01LaColleccioDOlors.mp3\"><span style=\"font-weight: 400\">\u00a0 \u00a0 \u00a0 \u00a0 \u00a0 \u00a0 \u00a0 \u00a0 \u00a0 \u00a0 http:\/\/www.peptort.net\/audio\/01LaColleccioDOlors.mp3<\/span><\/a><\/p>\n<p>&nbsp;<\/p>\n<p>&nbsp;<\/p>\n<p><span style=\"font-weight: 400\">Hem buscat olors i hem recordat les que alguna vegada hav\u00efem sentit. Les hem classificat i hem fet grups amb les que<\/span><span style=\"font-weight: 400\"> s\u2019assemblen. Tamb\u00e9\u00a0 hem fet saquets aromatitzats per la roba.<a href=\"https:\/\/agora.xtec.cat\/ceip-lesroquesblaves\/wp-content\/uploads\/usu36\/2020\/05\/Olors.jpg\"><img loading=\"lazy\" decoding=\"async\" class=\"size-full wp-image-20909 alignleft\" src=\"https:\/\/agora.xtec.cat\/ceip-lesroquesblaves\/wp-content\/uploads\/usu36\/2020\/05\/Olors.jpg\" alt=\"\" width=\"121\" height=\"73\" \/><\/a><\/span><\/p>\n<p>&nbsp;<\/p>\n<p>&nbsp;<\/p>\n<p><a href=\"https:\/\/agora.xtec.cat\/ceip-lesroquesblaves\/wp-content\/uploads\/usu36\/2020\/05\/CARLA-O-e1590389150186.jpg\"><img loading=\"lazy\" decoding=\"async\" class=\"alignnone wp-image-21171 \" src=\"https:\/\/agora.xtec.cat\/ceip-lesroquesblaves\/wp-content\/uploads\/usu36\/2020\/05\/CARLA-O-e1590389150186-1024x1024.jpg\" alt=\"\" width=\"352\" height=\"350\" \/> \u00a0 \u00a0 <\/a><a href=\"https:\/\/agora.xtec.cat\/ceip-lesroquesblaves\/wp-content\/uploads\/usu36\/2020\/05\/Bossetes-Ainhoa.jpg\"><img loading=\"lazy\" decoding=\"async\" class=\"alignnone wp-image-21202\" src=\"https:\/\/agora.xtec.cat\/ceip-lesroquesblaves\/wp-content\/uploads\/usu36\/2020\/05\/Bossetes-Ainhoa.jpg\" alt=\"\" width=\"460\" height=\"345\" srcset=\"https:\/\/agora.xtec.cat\/ceip-lesroquesblaves\/wp-content\/uploads\/usu36\/2020\/05\/Bossetes-Ainhoa.jpg 1017w, https:\/\/agora.xtec.cat\/ceip-lesroquesblaves\/wp-content\/uploads\/usu36\/2020\/05\/Bossetes-Ainhoa-300x225.jpg 300w, https:\/\/agora.xtec.cat\/ceip-lesroquesblaves\/wp-content\/uploads\/usu36\/2020\/05\/Bossetes-Ainhoa-768x577.jpg 768w, https:\/\/agora.xtec.cat\/ceip-lesroquesblaves\/wp-content\/uploads\/usu36\/2020\/05\/Bossetes-Ainhoa-200x150.jpg 200w\" sizes=\"auto, (max-width: 460px) 100vw, 460px\" \/><\/a><a href=\"https:\/\/agora.xtec.cat\/ceip-lesroquesblaves\/wp-content\/uploads\/usu36\/2020\/05\/CARLA-O-e1590389150186.jpg\">\u00a0 \u00a0 \u00a0 <\/a><\/p>\n<p><a href=\"https:\/\/agora.xtec.cat\/ceip-lesroquesblaves\/wp-content\/uploads\/usu36\/2020\/05\/Ona-1-e1590389273778.jpg\"><img loading=\"lazy\" decoding=\"async\" class=\"alignnone wp-image-21175\" src=\"https:\/\/agora.xtec.cat\/ceip-lesroquesblaves\/wp-content\/uploads\/usu36\/2020\/05\/Ona-1-e1590389273778-768x1024.jpg\" alt=\"\" width=\"317\" height=\"422\" srcset=\"https:\/\/agora.xtec.cat\/ceip-lesroquesblaves\/wp-content\/uploads\/usu36\/2020\/05\/Ona-1-e1590389273778-768x1024.jpg 768w, https:\/\/agora.xtec.cat\/ceip-lesroquesblaves\/wp-content\/uploads\/usu36\/2020\/05\/Ona-1-e1590389273778-225x300.jpg 225w, https:\/\/agora.xtec.cat\/ceip-lesroquesblaves\/wp-content\/uploads\/usu36\/2020\/05\/Ona-1-e1590389273778.jpg 1062w\" sizes=\"auto, (max-width: 317px) 100vw, 317px\" \/><\/a> <a href=\"https:\/\/agora.xtec.cat\/ceip-lesroquesblaves\/wp-content\/uploads\/usu36\/2020\/05\/Ona-2-e1590389259849.jpg\"><img loading=\"lazy\" decoding=\"async\" class=\"alignnone wp-image-21174\" src=\"https:\/\/agora.xtec.cat\/ceip-lesroquesblaves\/wp-content\/uploads\/usu36\/2020\/05\/Ona-2-e1590389259849-768x1024.jpg\" alt=\"\" width=\"319\" height=\"425\" srcset=\"https:\/\/agora.xtec.cat\/ceip-lesroquesblaves\/wp-content\/uploads\/usu36\/2020\/05\/Ona-2-e1590389259849-768x1024.jpg 768w, https:\/\/agora.xtec.cat\/ceip-lesroquesblaves\/wp-content\/uploads\/usu36\/2020\/05\/Ona-2-e1590389259849-225x300.jpg 225w, https:\/\/agora.xtec.cat\/ceip-lesroquesblaves\/wp-content\/uploads\/usu36\/2020\/05\/Ona-2-e1590389259849.jpg 1062w\" sizes=\"auto, (max-width: 319px) 100vw, 319px\" \/> <\/a><a href=\"https:\/\/agora.xtec.cat\/ceip-lesroquesblaves\/wp-content\/uploads\/usu36\/2020\/05\/Martina-S-e1590389430478.jpeg\"><img loading=\"lazy\" decoding=\"async\" class=\"alignnone wp-image-21173 \" src=\"https:\/\/agora.xtec.cat\/ceip-lesroquesblaves\/wp-content\/uploads\/usu36\/2020\/05\/Martina-S-e1590389462194.jpeg\" alt=\"\" width=\"319\" height=\"425\" srcset=\"https:\/\/agora.xtec.cat\/ceip-lesroquesblaves\/wp-content\/uploads\/usu36\/2020\/05\/Martina-S-e1590389462194.jpeg 480w, https:\/\/agora.xtec.cat\/ceip-lesroquesblaves\/wp-content\/uploads\/usu36\/2020\/05\/Martina-S-e1590389462194-225x300.jpeg 225w\" sizes=\"auto, (max-width: 319px) 100vw, 319px\" \/><\/a><\/p>\n<p>&nbsp;<\/p>\n<p><a href=\"https:\/\/agora.xtec.cat\/ceip-lesroquesblaves\/wp-content\/uploads\/usu36\/2020\/05\/Bosseta-Carla-4.jpg\"><img loading=\"lazy\" decoding=\"async\" class=\"alignnone wp-image-21198\" src=\"https:\/\/agora.xtec.cat\/ceip-lesroquesblaves\/wp-content\/uploads\/usu36\/2020\/05\/Bosseta-Carla-4-768x1024.jpg\" alt=\"\" width=\"307\" height=\"408\" srcset=\"https:\/\/agora.xtec.cat\/ceip-lesroquesblaves\/wp-content\/uploads\/usu36\/2020\/05\/Bosseta-Carla-4-768x1024.jpg 768w, https:\/\/agora.xtec.cat\/ceip-lesroquesblaves\/wp-content\/uploads\/usu36\/2020\/05\/Bosseta-Carla-4-225x300.jpg 225w, https:\/\/agora.xtec.cat\/ceip-lesroquesblaves\/wp-content\/uploads\/usu36\/2020\/05\/Bosseta-Carla-4.jpg 1210w\" sizes=\"auto, (max-width: 307px) 100vw, 307px\" \/><\/a> <a href=\"https:\/\/agora.xtec.cat\/ceip-lesroquesblaves\/wp-content\/uploads\/usu36\/2020\/05\/Bosseta-Jiaxin.jpg\"><img loading=\"lazy\" decoding=\"async\" class=\"alignnone wp-image-21199\" src=\"https:\/\/agora.xtec.cat\/ceip-lesroquesblaves\/wp-content\/uploads\/usu36\/2020\/05\/Bosseta-Jiaxin-768x1024.jpg\" alt=\"\" width=\"306\" height=\"410\" \/><\/a> <a href=\"https:\/\/agora.xtec.cat\/ceip-lesroquesblaves\/wp-content\/uploads\/usu36\/2020\/05\/Bosseta-Martina.jpg\"><img loading=\"lazy\" decoding=\"async\" class=\"alignnone wp-image-21200\" src=\"https:\/\/agora.xtec.cat\/ceip-lesroquesblaves\/wp-content\/uploads\/usu36\/2020\/05\/Bosseta-Martina.jpg\" alt=\"\" width=\"294\" height=\"408\" \/><\/a><\/p>\n<p><a href=\"https:\/\/agora.xtec.cat\/ceip-lesroquesblaves\/wp-content\/uploads\/usu36\/2020\/05\/Giulia-1.jpg\"><img loading=\"lazy\" decoding=\"async\" class=\"alignnone wp-image-21203\" src=\"https:\/\/agora.xtec.cat\/ceip-lesroquesblaves\/wp-content\/uploads\/usu36\/2020\/05\/Giulia-1-768x1024.jpg\" alt=\"\" width=\"310\" height=\"413\" srcset=\"https:\/\/agora.xtec.cat\/ceip-lesroquesblaves\/wp-content\/uploads\/usu36\/2020\/05\/Giulia-1-768x1024.jpg 768w, https:\/\/agora.xtec.cat\/ceip-lesroquesblaves\/wp-content\/uploads\/usu36\/2020\/05\/Giulia-1-225x300.jpg 225w, https:\/\/agora.xtec.cat\/ceip-lesroquesblaves\/wp-content\/uploads\/usu36\/2020\/05\/Giulia-1.jpg 1383w\" sizes=\"auto, (max-width: 310px) 100vw, 310px\" \/>\u00a0\u00a0 <\/a><a href=\"https:\/\/agora.xtec.cat\/ceip-lesroquesblaves\/wp-content\/uploads\/usu36\/2020\/05\/Bosseta-Yaser.jpg\"><img loading=\"lazy\" decoding=\"async\" class=\"alignnone wp-image-21201\" src=\"https:\/\/agora.xtec.cat\/ceip-lesroquesblaves\/wp-content\/uploads\/usu36\/2020\/05\/Bosseta-Yaser-1024x1024.jpg\" alt=\"\" width=\"388\" height=\"388\" srcset=\"https:\/\/agora.xtec.cat\/ceip-lesroquesblaves\/wp-content\/uploads\/usu36\/2020\/05\/Bosseta-Yaser-1024x1024.jpg 1024w, https:\/\/agora.xtec.cat\/ceip-lesroquesblaves\/wp-content\/uploads\/usu36\/2020\/05\/Bosseta-Yaser-150x150.jpg 150w, https:\/\/agora.xtec.cat\/ceip-lesroquesblaves\/wp-content\/uploads\/usu36\/2020\/05\/Bosseta-Yaser-300x300.jpg 300w, https:\/\/agora.xtec.cat\/ceip-lesroquesblaves\/wp-content\/uploads\/usu36\/2020\/05\/Bosseta-Yaser-768x768.jpg 768w, https:\/\/agora.xtec.cat\/ceip-lesroquesblaves\/wp-content\/uploads\/usu36\/2020\/05\/Bosseta-Yaser.jpg 1159w\" sizes=\"auto, (max-width: 388px) 100vw, 388px\" \/><\/a><\/p>\n<p><a href=\"https:\/\/agora.xtec.cat\/ceip-lesroquesblaves\/wp-content\/uploads\/usu36\/2020\/05\/Luis-1-1.jpg\"><img loading=\"lazy\" decoding=\"async\" class=\"alignnone wp-image-21209\" src=\"https:\/\/agora.xtec.cat\/ceip-lesroquesblaves\/wp-content\/uploads\/usu36\/2020\/05\/Luis-1-1-719x1024.jpg\" alt=\"\" width=\"323\" height=\"460\" srcset=\"https:\/\/agora.xtec.cat\/ceip-lesroquesblaves\/wp-content\/uploads\/usu36\/2020\/05\/Luis-1-1-719x1024.jpg 719w, https:\/\/agora.xtec.cat\/ceip-lesroquesblaves\/wp-content\/uploads\/usu36\/2020\/05\/Luis-1-1-211x300.jpg 211w, https:\/\/agora.xtec.cat\/ceip-lesroquesblaves\/wp-content\/uploads\/usu36\/2020\/05\/Luis-1-1-768x1094.jpg 768w\" sizes=\"auto, (max-width: 323px) 100vw, 323px\" \/><\/a> <a href=\"https:\/\/agora.xtec.cat\/ceip-lesroquesblaves\/wp-content\/uploads\/usu36\/2020\/05\/Luis-2-1.jpg\"><img loading=\"lazy\" decoding=\"async\" class=\"alignnone wp-image-21210\" src=\"https:\/\/agora.xtec.cat\/ceip-lesroquesblaves\/wp-content\/uploads\/usu36\/2020\/05\/Luis-2-1-769x1024.jpg\" alt=\"\" width=\"344\" height=\"459\" srcset=\"https:\/\/agora.xtec.cat\/ceip-lesroquesblaves\/wp-content\/uploads\/usu36\/2020\/05\/Luis-2-1-769x1024.jpg 769w, https:\/\/agora.xtec.cat\/ceip-lesroquesblaves\/wp-content\/uploads\/usu36\/2020\/05\/Luis-2-1-225x300.jpg 225w, https:\/\/agora.xtec.cat\/ceip-lesroquesblaves\/wp-content\/uploads\/usu36\/2020\/05\/Luis-2-1-768x1023.jpg 768w\" sizes=\"auto, (max-width: 344px) 100vw, 344px\" \/><\/a><\/p>\n<p><a href=\"https:\/\/agora.xtec.cat\/ceip-lesroquesblaves\/wp-content\/uploads\/usu36\/2020\/05\/IMG_20200522_121218.jpg\"><img loading=\"lazy\" decoding=\"async\" class=\"alignnone wp-image-21207\" src=\"https:\/\/agora.xtec.cat\/ceip-lesroquesblaves\/wp-content\/uploads\/usu36\/2020\/05\/IMG_20200522_121218-1024x768.jpg\" alt=\"\" width=\"488\" height=\"366\" srcset=\"https:\/\/agora.xtec.cat\/ceip-lesroquesblaves\/wp-content\/uploads\/usu36\/2020\/05\/IMG_20200522_121218-1024x768.jpg 1024w, https:\/\/agora.xtec.cat\/ceip-lesroquesblaves\/wp-content\/uploads\/usu36\/2020\/05\/IMG_20200522_121218-300x225.jpg 300w, https:\/\/agora.xtec.cat\/ceip-lesroquesblaves\/wp-content\/uploads\/usu36\/2020\/05\/IMG_20200522_121218-768x576.jpg 768w, https:\/\/agora.xtec.cat\/ceip-lesroquesblaves\/wp-content\/uploads\/usu36\/2020\/05\/IMG_20200522_121218-200x150.jpg 200w, https:\/\/agora.xtec.cat\/ceip-lesroquesblaves\/wp-content\/uploads\/usu36\/2020\/05\/IMG_20200522_121218.jpg 1131w\" sizes=\"auto, (max-width: 488px) 100vw, 488px\" \/><\/a>\u00a0 \u00a0\u00a0<img loading=\"lazy\" decoding=\"async\" class=\"alignnone wp-image-21208\" src=\"https:\/\/agora.xtec.cat\/ceip-lesroquesblaves\/wp-content\/uploads\/usu36\/2020\/05\/IMG_20200522_123030.jpg\" alt=\"\" width=\"271\" height=\"362\" srcset=\"https:\/\/agora.xtec.cat\/ceip-lesroquesblaves\/wp-content\/uploads\/usu36\/2020\/05\/IMG_20200522_123030.jpg 636w, https:\/\/agora.xtec.cat\/ceip-lesroquesblaves\/wp-content\/uploads\/usu36\/2020\/05\/IMG_20200522_123030-225x300.jpg 225w\" sizes=\"auto, (max-width: 271px) 100vw, 271px\" \/><\/p>\n<p>&nbsp;<\/p>\n<p><a href=\"https:\/\/agora.xtec.cat\/ceip-lesroquesblaves\/wp-content\/uploads\/usu36\/2020\/05\/NOA-1.jpg\"><img loading=\"lazy\" decoding=\"async\" class=\"alignnone wp-image-21211\" src=\"https:\/\/agora.xtec.cat\/ceip-lesroquesblaves\/wp-content\/uploads\/usu36\/2020\/05\/NOA-1-1024x703.jpg\" alt=\"\" width=\"644\" height=\"442\" srcset=\"https:\/\/agora.xtec.cat\/ceip-lesroquesblaves\/wp-content\/uploads\/usu36\/2020\/05\/NOA-1-1024x703.jpg 1024w, https:\/\/agora.xtec.cat\/ceip-lesroquesblaves\/wp-content\/uploads\/usu36\/2020\/05\/NOA-1-300x206.jpg 300w, https:\/\/agora.xtec.cat\/ceip-lesroquesblaves\/wp-content\/uploads\/usu36\/2020\/05\/NOA-1-768x527.jpg 768w, https:\/\/agora.xtec.cat\/ceip-lesroquesblaves\/wp-content\/uploads\/usu36\/2020\/05\/NOA-1.jpg 1127w\" sizes=\"auto, (max-width: 644px) 100vw, 644px\" \/><\/a><\/p>\n<p><a href=\"https:\/\/agora.xtec.cat\/ceip-lesroquesblaves\/wp-content\/uploads\/usu36\/2020\/05\/Bosseta-Laia.jpg\"><img loading=\"lazy\" decoding=\"async\" class=\"alignnone wp-image-21220\" src=\"https:\/\/agora.xtec.cat\/ceip-lesroquesblaves\/wp-content\/uploads\/usu36\/2020\/05\/Bosseta-Laia-768x1024.jpg\" alt=\"\" width=\"318\" height=\"424\" srcset=\"https:\/\/agora.xtec.cat\/ceip-lesroquesblaves\/wp-content\/uploads\/usu36\/2020\/05\/Bosseta-Laia-768x1024.jpg 768w, https:\/\/agora.xtec.cat\/ceip-lesroquesblaves\/wp-content\/uploads\/usu36\/2020\/05\/Bosseta-Laia-225x300.jpg 225w, https:\/\/agora.xtec.cat\/ceip-lesroquesblaves\/wp-content\/uploads\/usu36\/2020\/05\/Bosseta-Laia.jpg 1124w\" sizes=\"auto, (max-width: 318px) 100vw, 318px\" \/> \u00a0 <\/a><a href=\"https:\/\/agora.xtec.cat\/ceip-lesroquesblaves\/wp-content\/uploads\/usu36\/2020\/05\/Stefania.jpg\"><img loading=\"lazy\" decoding=\"async\" class=\"alignnone wp-image-21229\" src=\"https:\/\/agora.xtec.cat\/ceip-lesroquesblaves\/wp-content\/uploads\/usu36\/2020\/05\/Stefania.jpg\" alt=\"\" width=\"314\" height=\"418\" srcset=\"https:\/\/agora.xtec.cat\/ceip-lesroquesblaves\/wp-content\/uploads\/usu36\/2020\/05\/Stefania.jpg 583w, https:\/\/agora.xtec.cat\/ceip-lesroquesblaves\/wp-content\/uploads\/usu36\/2020\/05\/Stefania-225x300.jpg 225w\" sizes=\"auto, (max-width: 314px) 100vw, 314px\" \/><\/a><\/p>\n<p>&nbsp;<\/p>\n<p><strong>COM FER UN SAQUET AROMATITZAT PER LA ROBA<\/strong><\/p>\n<p><span style=\"font-weight: 400\">Quan obriu l\u2019armari notareu la frescor i la bona olor que fan les herbes arom\u00e0tiques.<\/span><br \/>\n<span style=\"font-weight: 400\">Podeu fer servir les herbes que tingueu m\u00e9s a l\u2019abast (s\u00e0lvia, roman\u00ed, tim\u00f3, farigola, mariallu\u00efsa o esp\u00edgol). Si teniu oportunitat d\u2019acostar-vos al camp o a la muntanya dins la vostra hora de passeig diari, segur que trobareu f\u00e0cilment farigola, esp\u00edgol o roman\u00ed. Podeu fer una barreja de v\u00e0ries o simplement un saquet amb una de sola.<\/span><\/p>\n<p><span style=\"font-weight: 400\">Aquests s\u00f3n els passos a seguir:<\/span><\/p>\n<ol>\n<li style=\"font-weight: 400\"><span style=\"font-weight: 400\">Retalleu un tros de roba transpirable (preferiblement cot\u00f3) d\u2019aproximadament 15 x 15 cm.<\/span><\/li>\n<li style=\"font-weight: 400\"><span style=\"font-weight: 400\">Col\u00b7loqueu, al centre de la roba, els ingredients naturals que heu triat.<\/span><\/li>\n<li style=\"font-weight: 400\"><span style=\"font-weight: 400\">Uniu les puntes de la roba, de tal manera que tanqueu les herbes arom\u00e0tiques dins d\u2019ella.<\/span><\/li>\n<li style=\"font-weight: 400\"><span style=\"font-weight: 400\">Tanqueu la bosseta amb una cinta, tot fent un lla\u00e7 ben maco.<\/span><\/li>\n<li style=\"font-weight: 400\"><span style=\"font-weight: 400\">Poseu la bosseta dins d\u2019un calaix, armari o capsa i gaudiu de la bona olor.<\/span><\/li>\n<\/ol>\n<p>&nbsp;<\/p>\n<p>&nbsp;<\/p>\n<p>&nbsp;<\/p>\n<p>&nbsp;<\/p>\n<p>&nbsp;<\/p>\n","protected":false},"excerpt":{"rendered":"<p>CAPITOL VII<br \/>\n&#8221; A la festa, tamb\u00e9 hi va arribar la sal, tota melindrosa, vestida de color blanc i de bracet del seu marit, el bitxo, que portava barret vermell&#8230;.Darrere d&#8217;ells hi havia el safra i la canyella, modestament vesits de paper d&#8217;estrassa i movent-se continuament, perqu\u00e8 a ning\u00fa passes inadvertida la seva flaire.&#8221;\u00a0 \u00a0 \u00a0 \u00a0 \u00a0 \u00a0 \u00a0 \u00a0 \u00a0 \u00a0 \u00a0 \u00a0 \u00a0 \u00a0 \u00a0 \u00a0 \u00a0 \u00a0 \u00a0 \u00a0 \u00a0 \u00a0 \u00a0 \u00a0 \u00a0 \u00a0P\u00e8bili, Irene de Puig&hellip;  <a href=\"https:\/\/agora.xtec.cat\/ceip-lesroquesblaves\/linia-pedagogica\/filosofia318\/les-olors\/\" title=\"Read LES OLORS\">Llegeix m\u00e9s\u00bb<\/a><\/p>\n","protected":false},"author":73,"featured_media":21172,"comment_status":"open","ping_status":"closed","sticky":false,"template":"","format":"standard","meta":{"footnotes":""},"categories":[191,265],"tags":[],"class_list":["post-21141","post","type-post","status-publish","format-standard","has-post-thumbnail","hentry","category-filosofia318","category-2015-24"],"post_mailing_queue_ids":[],"_links":{"self":[{"href":"https:\/\/agora.xtec.cat\/ceip-lesroquesblaves\/wp-json\/wp\/v2\/posts\/21141","targetHints":{"allow":["GET"]}}],"collection":[{"href":"https:\/\/agora.xtec.cat\/ceip-lesroquesblaves\/wp-json\/wp\/v2\/posts"}],"about":[{"href":"https:\/\/agora.xtec.cat\/ceip-lesroquesblaves\/wp-json\/wp\/v2\/types\/post"}],"author":[{"embeddable":true,"href":"https:\/\/agora.xtec.cat\/ceip-lesroquesblaves\/wp-json\/wp\/v2\/users\/73"}],"replies":[{"embeddable":true,"href":"https:\/\/agora.xtec.cat\/ceip-lesroquesblaves\/wp-json\/wp\/v2\/comments?post=21141"}],"version-history":[{"count":3,"href":"https:\/\/agora.xtec.cat\/ceip-lesroquesblaves\/wp-json\/wp\/v2\/posts\/21141\/revisions"}],"predecessor-version":[{"id":22434,"href":"https:\/\/agora.xtec.cat\/ceip-lesroquesblaves\/wp-json\/wp\/v2\/posts\/21141\/revisions\/22434"}],"wp:featuredmedia":[{"embeddable":true,"href":"https:\/\/agora.xtec.cat\/ceip-lesroquesblaves\/wp-json\/wp\/v2\/media\/21172"}],"wp:attachment":[{"href":"https:\/\/agora.xtec.cat\/ceip-lesroquesblaves\/wp-json\/wp\/v2\/media?parent=21141"}],"wp:term":[{"taxonomy":"category","embeddable":true,"href":"https:\/\/agora.xtec.cat\/ceip-lesroquesblaves\/wp-json\/wp\/v2\/categories?post=21141"},{"taxonomy":"post_tag","embeddable":true,"href":"https:\/\/agora.xtec.cat\/ceip-lesroquesblaves\/wp-json\/wp\/v2\/tags?post=21141"}],"curies":[{"name":"wp","href":"https:\/\/api.w.org\/{rel}","templated":true}]}}