{"id":20294,"date":"2020-05-11T09:05:16","date_gmt":"2020-05-11T07:05:16","guid":{"rendered":"https:\/\/agora.xtec.cat\/ceip-lesroquesblaves\/?p=20294"},"modified":"2020-05-11T09:05:16","modified_gmt":"2020-05-11T07:05:16","slug":"propostes-dactivitats-setmana-de-l11-al-17-de-maig","status":"publish","type":"post","link":"https:\/\/agora.xtec.cat\/ceip-lesroquesblaves\/2015-24\/propostes-dactivitats-setmana-de-l11-al-17-de-maig\/","title":{"rendered":"PROPOSTES D&#8217;ACTIVITATS SETMANA DE L&#8217;11 AL 17 DE MAIG"},"content":{"rendered":"<p>&nbsp;<\/p>\n<p><b>PROPOSTES D\u2019ACTIVITATS:<\/b><b> SETMANA DE l&#8217;11 al\u00a0 17 DE MAIG\u00a0<\/b><\/p>\n<p>&nbsp;<\/p>\n<ol>\n<li style=\"font-weight: 400\"><span style=\"font-weight: 400\">Aqu\u00ed teniu uns quadres de numeraci\u00f3 que heu d\u2019omplir. Un s\u2019ha d\u2019omplir tot i els altres nom\u00e9s les caselles buides. Vigileu que en l\u2019\u00faltim full hi ha nom\u00e9s trossos d\u2019un quadre num\u00e8ric! <\/span><\/li>\n<\/ol>\n<p>Recordeu fer el tra\u00e7 dels n\u00fameros b\u00e9 i totes les xifres igual d\u2019altes!<\/p>\n<p><a href=\"https:\/\/drive.google.com\/file\/d\/1eaE3zPOQRV7B0QUWOsb3Fmxk1HyR3lin\/view?usp=sharing\" target=\"_blank\" rel=\"noopener noreferrer\"><img loading=\"lazy\" decoding=\"async\" class=\"alignnone wp-image-20299\" src=\"https:\/\/agora.xtec.cat\/ceip-lesroquesblaves\/wp-content\/uploads\/usu36\/2020\/05\/Puzzles-num\u00e8ric-1024x479.jpg\" alt=\"\" width=\"879\" height=\"411\" srcset=\"https:\/\/agora.xtec.cat\/ceip-lesroquesblaves\/wp-content\/uploads\/usu36\/2020\/05\/Puzzles-num\u00e8ric-1024x479.jpg 1024w, https:\/\/agora.xtec.cat\/ceip-lesroquesblaves\/wp-content\/uploads\/usu36\/2020\/05\/Puzzles-num\u00e8ric-300x140.jpg 300w, https:\/\/agora.xtec.cat\/ceip-lesroquesblaves\/wp-content\/uploads\/usu36\/2020\/05\/Puzzles-num\u00e8ric-768x359.jpg 768w, https:\/\/agora.xtec.cat\/ceip-lesroquesblaves\/wp-content\/uploads\/usu36\/2020\/05\/Puzzles-num\u00e8ric.jpg 1692w\" sizes=\"auto, (max-width: 879px) 100vw, 879px\" \/><\/a><\/p>\n<p>&nbsp;<\/p>\n<p><span style=\"font-weight: 400\">Activitat online de numeraci\u00f3. Per si voleu practicar i jugar una estona!<\/span><\/p>\n<p><a href=\"http:\/\/www.educa.jcyl.es\/educacyl\/cm\/zonaalumnos\/tkPopUp?pgseed=1266686051457&amp;idContent=20738&amp;locale=en_UK&amp;textOnly=false\" target=\"_blank\" rel=\"noopener noreferrer\"><img loading=\"lazy\" decoding=\"async\" class=\"alignnone wp-image-20310\" src=\"https:\/\/agora.xtec.cat\/ceip-lesroquesblaves\/wp-content\/uploads\/usu36\/2020\/05\/Numeraci\u00f3.jpg\" alt=\"\" width=\"300\" height=\"226\" srcset=\"https:\/\/agora.xtec.cat\/ceip-lesroquesblaves\/wp-content\/uploads\/usu36\/2020\/05\/Numeraci\u00f3.jpg 804w, https:\/\/agora.xtec.cat\/ceip-lesroquesblaves\/wp-content\/uploads\/usu36\/2020\/05\/Numeraci\u00f3-300x226.jpg 300w, https:\/\/agora.xtec.cat\/ceip-lesroquesblaves\/wp-content\/uploads\/usu36\/2020\/05\/Numeraci\u00f3-768x579.jpg 768w, https:\/\/agora.xtec.cat\/ceip-lesroquesblaves\/wp-content\/uploads\/usu36\/2020\/05\/Numeraci\u00f3-200x150.jpg 200w\" sizes=\"auto, (max-width: 300px) 100vw, 300px\" \/><\/a><\/p>\n<p>&nbsp;<\/p>\n<p><span style=\"font-weight: 400\">2. C\u00e0lcul: Teniu dues activitats de sumes. Una d&#8217;elles t\u00e9 sumes a les que els falten xifres. A veure si les deduiu!<\/span><\/p>\n<p><a href=\"https:\/\/drive.google.com\/file\/d\/1iXXDe98Z04hatMW0vKDLdyvhHML1sTZW\/view?usp=sharing\" target=\"_blank\" rel=\"noopener noreferrer\"><img loading=\"lazy\" decoding=\"async\" class=\"alignnone wp-image-20376\" src=\"https:\/\/agora.xtec.cat\/ceip-lesroquesblaves\/wp-content\/uploads\/usu36\/2020\/05\/Sumes.jpg\" alt=\"\" width=\"293\" height=\"411\" srcset=\"https:\/\/agora.xtec.cat\/ceip-lesroquesblaves\/wp-content\/uploads\/usu36\/2020\/05\/Sumes.jpg 382w, https:\/\/agora.xtec.cat\/ceip-lesroquesblaves\/wp-content\/uploads\/usu36\/2020\/05\/Sumes-213x300.jpg 213w\" sizes=\"auto, (max-width: 293px) 100vw, 293px\" \/>\u00a0\u00a0\u00a0\u00a0\u00a0\u00a0\u00a0\u00a0 <\/a><a href=\"https:\/\/drive.google.com\/file\/d\/1XVhTKOJjoAqYyLYi0cX-Py29HOAxs6ui\/view?usp=sharing\" target=\"_blank\" rel=\"noopener noreferrer\"><img loading=\"lazy\" decoding=\"async\" class=\"alignnone wp-image-20375\" src=\"https:\/\/agora.xtec.cat\/ceip-lesroquesblaves\/wp-content\/uploads\/usu36\/2020\/05\/Sumes-amb-incognita.jpg\" alt=\"\" width=\"293\" height=\"415\" srcset=\"https:\/\/agora.xtec.cat\/ceip-lesroquesblaves\/wp-content\/uploads\/usu36\/2020\/05\/Sumes-amb-incognita.jpg 382w, https:\/\/agora.xtec.cat\/ceip-lesroquesblaves\/wp-content\/uploads\/usu36\/2020\/05\/Sumes-amb-incognita-212x300.jpg 212w\" sizes=\"auto, (max-width: 293px) 100vw, 293px\" \/><\/a><\/p>\n<p>&nbsp;<\/p>\n<p><span style=\"font-weight: 400\">3. Activitats de comprensi\u00f3 lectora:<\/span><\/p>\n<p><a href=\"https:\/\/agora.xtec.cat\/ceip-lesroquesblaves\/wp-content\/uploads\/usu36\/2020\/05\/ACL-1-4.jpg\"> \u00a0 \u00a0 \u00a0 \u00a0 \u00a0 \u00a0<\/a><a href=\"https:\/\/drive.google.com\/file\/d\/14dMa8FlNvBjSpXH2vUY1hDkD2lMSto5n\/view?usp=sharing\" target=\"_blank\" rel=\"noopener noreferrer\"><img loading=\"lazy\" decoding=\"async\" class=\"alignnone wp-image-20296\" src=\"https:\/\/agora.xtec.cat\/ceip-lesroquesblaves\/wp-content\/uploads\/usu36\/2020\/05\/ACL-1-4.jpg\" alt=\"\" width=\"319\" height=\"454\" srcset=\"https:\/\/agora.xtec.cat\/ceip-lesroquesblaves\/wp-content\/uploads\/usu36\/2020\/05\/ACL-1-4.jpg 554w, https:\/\/agora.xtec.cat\/ceip-lesroquesblaves\/wp-content\/uploads\/usu36\/2020\/05\/ACL-1-4-211x300.jpg 211w\" sizes=\"auto, (max-width: 319px) 100vw, 319px\" \/><\/a> <a href=\"https:\/\/agora.xtec.cat\/ceip-lesroquesblaves\/wp-content\/uploads\/usu36\/2020\/05\/ACL-21-24.jpg\">\u00a0 \u00a0 \u00a0 \u00a0 \u00a0 \u00a0 \u00a0 <\/a><a href=\"https:\/\/drive.google.com\/file\/d\/10fVjBj5MK2NgaDbK2P9tz-v7Gvt4_z0c\/view?usp=sharing\" target=\"_blank\" rel=\"noopener noreferrer\"><img loading=\"lazy\" decoding=\"async\" class=\"alignnone wp-image-20297\" src=\"https:\/\/agora.xtec.cat\/ceip-lesroquesblaves\/wp-content\/uploads\/usu36\/2020\/05\/ACL-21-24.jpg\" alt=\"\" width=\"317\" height=\"451\" srcset=\"https:\/\/agora.xtec.cat\/ceip-lesroquesblaves\/wp-content\/uploads\/usu36\/2020\/05\/ACL-21-24.jpg 551w, https:\/\/agora.xtec.cat\/ceip-lesroquesblaves\/wp-content\/uploads\/usu36\/2020\/05\/ACL-21-24-211x300.jpg 211w\" sizes=\"auto, (max-width: 317px) 100vw, 317px\" \/><\/a><\/p>\n<p>&nbsp;<\/p>\n<p><span style=\"font-weight: 400\">4. Angl\u00e8s: <span style=\"text-decoration: underline\">Parts of de house<\/span>.\u00a0<\/span><\/p>\n<p><a href=\"https:\/\/drive.google.com\/file\/d\/1FQpvKpr8AiBTErzmBgvNPuzKaSFEajsR\/view?usp=sharing\" target=\"_blank\" rel=\"noopener noreferrer\"><img loading=\"lazy\" decoding=\"async\" class=\"alignnone wp-image-20309\" src=\"https:\/\/agora.xtec.cat\/ceip-lesroquesblaves\/wp-content\/uploads\/usu36\/2020\/05\/Parts-of-the-house-1024x716.jpg\" alt=\"\" width=\"495\" height=\"346\" srcset=\"https:\/\/agora.xtec.cat\/ceip-lesroquesblaves\/wp-content\/uploads\/usu36\/2020\/05\/Parts-of-the-house-1024x716.jpg 1024w, https:\/\/agora.xtec.cat\/ceip-lesroquesblaves\/wp-content\/uploads\/usu36\/2020\/05\/Parts-of-the-house-300x210.jpg 300w, https:\/\/agora.xtec.cat\/ceip-lesroquesblaves\/wp-content\/uploads\/usu36\/2020\/05\/Parts-of-the-house-768x537.jpg 768w, https:\/\/agora.xtec.cat\/ceip-lesroquesblaves\/wp-content\/uploads\/usu36\/2020\/05\/Parts-of-the-house.jpg 1132w\" sizes=\"auto, (max-width: 495px) 100vw, 495px\" \/><\/a><\/p>\n<p>&nbsp;<\/p>\n<p><span style=\"text-decoration: underline\"><b>REPTE DE LA SETMANA<\/b><\/span><\/p>\n<p><b>CONTEMPLACI\u00d3 I AN\u00c0LISI DEL\u00a0 FRAGMENT D\u2019UN QUADRE<\/b><\/p>\n<p>&nbsp;<\/p>\n<p><span style=\"font-weight: 400\">Aquesta setmana et proposem un repte ben diferent. Has d\u2019observar atentament i deixar volar la teva imaginaci\u00f3. Som- hi doncs!<\/span><\/p>\n<p><span style=\"font-weight: 400\">Aqu\u00ed tens una fragment d\u2019un quadre. \u00c9s nom\u00e9s una part d\u2019una obra d\u2019art. Observa-la amb atenci\u00f3.<\/span><\/p>\n<p><a href=\"https:\/\/drive.google.com\/file\/d\/1XyjG48UlBCH5XZnqf5mkVvSACTq43yE8\/view?usp=sharing\">https:\/\/drive.google.com\/file\/d\/1XyjG48UlBCH5XZnqf5mkVvSACTq43yE8\/view?usp=sharing<\/a><\/p>\n<p>&nbsp;<\/p>\n<p><a href=\"https:\/\/agora.xtec.cat\/ceip-lesroquesblaves\/wp-content\/uploads\/usu36\/2020\/05\/Fragmento-obra-p.png\"><img loading=\"lazy\" decoding=\"async\" class=\" wp-image-20298 aligncenter\" src=\"https:\/\/agora.xtec.cat\/ceip-lesroquesblaves\/wp-content\/uploads\/usu36\/2020\/05\/Fragmento-obra-p.png\" alt=\"\" width=\"274\" height=\"358\" \/><\/a><\/p>\n<p>&nbsp;<\/p>\n<p><span style=\"font-weight: 400\">Ara, en un full, has de fer un an\u00e0lisi del que has observat d\u2019aquesta part de quadre. Per tal d\u2019ajudar-te pots seguir la seg\u00fcent pauta:<\/span><\/p>\n<ul>\n<li style=\"font-weight: 400\"><span style=\"font-weight: 400\">\u00a0Qu\u00e8 hi veus?<\/span><\/li>\n<li style=\"font-weight: 400\"><span style=\"font-weight: 400\">\u00a0Qu\u00e8 et suggereix?<\/span><\/li>\n<li style=\"font-weight: 400\"><span style=\"font-weight: 400\">\u00a0Com et sents quan el mires?<\/span><\/li>\n<li style=\"font-weight: 400\"><span style=\"font-weight: 400\">\u00a0Has vist altres imatges semblants?<\/span><\/li>\n<li style=\"font-weight: 400\"><span style=\"font-weight: 400\">\u00a0Creus que els teus companys\/es ho poden veure completament diferent?<\/span><\/li>\n<\/ul>\n<p><span style=\"font-weight: 400\">Quan acabis, fes un dibuix de com t\u2019imagines que ser\u00e0 el quadre en la seva totalitat i posa-li un t\u00edtol.<\/span><\/p>\n<p><span style=\"font-weight: 400\">Per aquest repte ens haureu de fer arribar una fotografia del full on heu analitzat aquest fragment de quadre i una altra fotografia amb el dibuix de com us imagineu l\u2019obra sencera.<\/span><\/p>\n<p>&nbsp;<\/p>\n","protected":false},"excerpt":{"rendered":"<p>Aquesta setmana una mica de tot: quadres de n\u00fameros, c\u00e0lcul, lectures amb preguntes, parts of de house i contemplaci\u00f3 d&#8217;un quadre.&hellip;  <a href=\"https:\/\/agora.xtec.cat\/ceip-lesroquesblaves\/2015-24\/propostes-dactivitats-setmana-de-l11-al-17-de-maig\/\" title=\"Read PROPOSTES D&#8217;ACTIVITATS SETMANA DE L&#8217;11 AL 17 DE MAIG\">Llegeix m\u00e9s\u00bb<\/a><\/p>\n","protected":false},"author":73,"featured_media":20571,"comment_status":"open","ping_status":"closed","sticky":false,"template":"","format":"standard","meta":{"footnotes":""},"categories":[265],"tags":[371],"class_list":["post-20294","post","type-post","status-publish","format-standard","has-post-thumbnail","hentry","category-2015-24","tag-joemquedoacasa"],"post_mailing_queue_ids":[],"_links":{"self":[{"href":"https:\/\/agora.xtec.cat\/ceip-lesroquesblaves\/wp-json\/wp\/v2\/posts\/20294","targetHints":{"allow":["GET"]}}],"collection":[{"href":"https:\/\/agora.xtec.cat\/ceip-lesroquesblaves\/wp-json\/wp\/v2\/posts"}],"about":[{"href":"https:\/\/agora.xtec.cat\/ceip-lesroquesblaves\/wp-json\/wp\/v2\/types\/post"}],"author":[{"embeddable":true,"href":"https:\/\/agora.xtec.cat\/ceip-lesroquesblaves\/wp-json\/wp\/v2\/users\/73"}],"replies":[{"embeddable":true,"href":"https:\/\/agora.xtec.cat\/ceip-lesroquesblaves\/wp-json\/wp\/v2\/comments?post=20294"}],"version-history":[{"count":3,"href":"https:\/\/agora.xtec.cat\/ceip-lesroquesblaves\/wp-json\/wp\/v2\/posts\/20294\/revisions"}],"predecessor-version":[{"id":20572,"href":"https:\/\/agora.xtec.cat\/ceip-lesroquesblaves\/wp-json\/wp\/v2\/posts\/20294\/revisions\/20572"}],"wp:featuredmedia":[{"embeddable":true,"href":"https:\/\/agora.xtec.cat\/ceip-lesroquesblaves\/wp-json\/wp\/v2\/media\/20571"}],"wp:attachment":[{"href":"https:\/\/agora.xtec.cat\/ceip-lesroquesblaves\/wp-json\/wp\/v2\/media?parent=20294"}],"wp:term":[{"taxonomy":"category","embeddable":true,"href":"https:\/\/agora.xtec.cat\/ceip-lesroquesblaves\/wp-json\/wp\/v2\/categories?post=20294"},{"taxonomy":"post_tag","embeddable":true,"href":"https:\/\/agora.xtec.cat\/ceip-lesroquesblaves\/wp-json\/wp\/v2\/tags?post=20294"}],"curies":[{"name":"wp","href":"https:\/\/api.w.org\/{rel}","templated":true}]}}