{"id":19878,"date":"2020-05-04T09:46:03","date_gmt":"2020-05-04T07:46:03","guid":{"rendered":"https:\/\/agora.xtec.cat\/ceip-lesroquesblaves\/?p=19878"},"modified":"2020-05-04T09:46:03","modified_gmt":"2020-05-04T07:46:03","slug":"propostes-dactivitats-setmana-del-4-al-10-de-maig-2n-ci","status":"publish","type":"post","link":"https:\/\/agora.xtec.cat\/ceip-lesroquesblaves\/2015-24\/propostes-dactivitats-setmana-del-4-al-10-de-maig-2n-ci\/","title":{"rendered":"PROPOSTES D&#8217;ACTIVITATS SETMANA DEL 4 AL 10 DE MAIG   2n CI"},"content":{"rendered":"<p>&nbsp;<\/p>\n<p>&nbsp;<\/p>\n<p><b><span style=\"font-weight: 400\"><strong>1. <\/strong>L\u2019UDI de LES BOTIGUES l\u2019heu anat desenvolupant aquests dies de confinament. Cadasc\u00fa de vosaltres ha fet el seu projecte de botiga i ha anat organitzant-se\u00a0 per fer les propostes que cada setmana us hem plantejat.<\/span><\/b><\/p>\n<p><span style=\"font-weight: 400\">Ara us passem el <strong>Pla de treball<\/strong> perqu\u00e8 marqueu el que heu anat fent aquests dies i poseu la data d\u2019acabament. (Si no teniu impressora, copieu-ho en un full).<\/span><\/p>\n<p><span style=\"font-weight: 400\">Les dues primeres coses que apareixen a la llista les vam fer a l\u2019escola, per\u00f2 alguns de vosaltres no v\u00e0reu venir, per tant no les marqueu com a fetes.<\/span><\/p>\n<p><a href=\"https:\/\/drive.google.com\/file\/d\/1cMrK9lFvTZG1CsH7INpmaGONCsXevvDb\/view?usp=sharing\" target=\"_blank\" rel=\"noopener noreferrer\"><img loading=\"lazy\" decoding=\"async\" class=\"alignnone wp-image-19881\" src=\"https:\/\/agora.xtec.cat\/ceip-lesroquesblaves\/wp-content\/uploads\/usu36\/2020\/04\/Pla-treball-botigues-foto.jpg\" alt=\"\" width=\"307\" height=\"436\" srcset=\"https:\/\/agora.xtec.cat\/ceip-lesroquesblaves\/wp-content\/uploads\/usu36\/2020\/04\/Pla-treball-botigues-foto.jpg 560w, https:\/\/agora.xtec.cat\/ceip-lesroquesblaves\/wp-content\/uploads\/usu36\/2020\/04\/Pla-treball-botigues-foto-211x300.jpg 211w\" sizes=\"auto, (max-width: 307px) 100vw, 307px\" \/><\/a><\/p>\n<p><span style=\"font-weight: 400\">Tamb\u00e9 el <strong>full d\u2019Autoavaluaci\u00f3 final<\/strong>, perqu\u00e8 feu la valoraci\u00f3 de tot el projecte.<\/span><\/p>\n<p><a href=\"https:\/\/drive.google.com\/file\/d\/1aLGqtyzk9_13IYc_iIbNO9bJ0rqG8EjW\/view?usp=sharing\" target=\"_blank\" rel=\"noopener noreferrer\"><img loading=\"lazy\" decoding=\"async\" class=\"alignnone wp-image-19880\" src=\"https:\/\/agora.xtec.cat\/ceip-lesroquesblaves\/wp-content\/uploads\/usu36\/2020\/04\/Autoava.-Les-botigues-foto.jpg\" alt=\"\" width=\"310\" height=\"439\" srcset=\"https:\/\/agora.xtec.cat\/ceip-lesroquesblaves\/wp-content\/uploads\/usu36\/2020\/04\/Autoava.-Les-botigues-foto.jpg 668w, https:\/\/agora.xtec.cat\/ceip-lesroquesblaves\/wp-content\/uploads\/usu36\/2020\/04\/Autoava.-Les-botigues-foto-212x300.jpg 212w\" sizes=\"auto, (max-width: 310px) 100vw, 310px\" \/><\/a><\/p>\n<p><span style=\"font-weight: 400\">\u00a0 * <\/span><span style=\"font-weight: 400\">Ens haureu d\u2019<strong>enviar una foto dels dos fulls junts<\/strong>, un al costat de l\u2019altre.<\/span><\/p>\n<p>&nbsp;<\/p>\n<p>&nbsp;<\/p>\n<p><b><span style=\"font-weight: 400\"><strong>2<\/strong>. Aqu\u00ed teniu una petita hist\u00f2ria de la bbc kids per escoltar, veure i gaudir.<\/span><\/b><\/p>\n<p><a href=\"https:\/\/www.bbc.co.uk\/learningenglish\/english\/features\/childrens-stories\/joegoesfishing\" target=\"_blank\" rel=\"noopener noreferrer\"><img loading=\"lazy\" decoding=\"async\" class=\"alignnone wp-image-19882\" src=\"https:\/\/agora.xtec.cat\/ceip-lesroquesblaves\/wp-content\/uploads\/usu36\/2020\/04\/Joe-Goes-Fishing.jpg\" alt=\"\" width=\"364\" height=\"205\" srcset=\"https:\/\/agora.xtec.cat\/ceip-lesroquesblaves\/wp-content\/uploads\/usu36\/2020\/04\/Joe-Goes-Fishing.jpg 847w, https:\/\/agora.xtec.cat\/ceip-lesroquesblaves\/wp-content\/uploads\/usu36\/2020\/04\/Joe-Goes-Fishing-300x169.jpg 300w, https:\/\/agora.xtec.cat\/ceip-lesroquesblaves\/wp-content\/uploads\/usu36\/2020\/04\/Joe-Goes-Fishing-768x433.jpg 768w\" sizes=\"auto, (max-width: 364px) 100vw, 364px\" \/><\/a><\/p>\n<p><span style=\"font-weight: 400\">\u00a0\u00a0Activitats de la hist\u00f2ria:\u00a0\u00a0<\/span><\/p>\n<p><a href=\"https:\/\/drive.google.com\/file\/d\/1bGJ6Qjd6uE4UxneCuWaGQtHP1AyXiLDW\/view?usp=sharing\" target=\"_blank\" rel=\"noopener noreferrer\"><img loading=\"lazy\" decoding=\"async\" class=\"alignnone wp-image-19883 size-large\" src=\"https:\/\/agora.xtec.cat\/ceip-lesroquesblaves\/wp-content\/uploads\/usu36\/2020\/04\/aaaaaa-1024x414.jpg\" alt=\"\" width=\"1024\" height=\"414\" srcset=\"https:\/\/agora.xtec.cat\/ceip-lesroquesblaves\/wp-content\/uploads\/usu36\/2020\/04\/aaaaaa-1024x414.jpg 1024w, https:\/\/agora.xtec.cat\/ceip-lesroquesblaves\/wp-content\/uploads\/usu36\/2020\/04\/aaaaaa-300x121.jpg 300w, https:\/\/agora.xtec.cat\/ceip-lesroquesblaves\/wp-content\/uploads\/usu36\/2020\/04\/aaaaaa-768x311.jpg 768w, https:\/\/agora.xtec.cat\/ceip-lesroquesblaves\/wp-content\/uploads\/usu36\/2020\/04\/aaaaaa.jpg 1453w\" sizes=\"auto, (max-width: 1024px) 100vw, 1024px\" \/><\/a><\/p>\n<p>&nbsp;<\/p>\n<p>&nbsp;<\/p>\n<p><span style=\"font-weight: 400\"><strong>3<\/strong>. El Pere us passa l\u2019enlla\u00e7 al v\u00eddeo de l\u2019obra \u201cLa petita flauta m\u00e0gica\u201d, una adaptaci\u00f3 de l\u2019\u00f2pera \u201cLa flauta m\u00e0gica\u201d de Wolfgang Amadeus Mozart.<\/span><\/p>\n<p style=\"text-align: center\"><a href=\"https:\/\/agora.xtec.cat\/ceip-lesroquesblaves\/wp-content\/uploads\/usu36\/2020\/04\/F.jpg\"><img loading=\"lazy\" decoding=\"async\" class=\"alignnone wp-image-19879\" src=\"https:\/\/agora.xtec.cat\/ceip-lesroquesblaves\/wp-content\/uploads\/usu36\/2020\/04\/F.jpg\" alt=\"\" width=\"299\" height=\"188\" srcset=\"https:\/\/agora.xtec.cat\/ceip-lesroquesblaves\/wp-content\/uploads\/usu36\/2020\/04\/F.jpg 468w, https:\/\/agora.xtec.cat\/ceip-lesroquesblaves\/wp-content\/uploads\/usu36\/2020\/04\/F-300x189.jpg 300w\" sizes=\"auto, (max-width: 299px) 100vw, 299px\" \/><\/a><\/p>\n<p><span style=\"font-weight: 400\">&#8211; La petita flauta m\u00e0gica &#8211;<\/span><a href=\"https:\/\/www.youtube.com\/watch?v=x-c0pcZ_39M\"> <span style=\"font-weight: 400\">https:\/\/www.youtube.com\/watch?v=x-c0pcZ_39M<\/span><\/a><\/p>\n<p><span style=\"font-weight: 400\">La podeu veure en fam\u00edlia i comentar qu\u00e8 us sembla la hist\u00f2ria, que no \u00e9s f\u00e0cil d\u2019entendre!!!<\/span><\/p>\n<p><span style=\"font-weight: 400\">Qu\u00e8 en penseu, de les veus?\u00a0<\/span><br \/>\n<span style=\"font-weight: 400\">Us agrada com canten?\u00a0<\/span><br \/>\n<span style=\"font-weight: 400\">Enteneu la lletra de les can\u00e7ons?<\/span><\/p>\n<p><span style=\"font-weight: 400\">Les noies que canten s\u00f3n \u201csopranos\u201d, s\u00f3n les veus m\u00e9s agudes de l\u2019\u00f2pera. En Papageno i el pr\u00edncep Tamino s\u00f3n \u201ctenors\u201d, i el sacerdot Sarastro t\u00e9 la veu m\u00e9s greu de totes, la del \u201cbaix\u201d.\u00a0\u00a0\u00a0\u00a0<\/span><\/p>\n<p>&nbsp;<\/p>\n<p><b>4<\/b><span style=\"font-weight: 400\">. Problema escrit.<\/span><\/p>\n<p><span style=\"font-weight: 400\">Us deixem un problema escrit per a que el resoleu tal i com f\u00e8iem a classe. Recordeu que en l\u2019apartat de la resoluci\u00f3 del problema podeu fer un dibuix, una operaci\u00f3, un esquema\u2026. el que us sigui m\u00e9s f\u00e0cil per expressar com resoleu el problema.<\/span><\/p>\n<p><span style=\"font-weight: 400\">Tingueu present tamb\u00e9, que no responem a la pregunta del problema amb un n\u00famero i una paraula com fem amb els problemes del Quinzet; heu d\u2019escriure la resposta amb una frase ben completa i estructurada (exemple:\u00a0 De quin color s\u00f3n els teus pantalons nous? Els meus pantalons nous s\u00f3n de color \u2026).<\/span><\/p>\n<p><a href=\"https:\/\/drive.google.com\/file\/d\/1Mc5I6Vp_uufclDJgEdOM5ulTCodp6CkH\/view?usp=sharing\" target=\"_blank\" rel=\"noopener noreferrer\"><img loading=\"lazy\" decoding=\"async\" class=\"alignnone wp-image-19885 size-full\" src=\"https:\/\/agora.xtec.cat\/ceip-lesroquesblaves\/wp-content\/uploads\/usu36\/2020\/04\/pro.jpg\" alt=\"\" width=\"253\" height=\"321\" srcset=\"https:\/\/agora.xtec.cat\/ceip-lesroquesblaves\/wp-content\/uploads\/usu36\/2020\/04\/pro.jpg 253w, https:\/\/agora.xtec.cat\/ceip-lesroquesblaves\/wp-content\/uploads\/usu36\/2020\/04\/pro-236x300.jpg 236w\" sizes=\"auto, (max-width: 253px) 100vw, 253px\" \/><\/a><\/p>\n<p>&nbsp;<\/p>\n<p><b>5. REPTE DE LA SETMANA<\/b><\/p>\n<p><span style=\"font-weight: 400\">\u00a0<\/span><span style=\"font-weight: 400\">Aquesta setmana la N\u00faria us proposa un repte d\u2019Educaci\u00f3 F\u00edsica.<\/span><\/p>\n<p><span style=\"font-weight: 400\">Hola esportista!<\/span><br \/>\n<span style=\"font-weight: 400\">El repte consisteix en pensar, construir, fer i dibuixar un circuit d\u2019obstacles a casa!\u00a0\u00a0<\/span><span style=\"font-weight: 400\">Pots fer servir el material que vulguis (cadires, coixins, taules, llit, roba, cal\u00e7at, llibres\u2026), qualsevol cosa et pot fer bon servei.<\/span><\/p>\n<p><b>ABANS DE COMEN\u00c7AR PENSA EN<\/b><br \/>\n<b>\u00a0\u00a0<a href=\"https:\/\/agora.xtec.cat\/ceip-lesroquesblaves\/wp-content\/uploads\/usu36\/2020\/04\/EF5.jpg\"><img loading=\"lazy\" decoding=\"async\" class=\"alignnone wp-image-19893\" src=\"https:\/\/agora.xtec.cat\/ceip-lesroquesblaves\/wp-content\/uploads\/usu36\/2020\/04\/EF5.jpg\" alt=\"\" width=\"67\" height=\"61\" \/><\/a><\/b><\/p>\n<ol>\n<li style=\"font-weight: 400\"><span style=\"font-weight: 400\">QUIN ESPAI VOLS FER SERVIR I LA LLARGADA QUE TINDR\u00c0 EL CIRCUIT.<\/span><\/li>\n<li style=\"font-weight: 400\"><span style=\"font-weight: 400\">QUINS MATERIALS FAR\u00c0S\u00a0 SERVIR I COM EL VOLDR\u00c0S COL\u00b7LOCAR.\u00a0<\/span><\/li>\n<\/ol>\n<p><b>DISTRIBUCI\u00d3 DELS OBSTACLES<\/b><br \/>\n<b><a href=\"https:\/\/agora.xtec.cat\/ceip-lesroquesblaves\/wp-content\/uploads\/usu36\/2020\/04\/EF4.jpg\"><img loading=\"lazy\" decoding=\"async\" class=\"alignnone size-large wp-image-19892\" src=\"https:\/\/agora.xtec.cat\/ceip-lesroquesblaves\/wp-content\/uploads\/usu36\/2020\/04\/EF4.jpg\" alt=\"\" width=\"362\" height=\"123\" srcset=\"https:\/\/agora.xtec.cat\/ceip-lesroquesblaves\/wp-content\/uploads\/usu36\/2020\/04\/EF4.jpg 362w, https:\/\/agora.xtec.cat\/ceip-lesroquesblaves\/wp-content\/uploads\/usu36\/2020\/04\/EF4-300x102.jpg 300w\" sizes=\"auto, (max-width: 362px) 100vw, 362px\" \/><\/a><\/b><\/p>\n<ol>\n<li style=\"font-weight: 400\"><span style=\"font-weight: 400\">VES COL\u00b7LOCANT ELS OBSTACLES PER LES ZONES QUE VULGUIS DE CASA TEVA.<\/span><\/li>\n<li style=\"font-weight: 400\"><span style=\"font-weight: 400\">POTS FER PROVES PER VEURE QUE EL QUE EST\u00c0S MUNTANT \u00c9S SEGUR I T\u2019ANIR\u00c0 B\u00c9 DE FER.<\/span><\/li>\n<li style=\"font-weight: 400\"><span style=\"font-weight: 400\">VIGILA QUE NO HI HAGI CAP ZONA PERILLOSA.<\/span><\/li>\n<\/ol>\n<p>&nbsp;<\/p>\n<p><b>MOVIMENT<\/b><br \/>\n<b>\u00a0\u00a0<a href=\"https:\/\/agora.xtec.cat\/ceip-lesroquesblaves\/wp-content\/uploads\/usu36\/2020\/04\/EF3.jpg\"><img loading=\"lazy\" decoding=\"async\" class=\"alignnone wp-image-19891\" src=\"https:\/\/agora.xtec.cat\/ceip-lesroquesblaves\/wp-content\/uploads\/usu36\/2020\/04\/EF3.jpg\" alt=\"\" width=\"148\" height=\"87\" \/><\/a><\/b><\/p>\n<ol>\n<li style=\"font-weight: 400\"><span style=\"font-weight: 400\">PASSA PEL TEU CIRCUIT INTENTANT ESQUIVAR CADA OBSTACLE DE LA MANERA QUE ET VAGI MILLOR.<\/span><\/li>\n<li style=\"font-weight: 400\"><span style=\"font-weight: 400\">POTS FER-HO EN FAM\u00cdLIA.<\/span><\/li>\n<\/ol>\n<p>&nbsp;<\/p>\n<p><b>DIBUIX<\/b><br \/>\n<span style=\"font-weight: 400\">ARA VE LA PART M\u00c9S DIF\u00cdCIL. AGAFA UN FULL I FES EL DIBUIX DEL TEU CIRCUIT ESCRIVINT AL COSTAT DE CADA\u00a0 OBSTACLE O GRUP D\u2019OBSTACLES QUINA HABILITAT HAS FET SERVIR PER SORTEJAR-LO (SI HAS SALTAT, SI T\u2019HAS ARROSSEGAT, SI HAS FET ALGUN GIR, SI HAS CORREGUT, SI HAS ANAT DE QUATRE GRAPES&#8230; )<\/span><\/p>\n<p style=\"text-align: center\"><a href=\"https:\/\/agora.xtec.cat\/ceip-lesroquesblaves\/wp-content\/uploads\/usu36\/2020\/04\/ef-1.jpg\"><img loading=\"lazy\" decoding=\"async\" class=\"alignnone size-full wp-image-19889\" src=\"https:\/\/agora.xtec.cat\/ceip-lesroquesblaves\/wp-content\/uploads\/usu36\/2020\/04\/ef-1.jpg\" alt=\"\" width=\"367\" height=\"220\" srcset=\"https:\/\/agora.xtec.cat\/ceip-lesroquesblaves\/wp-content\/uploads\/usu36\/2020\/04\/ef-1.jpg 367w, https:\/\/agora.xtec.cat\/ceip-lesroquesblaves\/wp-content\/uploads\/usu36\/2020\/04\/ef-1-300x180.jpg 300w\" sizes=\"auto, (max-width: 367px) 100vw, 367px\" \/><\/a><\/p>\n<p><b>FOTOGRAFIA DEL DIBUIX\u00a0\u00a0\u00a0\u00a0\u00a0\u00a0\u00a0\u00a0<a href=\"https:\/\/agora.xtec.cat\/ceip-lesroquesblaves\/wp-content\/uploads\/usu36\/2020\/04\/EF2.jpg\"><img loading=\"lazy\" decoding=\"async\" class=\"alignnone wp-image-19890\" src=\"https:\/\/agora.xtec.cat\/ceip-lesroquesblaves\/wp-content\/uploads\/usu36\/2020\/04\/EF2.jpg\" alt=\"\" width=\"60\" height=\"53\" \/><\/a><\/b><\/p>\n<p><span style=\"font-weight: 400\">ENVIA EL DIBUIX AL CORREU DE LA TEVA TUTORA I ELLA ME\u2019L FAR\u00c0 ARRIBAR A MI.\u00a0<\/span><\/p>\n<p><span style=\"font-weight: 400\">\u00a0Et deixo\u00a0 dos enlla\u00e7os en els que veur\u00e0s\u00a0 algunes idees de circuits, per\u00f2 recorda que el pots fer com tu vulguis!!<\/span><br \/>\n<a href=\"https:\/\/www.youtube.com\/watch?v=2XXqS6Dv9CQ\"><span style=\"font-weight: 400\">https:\/\/www.youtube.com\/watch?v=2XXqS6Dv9CQ<\/span><\/a><br \/>\n<a href=\"https:\/\/www.youtube.com\/watch?v=Z8AmtHoo3Mc\"><span style=\"font-weight: 400\">https:\/\/www.youtube.com\/watch?v=Z8AmtHoo3Mc<\/span><\/a><\/p>\n","protected":false},"excerpt":{"rendered":"<p>&nbsp;<br \/>\n&nbsp;<br \/>\n1. L\u2019UDI de LES BOTIGUES l\u2019heu anat desenvolupant aquests dies de confinament. Cadasc\u00fa de vosaltres ha fet el seu projecte de botiga i ha anat organitzant-se\u00a0 per fer les propostes que cada setmana us hem plantejat.<br \/>\nAra us passem el Pla de treball perqu\u00e8 marqueu el&hellip;  <a href=\"https:\/\/agora.xtec.cat\/ceip-lesroquesblaves\/2015-24\/propostes-dactivitats-setmana-del-4-al-10-de-maig-2n-ci\/\" title=\"Read PROPOSTES D&#8217;ACTIVITATS SETMANA DEL 4 AL 10 DE MAIG   2n CI\">Llegeix m\u00e9s\u00bb<\/a><\/p>\n","protected":false},"author":73,"featured_media":20142,"comment_status":"open","ping_status":"closed","sticky":false,"template":"","format":"standard","meta":{"footnotes":""},"categories":[265],"tags":[371],"class_list":["post-19878","post","type-post","status-publish","format-standard","has-post-thumbnail","hentry","category-2015-24","tag-joemquedoacasa"],"post_mailing_queue_ids":[],"_links":{"self":[{"href":"https:\/\/agora.xtec.cat\/ceip-lesroquesblaves\/wp-json\/wp\/v2\/posts\/19878","targetHints":{"allow":["GET"]}}],"collection":[{"href":"https:\/\/agora.xtec.cat\/ceip-lesroquesblaves\/wp-json\/wp\/v2\/posts"}],"about":[{"href":"https:\/\/agora.xtec.cat\/ceip-lesroquesblaves\/wp-json\/wp\/v2\/types\/post"}],"author":[{"embeddable":true,"href":"https:\/\/agora.xtec.cat\/ceip-lesroquesblaves\/wp-json\/wp\/v2\/users\/73"}],"replies":[{"embeddable":true,"href":"https:\/\/agora.xtec.cat\/ceip-lesroquesblaves\/wp-json\/wp\/v2\/comments?post=19878"}],"version-history":[{"count":3,"href":"https:\/\/agora.xtec.cat\/ceip-lesroquesblaves\/wp-json\/wp\/v2\/posts\/19878\/revisions"}],"predecessor-version":[{"id":19895,"href":"https:\/\/agora.xtec.cat\/ceip-lesroquesblaves\/wp-json\/wp\/v2\/posts\/19878\/revisions\/19895"}],"wp:featuredmedia":[{"embeddable":true,"href":"https:\/\/agora.xtec.cat\/ceip-lesroquesblaves\/wp-json\/wp\/v2\/media\/20142"}],"wp:attachment":[{"href":"https:\/\/agora.xtec.cat\/ceip-lesroquesblaves\/wp-json\/wp\/v2\/media?parent=19878"}],"wp:term":[{"taxonomy":"category","embeddable":true,"href":"https:\/\/agora.xtec.cat\/ceip-lesroquesblaves\/wp-json\/wp\/v2\/categories?post=19878"},{"taxonomy":"post_tag","embeddable":true,"href":"https:\/\/agora.xtec.cat\/ceip-lesroquesblaves\/wp-json\/wp\/v2\/tags?post=19878"}],"curies":[{"name":"wp","href":"https:\/\/api.w.org\/{rel}","templated":true}]}}