{"id":19701,"date":"2020-04-27T11:09:33","date_gmt":"2020-04-27T09:09:33","guid":{"rendered":"https:\/\/agora.xtec.cat\/ceip-lesroquesblaves\/?p=19701"},"modified":"2020-04-27T11:09:33","modified_gmt":"2020-04-27T09:09:33","slug":"proposta-dactivitats-setmana-del-27-dabril-al-3-de-maig","status":"publish","type":"post","link":"https:\/\/agora.xtec.cat\/ceip-lesroquesblaves\/2015-24\/proposta-dactivitats-setmana-del-27-dabril-al-3-de-maig\/","title":{"rendered":"PROPOSTA D&#8217;ACTIVITATS SETMANA DEL 27 D&#8217;ABRIL AL 3 DE MAIG"},"content":{"rendered":"<p><strong>\u00a0<\/strong><\/p>\n<p><strong>1. <\/strong>Aquesta setmana, el dia 30, acabareu de recollir les dades sobre el temps. Recordeu que heu de fer una gr\u00e0fica de barres comptant quants dies ha fet sol, quants ha estat n\u00favol,&#8230;&#8230;<\/p>\n<p><a href=\"https:\/\/agora.xtec.cat\/ceip-lesroquesblaves\/wp-content\/uploads\/usu36\/2020\/04\/Temps-e1586889052816.png\"><img loading=\"lazy\" decoding=\"async\" class=\"alignnone size-full wp-image-19171\" src=\"https:\/\/agora.xtec.cat\/ceip-lesroquesblaves\/wp-content\/uploads\/usu36\/2020\/04\/Temps-e1586889052816.png\" alt=\"\" width=\"192\" height=\"138\" \/><\/a><\/p>\n<p>&nbsp;<\/p>\n<p><strong>2.<\/strong> Fa dies que no treballem la comprensi\u00f3 lectora. Us deixem un petit text per a que continueu practicant des de casa. Pareu molta atenci\u00f3!<strong style=\"font-family: inherit;font-size: 1em\"> \u00a0 \u00a0 \u00a0 \u00a0 \u00a0 \u00a0 \u00a0 \u00a0 \u00a0 \u00a0 \u00a0 \u00a0 \u00a0 \u00a0 \u00a0<\/strong><\/p>\n<p><strong style=\"font-family: inherit;font-size: 1em\"><u>EL MILLOR AMIC DEL GAT <\/u>\u00a0\u00a0<\/strong> <span style=\"font-family: inherit;font-size: 1em\">\u00a0 \u00a0 \u00a0<a href=\"https:\/\/agora.xtec.cat\/ceip-lesroquesblaves\/wp-content\/uploads\/usu36\/2020\/04\/GAT.jpg\"><img loading=\"lazy\" decoding=\"async\" class=\"alignnone wp-image-19708 \" src=\"https:\/\/agora.xtec.cat\/ceip-lesroquesblaves\/wp-content\/uploads\/usu36\/2020\/04\/GAT.jpg\" alt=\"\" width=\"85\" height=\"80\" \/><\/a> \u00a0 \u00a0 \u00a0 \u00a0 \u00a0 \u00a0 \u00a0 \u00a0 \u00a0 \u00a0\u00a0<\/span><\/p>\n<p>Enlla\u00e7:<a href=\"https:\/\/drive.google.com\/file\/d\/1PsfdfXuQcUEQh3Hu4QLPhb6sUp5TvMiB\/view?usp=sharing\">https:\/\/drive.google.com\/file\/d\/1PsfdfXuQcUEQh3Hu4QLPhb6sUp5TvMiB\/view?usp=sharing<\/a><\/p>\n<p>&nbsp;<\/p>\n<p><a href=\"https:\/\/agora.xtec.cat\/ceip-lesroquesblaves\/wp-content\/uploads\/usu36\/2020\/04\/EL-MILLOR-AMIC-DEL-GAT.jpg\"><img loading=\"lazy\" decoding=\"async\" class=\"size-full wp-image-19704 aligncenter\" src=\"https:\/\/agora.xtec.cat\/ceip-lesroquesblaves\/wp-content\/uploads\/usu36\/2020\/04\/EL-MILLOR-AMIC-DEL-GAT.jpg\" alt=\"\" width=\"664\" height=\"504\" srcset=\"https:\/\/agora.xtec.cat\/ceip-lesroquesblaves\/wp-content\/uploads\/usu36\/2020\/04\/EL-MILLOR-AMIC-DEL-GAT.jpg 664w, https:\/\/agora.xtec.cat\/ceip-lesroquesblaves\/wp-content\/uploads\/usu36\/2020\/04\/EL-MILLOR-AMIC-DEL-GAT-300x228.jpg 300w\" sizes=\"auto, (max-width: 664px) 100vw, 664px\" \/><\/a><\/p>\n<p>&nbsp;<\/p>\n<p><strong>3.<\/strong> Penseu situacions en les que parlen dues o m\u00e9s persones. Segur que heu anat a comprar moltes vegades amb els pares al mercat, al s\u00faper,al forn de pa\u2026 i heu escoltat una conversa amb el botiguer. Segur, tamb\u00e9, que heu vist i escoltat\u00a0 entrevistes a famosos Penseu tamb\u00e9 en moments a l\u2019escola en que parleu amb un amic o amiga. A aquestes converses entre dues o m\u00e9s persones les anomenem<strong><u> di\u00e0legs.<\/u><\/strong><\/p>\n<p><a href=\"https:\/\/agora.xtec.cat\/ceip-lesroquesblaves\/wp-content\/uploads\/usu36\/2020\/04\/Di\u00e0leg.jpg\"><img loading=\"lazy\" decoding=\"async\" class=\"size-full wp-image-19702 aligncenter\" src=\"https:\/\/agora.xtec.cat\/ceip-lesroquesblaves\/wp-content\/uploads\/usu36\/2020\/04\/Di\u00e0leg.jpg\" alt=\"\" width=\"342\" height=\"228\" srcset=\"https:\/\/agora.xtec.cat\/ceip-lesroquesblaves\/wp-content\/uploads\/usu36\/2020\/04\/Di\u00e0leg.jpg 342w, https:\/\/agora.xtec.cat\/ceip-lesroquesblaves\/wp-content\/uploads\/usu36\/2020\/04\/Di\u00e0leg-300x200.jpg 300w\" sizes=\"auto, (max-width: 342px) 100vw, 342px\" \/><\/a><\/p>\n<p>Aqu\u00ed teniu un di\u00e0leg entre un periodista i un pescador. Fixeu-vos en que cada vegada que parla un personatge s\u2019hi posa un <strong>gui\u00f3 al davant (-)<\/strong>, i que al final de cada frase que diuen hi posem <strong>.(punt) ? ( si fan una pregunta) o ! (si mostren sorpresa, por, r\u00e0bia&#8230;).<\/strong> Fixeu-vos tamb\u00e9 en que canviem de l\u00ednia quan acaba de parlar un personatge.<\/p>\n<p><a href=\"https:\/\/agora.xtec.cat\/ceip-lesroquesblaves\/wp-content\/uploads\/usu36\/2020\/04\/ENTREVISTA.jpg\"><img loading=\"lazy\" decoding=\"async\" class=\"size-full wp-image-19705 aligncenter\" src=\"https:\/\/agora.xtec.cat\/ceip-lesroquesblaves\/wp-content\/uploads\/usu36\/2020\/04\/ENTREVISTA.jpg\" alt=\"\" width=\"362\" height=\"547\" srcset=\"https:\/\/agora.xtec.cat\/ceip-lesroquesblaves\/wp-content\/uploads\/usu36\/2020\/04\/ENTREVISTA.jpg 362w, https:\/\/agora.xtec.cat\/ceip-lesroquesblaves\/wp-content\/uploads\/usu36\/2020\/04\/ENTREVISTA-199x300.jpg 199w\" sizes=\"auto, (max-width: 362px) 100vw, 362px\" \/><\/a><\/p>\n<p>Enlla\u00e7:<a href=\"https:\/\/drive.google.com\/file\/d\/1c2Dg1ESQGG97j_U0q5PopWz8GW7GnbEb\/view?usp=sharing\">https:\/\/drive.google.com\/file\/d\/1c2Dg1ESQGG97j_U0q5PopWz8GW7GnbEb\/view?usp=sharing<\/a><\/p>\n<p>Ara proveu d\u2019escriure un di\u00e0leg vosaltres. Penseu i escriviu qu\u00e8 es diuen el Joan i la Maria el dijous de mercat (trieu els personatges que m\u00e9s us agradin que estiguin dialogant. Un ser\u00e0 el Joan i l\u2019altre la Maria). Recordeu de posar el guionet al principi (-) i els signes de puntuaci\u00f3 al final de cada frase (?, ! o\u00a0 .)<\/p>\n<p><a href=\"https:\/\/agora.xtec.cat\/ceip-lesroquesblaves\/wp-content\/uploads\/usu36\/2020\/04\/MERCAT.jpg\"><img loading=\"lazy\" decoding=\"async\" class=\" wp-image-19709 aligncenter\" src=\"https:\/\/agora.xtec.cat\/ceip-lesroquesblaves\/wp-content\/uploads\/usu36\/2020\/04\/MERCAT.jpg\" alt=\"\" width=\"241\" height=\"310\" \/><\/a><\/p>\n<p>Enlla\u00e7:<a href=\"https:\/\/drive.google.com\/file\/d\/130-AJB6IbMz4Hgyhe6JW7XITg_M2NE_v\/view?usp=sharing\">https:\/\/drive.google.com\/file\/d\/130-AJB6IbMz4Hgyhe6JW7XITg_M2NE_v\/view?usp=sharing<\/a><\/p>\n<p>&nbsp;<\/p>\n<p><strong>4<\/strong>. Recordeu els problemes del Quinzet de MEITATS? I els que hav\u00edem de tallar una cosa en 4 TROSSOS perqu\u00e8 l\u2019haviem de repartir entre 4 nenes?<\/p>\n<p><a href=\"https:\/\/agora.xtec.cat\/ceip-lesroquesblaves\/wp-content\/uploads\/usu36\/2020\/04\/Meitats-i-quarts.jpg\"><img loading=\"lazy\" decoding=\"async\" class=\"size-full wp-image-19703 aligncenter\" src=\"https:\/\/agora.xtec.cat\/ceip-lesroquesblaves\/wp-content\/uploads\/usu36\/2020\/04\/Meitats-i-quarts.jpg\" alt=\"\" width=\"404\" height=\"262\" srcset=\"https:\/\/agora.xtec.cat\/ceip-lesroquesblaves\/wp-content\/uploads\/usu36\/2020\/04\/Meitats-i-quarts.jpg 404w, https:\/\/agora.xtec.cat\/ceip-lesroquesblaves\/wp-content\/uploads\/usu36\/2020\/04\/Meitats-i-quarts-300x195.jpg 300w\" sizes=\"auto, (max-width: 404px) 100vw, 404px\" \/><\/a><\/p>\n<p>Us deixem una activitat en la que haureu d\u2019encerclar les coses que nom\u00e9s n\u2019hi hagi UNA MEITAT. I una altra activitat en que haureu d\u2019encerclar les coses que nom\u00e9s siguin UN QUART ( si l\u2019hem tallat en 4 trossos, que nom\u00e9s n\u2019hi hagi un)<\/p>\n<p>Enlla\u00e7:<a href=\"https:\/\/drive.google.com\/file\/d\/1PVoCdmXFTOoD6w7U1WFBcdwXvuD_tSlZ\/view?usp=sharing\">https:\/\/drive.google.com\/file\/d\/1PVoCdmXFTOoD6w7U1WFBcdwXvuD_tSlZ\/view?usp=sharing<\/a><\/p>\n<p><strong>\u00a0<\/strong><\/p>\n<p><strong>5. REPTE DE LA SETMANA: PARTS O FRACCIONS.<\/strong><\/p>\n<p><a href=\"https:\/\/agora.xtec.cat\/ceip-lesroquesblaves\/wp-content\/uploads\/usu36\/2020\/04\/Fruites1.jpg\"><img loading=\"lazy\" decoding=\"async\" class=\"size-full wp-image-19706 aligncenter\" src=\"https:\/\/agora.xtec.cat\/ceip-lesroquesblaves\/wp-content\/uploads\/usu36\/2020\/04\/Fruites1.jpg\" alt=\"\" width=\"363\" height=\"222\" srcset=\"https:\/\/agora.xtec.cat\/ceip-lesroquesblaves\/wp-content\/uploads\/usu36\/2020\/04\/Fruites1.jpg 363w, https:\/\/agora.xtec.cat\/ceip-lesroquesblaves\/wp-content\/uploads\/usu36\/2020\/04\/Fruites1-300x183.jpg 300w\" sizes=\"auto, (max-width: 363px) 100vw, 363px\" \/><\/a><\/p>\n<p>Segur que amb la fam\u00edlia fas servir moltes vegades FRACCIONS per demanar o fer alguna cosa: anar a comprar, a l\u2019hora de menjar, en els ingredients d\u2019una recepta de cuina\u2026 Per exemple: (Nom\u00e9s vull menjar <u>mitja poma, <\/u>no tinc gaire gana), (Necessito <u>mig quilo <\/u>de farina per fer la coca), (Ens partim aquesta pizza entre tots quatre. Tindrem<u> un quart de pizza cadasc\u00fa).<\/u><\/p>\n<p>Doncs a<u>mb les fruites que tinguis a casa haur\u00e0s de fer-ne parts<\/u>. Primer haur\u00e0s de pensar molt b\u00e9 que has de fer amb la fruita. (<strong>Has de demanar ajuda als pares per tallar les fruites). <\/strong>Despr\u00e9s les poses sobre un full i <u>a sota del trossos hi escrius quina part de fruita \u00e9s<\/u>. Tamb\u00e9 pots <u>explicar que has fet<\/u>.\u00a0 Quan acabis posa tots els fulls junts, <u>fas una foto<\/u> i li dius als pares que t\u2019ajudin a enviar-me-la per correu electr\u00f2nic.<\/p>\n<p>&nbsp;<\/p>\n<p>Has de fer:<\/p>\n<ul>\n<li>MITJA FRUITA (\u00bd FRUITA)<\/li>\n<li>UNA QUARTA PART D\u2019UNA FRUITA (\u00bc FRUITA)<\/li>\n<li>DUES QUARTES PARTS D\u2019UNA FRUITA.<\/li>\n<li>TRES QUARTES PARTS D\u2019UNA FRUITA.<\/li>\n<\/ul>\n<p>Tamb\u00e9 pots resoldre:<\/p>\n<ul>\n<li>AJUNTAR DUES MEITATS QUE SERAN IGUAL A \u2026..<\/li>\n<li>AJUNTAR DOS QUARTS QUE SERAN IGUAL A \u2026.<\/li>\n<li>AJUNTAR QUATRE QUARTS QUE SERAN IGUAL A \u2026<\/li>\n<li>AJUNTAR QUATRE MEITATS QUE SERAN IGUAL A &#8230;<\/li>\n<\/ul>\n<p>Exemples:<\/p>\n<p><a href=\"https:\/\/agora.xtec.cat\/ceip-lesroquesblaves\/wp-content\/uploads\/usu36\/2020\/04\/Fruites2.jpg\"><img loading=\"lazy\" decoding=\"async\" class=\"alignnone size-full wp-image-19707\" src=\"https:\/\/agora.xtec.cat\/ceip-lesroquesblaves\/wp-content\/uploads\/usu36\/2020\/04\/Fruites2.jpg\" alt=\"\" width=\"350\" height=\"230\" srcset=\"https:\/\/agora.xtec.cat\/ceip-lesroquesblaves\/wp-content\/uploads\/usu36\/2020\/04\/Fruites2.jpg 350w, https:\/\/agora.xtec.cat\/ceip-lesroquesblaves\/wp-content\/uploads\/usu36\/2020\/04\/Fruites2-300x197.jpg 300w\" sizes=\"auto, (max-width: 350px) 100vw, 350px\" \/><\/a><\/p>\n<p>Per acabar, comparteix els trossos de fruites i fes un bon berenar! Bon profit<\/p>\n","protected":false},"excerpt":{"rendered":"<p>\u00a0<br \/>\n1. Aquesta setmana, el dia 30, acabareu de recollir les dades sobre el temps. Recordeu que heu de fer una gr\u00e0fica de barres comptant quants dies ha fet sol, quants ha estat n\u00favol,&#8230;&#8230;<br \/>\n<a href=\"https:\/\/agora.xtec.cat\/ceip-lesroquesblaves\/wp-content\/uploads\/usu36\/2020\/04\/Temps-e1586889052816.png\"><\/a><br \/>\n&nbsp;<br \/>\n2. Fa dies que no treballem la comprensi\u00f3 lectora. Us deixem un&hellip;  <a href=\"https:\/\/agora.xtec.cat\/ceip-lesroquesblaves\/2015-24\/proposta-dactivitats-setmana-del-27-dabril-al-3-de-maig\/\" title=\"Read PROPOSTA D&#8217;ACTIVITATS SETMANA DEL 27 D&#8217;ABRIL AL 3 DE MAIG\">Llegeix m\u00e9s\u00bb<\/a><\/p>\n","protected":false},"author":68,"featured_media":19702,"comment_status":"open","ping_status":"closed","sticky":false,"template":"","format":"standard","meta":{"footnotes":""},"categories":[265],"tags":[371],"class_list":["post-19701","post","type-post","status-publish","format-standard","has-post-thumbnail","hentry","category-2015-24","tag-joemquedoacasa"],"post_mailing_queue_ids":[],"_links":{"self":[{"href":"https:\/\/agora.xtec.cat\/ceip-lesroquesblaves\/wp-json\/wp\/v2\/posts\/19701","targetHints":{"allow":["GET"]}}],"collection":[{"href":"https:\/\/agora.xtec.cat\/ceip-lesroquesblaves\/wp-json\/wp\/v2\/posts"}],"about":[{"href":"https:\/\/agora.xtec.cat\/ceip-lesroquesblaves\/wp-json\/wp\/v2\/types\/post"}],"author":[{"embeddable":true,"href":"https:\/\/agora.xtec.cat\/ceip-lesroquesblaves\/wp-json\/wp\/v2\/users\/68"}],"replies":[{"embeddable":true,"href":"https:\/\/agora.xtec.cat\/ceip-lesroquesblaves\/wp-json\/wp\/v2\/comments?post=19701"}],"version-history":[{"count":3,"href":"https:\/\/agora.xtec.cat\/ceip-lesroquesblaves\/wp-json\/wp\/v2\/posts\/19701\/revisions"}],"predecessor-version":[{"id":19769,"href":"https:\/\/agora.xtec.cat\/ceip-lesroquesblaves\/wp-json\/wp\/v2\/posts\/19701\/revisions\/19769"}],"wp:featuredmedia":[{"embeddable":true,"href":"https:\/\/agora.xtec.cat\/ceip-lesroquesblaves\/wp-json\/wp\/v2\/media\/19702"}],"wp:attachment":[{"href":"https:\/\/agora.xtec.cat\/ceip-lesroquesblaves\/wp-json\/wp\/v2\/media?parent=19701"}],"wp:term":[{"taxonomy":"category","embeddable":true,"href":"https:\/\/agora.xtec.cat\/ceip-lesroquesblaves\/wp-json\/wp\/v2\/categories?post=19701"},{"taxonomy":"post_tag","embeddable":true,"href":"https:\/\/agora.xtec.cat\/ceip-lesroquesblaves\/wp-json\/wp\/v2\/tags?post=19701"}],"curies":[{"name":"wp","href":"https:\/\/api.w.org\/{rel}","templated":true}]}}