{"id":19258,"date":"2020-04-20T09:48:02","date_gmt":"2020-04-20T07:48:02","guid":{"rendered":"https:\/\/agora.xtec.cat\/ceip-lesroquesblaves\/?p=19258"},"modified":"2020-04-20T10:47:54","modified_gmt":"2020-04-20T08:47:54","slug":"propostes-dactivitats-setmana-del-20-al-26-dabril","status":"publish","type":"post","link":"https:\/\/agora.xtec.cat\/ceip-lesroquesblaves\/2015-24\/propostes-dactivitats-setmana-del-20-al-26-dabril\/","title":{"rendered":"PROPOSTES D&#8217;ACTIVITATS SETMANA DEL 20 AL 26 D&#8217;ABRIL"},"content":{"rendered":"<p style=\"text-align: center\">Aquest setmana \u00e9s Sant Jordi. Ser\u00e0 una setmana liter\u00e0ria.<\/p>\n<p><a href=\"https:\/\/agora.xtec.cat\/ceip-lesroquesblaves\/wp-content\/uploads\/usu36\/2020\/04\/SANT-J..png\"><img loading=\"lazy\" decoding=\"async\" class=\"aligncenter wp-image-19264 \" src=\"https:\/\/agora.xtec.cat\/ceip-lesroquesblaves\/wp-content\/uploads\/usu36\/2020\/04\/SANT-J.-150x150.png\" alt=\"\" width=\"119\" height=\"119\" \/><\/a><\/p>\n<p><strong>1.\u00a0 <\/strong>Aqu\u00ed teniu una col\u00b7lecci\u00f3 de contes per escoltar i mirar com es dibuixen:<\/p>\n<p><a href=\"https:\/\/beteve.cat\/dibuixacontes\/\" target=\"_blank\" rel=\"noopener noreferrer\">\u00a0 \u00a0 \u00a0 <img loading=\"lazy\" decoding=\"async\" class=\"alignnone wp-image-19259 size-medium\" src=\"https:\/\/agora.xtec.cat\/ceip-lesroquesblaves\/wp-content\/uploads\/usu36\/2020\/04\/CONTES-ESCOLTAR-300x154.png\" alt=\"\" width=\"300\" height=\"154\" srcset=\"https:\/\/agora.xtec.cat\/ceip-lesroquesblaves\/wp-content\/uploads\/usu36\/2020\/04\/CONTES-ESCOLTAR-300x154.png 300w, https:\/\/agora.xtec.cat\/ceip-lesroquesblaves\/wp-content\/uploads\/usu36\/2020\/04\/CONTES-ESCOLTAR-768x393.png 768w, https:\/\/agora.xtec.cat\/ceip-lesroquesblaves\/wp-content\/uploads\/usu36\/2020\/04\/CONTES-ESCOLTAR.png 801w\" sizes=\"auto, (max-width: 300px) 100vw, 300px\" \/><\/a><\/p>\n<p>Tamb\u00e9 una altra col\u00b7lecci\u00f3 per llegir-los des de l\u2019ordinador:<\/p>\n<p><a href=\"https:\/\/get.google.com\/albumarchive\/104018005988941683038\" target=\"_blank\" rel=\"noopener noreferrer\">\u00a0 \u00a0 \u00a0 <img loading=\"lazy\" decoding=\"async\" class=\"alignnone wp-image-19260 size-medium\" src=\"https:\/\/agora.xtec.cat\/ceip-lesroquesblaves\/wp-content\/uploads\/usu36\/2020\/04\/CONTES-LLEGIR-300x163.png\" alt=\"\" width=\"300\" height=\"163\" srcset=\"https:\/\/agora.xtec.cat\/ceip-lesroquesblaves\/wp-content\/uploads\/usu36\/2020\/04\/CONTES-LLEGIR-300x163.png 300w, https:\/\/agora.xtec.cat\/ceip-lesroquesblaves\/wp-content\/uploads\/usu36\/2020\/04\/CONTES-LLEGIR-768x416.png 768w, https:\/\/agora.xtec.cat\/ceip-lesroquesblaves\/wp-content\/uploads\/usu36\/2020\/04\/CONTES-LLEGIR.png 804w\" sizes=\"auto, (max-width: 300px) 100vw, 300px\" \/>\u00a0<\/a><\/p>\n<p>&nbsp;<\/p>\n<p><strong>2<\/strong>. La rosa de Sant Jordi<br \/>\n<a href=\"https:\/\/agora.xtec.cat\/ceip-lesroquesblaves\/wp-content\/uploads\/usu36\/2020\/04\/ROSA.png\"><img loading=\"lazy\" decoding=\"async\" class=\"size-full wp-image-19263 aligncenter\" src=\"https:\/\/agora.xtec.cat\/ceip-lesroquesblaves\/wp-content\/uploads\/usu36\/2020\/04\/ROSA.png\" alt=\"\" width=\"253\" height=\"187\" \/><\/a><\/p>\n<p>Sabeu qu\u00e8 \u00e9s un \u201ccomecocos\u201d fet d\u2019origami? Segur que hi heu jugat moltes vegades. Doncs us proposem fer una rosa de Sant Jordi ben original, on aparegui el final de la llegenda de Sant Jordi convertit en felicitaci\u00f3.<\/p>\n<p>Material:<br \/>\n-Ouera de cartr\u00f3.<br \/>\n-Pal de brotxeta.<br \/>\n-T\u00e9mpera verda i pinzell o retolador verd.<br \/>\n-Paper vermell (el poder pintar si no en teniu) 15&#215;15\u00a0 cm.<br \/>\n-Cola<\/p>\n<p><a href=\"https:\/\/agora.xtec.cat\/ceip-lesroquesblaves\/wp-content\/uploads\/usu36\/2020\/04\/ELAB-ROSA.png\"><img loading=\"lazy\" decoding=\"async\" class=\"size-full wp-image-19261 aligncenter\" src=\"https:\/\/agora.xtec.cat\/ceip-lesroquesblaves\/wp-content\/uploads\/usu36\/2020\/04\/ELAB-ROSA.png\" alt=\"\" width=\"617\" height=\"463\" srcset=\"https:\/\/agora.xtec.cat\/ceip-lesroquesblaves\/wp-content\/uploads\/usu36\/2020\/04\/ELAB-ROSA.png 617w, https:\/\/agora.xtec.cat\/ceip-lesroquesblaves\/wp-content\/uploads\/usu36\/2020\/04\/ELAB-ROSA-300x225.png 300w, https:\/\/agora.xtec.cat\/ceip-lesroquesblaves\/wp-content\/uploads\/usu36\/2020\/04\/ELAB-ROSA-200x150.png 200w\" sizes=\"auto, (max-width: 617px) 100vw, 617px\" \/><\/a><\/p>\n<p>Podem aprofitar la pintura o qualsevol altre material per pintar unes pinces i fer un dragonet. Podeu utilitzar gomaeva, paper, cartolina, plastilina de color vermell per fer la cresta. Si no teniu ulls de pl\u00e0stic els podeu pintar.<\/p>\n<p>*Pengeu-la al balc\u00f3 el dia de Sant Jordi!!!<\/p>\n<p>&nbsp;<\/p>\n<p><strong>3<\/strong>. La Sara us anima a fer aquestes activitats:<\/p>\n<p>SONGS WE LOVE! Can you sing at home?<\/p>\n<p>HELLO SONG<br \/>\n<a href=\"https:\/\/www.youtube.com\/watch?v=gghDRJVxFxU\">https:\/\/www.youtube.com\/watch?v=gghDRJVxFxU<\/a><\/p>\n<p>SEVEN DAYS A WEEK<br \/>\n<a href=\"https:\/\/www.youtube.com\/watch?v=lPgTdgvj_jc\">https:\/\/www.youtube.com\/watch?v=lPgTdgvj_jc<\/a><\/p>\n<p>ALPHABET SONG<br \/>\n<a href=\"https:\/\/www.youtube.com\/watch?v=36IBDpTRVNE\">https:\/\/www.youtube.com\/watch?v=36IBDpTRVNE<\/a><\/p>\n<p>&nbsp;<\/p>\n<p>Riddles of the week 1: Animals<\/p>\n<p>What animal I am?<\/p>\n<p><a href=\"https:\/\/agora.xtec.cat\/ceip-lesroquesblaves\/wp-content\/uploads\/usu36\/2020\/04\/ENDEVINALLES.png\"><img loading=\"lazy\" decoding=\"async\" class=\"alignnone size-full wp-image-19262\" src=\"https:\/\/agora.xtec.cat\/ceip-lesroquesblaves\/wp-content\/uploads\/usu36\/2020\/04\/ENDEVINALLES.png\" alt=\"\" width=\"681\" height=\"395\" srcset=\"https:\/\/agora.xtec.cat\/ceip-lesroquesblaves\/wp-content\/uploads\/usu36\/2020\/04\/ENDEVINALLES.png 681w, https:\/\/agora.xtec.cat\/ceip-lesroquesblaves\/wp-content\/uploads\/usu36\/2020\/04\/ENDEVINALLES-300x174.png 300w\" sizes=\"auto, (max-width: 681px) 100vw, 681px\" \/><\/a><\/p>\n<p>&nbsp;<\/p>\n<p><strong>4.<\/strong> Mireu quina can\u00e7o m\u00e9s divertida. La N\u00faria proposa que la proveu de ballar-la?<\/p>\n<p><a href=\"https:\/\/www.youtube.com\/watch?v=z6DoPp-LkTA\" target=\"_blank\" rel=\"noopener noreferrer\"><img loading=\"lazy\" decoding=\"async\" class=\"alignnone wp-image-19408\" src=\"https:\/\/agora.xtec.cat\/ceip-lesroquesblaves\/wp-content\/uploads\/usu36\/2020\/04\/MOVER-1024x541.jpg\" alt=\"\" width=\"306\" height=\"162\" srcset=\"https:\/\/agora.xtec.cat\/ceip-lesroquesblaves\/wp-content\/uploads\/usu36\/2020\/04\/MOVER-1024x541.jpg 1024w, https:\/\/agora.xtec.cat\/ceip-lesroquesblaves\/wp-content\/uploads\/usu36\/2020\/04\/MOVER-300x158.jpg 300w, https:\/\/agora.xtec.cat\/ceip-lesroquesblaves\/wp-content\/uploads\/usu36\/2020\/04\/MOVER-768x405.jpg 768w, https:\/\/agora.xtec.cat\/ceip-lesroquesblaves\/wp-content\/uploads\/usu36\/2020\/04\/MOVER.jpg 1269w\" sizes=\"auto, (max-width: 306px) 100vw, 306px\" \/><\/a><\/p>\n<p>&nbsp;<\/p>\n<p>I ara, el Pere us anima a escoltar i si us atreveiu, a cantar aquesta versi\u00f3 de la llengenda de Sant Jordi d&#8217;en Pez L\u00f3pez.<\/p>\n<p><a href=\"https:\/\/www.youtube.com\/watch?v=y4RbQJxRkdY\" target=\"_blank\" rel=\"noopener noreferrer\"><img loading=\"lazy\" decoding=\"async\" class=\"alignnone wp-image-19407\" src=\"https:\/\/agora.xtec.cat\/ceip-lesroquesblaves\/wp-content\/uploads\/usu36\/2020\/04\/Can\u00e7o-Sant-Jordi.jpg\" alt=\"\" width=\"193\" height=\"179\" srcset=\"https:\/\/agora.xtec.cat\/ceip-lesroquesblaves\/wp-content\/uploads\/usu36\/2020\/04\/Can\u00e7o-Sant-Jordi.jpg 793w, https:\/\/agora.xtec.cat\/ceip-lesroquesblaves\/wp-content\/uploads\/usu36\/2020\/04\/Can\u00e7o-Sant-Jordi-300x280.jpg 300w, https:\/\/agora.xtec.cat\/ceip-lesroquesblaves\/wp-content\/uploads\/usu36\/2020\/04\/Can\u00e7o-Sant-Jordi-768x718.jpg 768w\" sizes=\"auto, (max-width: 193px) 100vw, 193px\" \/><\/a><\/p>\n<p><strong>5<\/strong>. Entreteniments de Sant Jordi.<\/p>\n<p>Sudoku .Heu de col\u00b7locar els personatges de la llegenda de tal manera que no es repeteixen ni en la mateixa fila, columna\u00a0 ni dins del mateix quadrat (2&#215;2 caselles).<\/p>\n<p><a href=\"https:\/\/agora.xtec.cat\/ceip-lesroquesblaves\/wp-content\/uploads\/usu36\/2020\/04\/SUDOKO.png\"><img loading=\"lazy\" decoding=\"async\" class=\"alignnone size-full wp-image-19266\" src=\"https:\/\/agora.xtec.cat\/ceip-lesroquesblaves\/wp-content\/uploads\/usu36\/2020\/04\/SUDOKO.png\" alt=\"\" width=\"779\" height=\"558\" srcset=\"https:\/\/agora.xtec.cat\/ceip-lesroquesblaves\/wp-content\/uploads\/usu36\/2020\/04\/SUDOKO.png 779w, https:\/\/agora.xtec.cat\/ceip-lesroquesblaves\/wp-content\/uploads\/usu36\/2020\/04\/SUDOKO-300x215.png 300w, https:\/\/agora.xtec.cat\/ceip-lesroquesblaves\/wp-content\/uploads\/usu36\/2020\/04\/SUDOKO-768x550.png 768w\" sizes=\"auto, (max-width: 779px) 100vw, 779px\" \/><\/a><\/p>\n<p>Sopa de lletres.<\/p>\n<p><a href=\"https:\/\/agora.xtec.cat\/ceip-lesroquesblaves\/wp-content\/uploads\/usu36\/2020\/04\/SOPA-DE-LLETRES.png\"><img loading=\"lazy\" decoding=\"async\" class=\"alignnone size-full wp-image-19265\" src=\"https:\/\/agora.xtec.cat\/ceip-lesroquesblaves\/wp-content\/uploads\/usu36\/2020\/04\/SOPA-DE-LLETRES.png\" alt=\"\" width=\"521\" height=\"633\" srcset=\"https:\/\/agora.xtec.cat\/ceip-lesroquesblaves\/wp-content\/uploads\/usu36\/2020\/04\/SOPA-DE-LLETRES.png 521w, https:\/\/agora.xtec.cat\/ceip-lesroquesblaves\/wp-content\/uploads\/usu36\/2020\/04\/SOPA-DE-LLETRES-247x300.png 247w\" sizes=\"auto, (max-width: 521px) 100vw, 521px\" \/><\/a><\/p>\n<p>&nbsp;<\/p>\n<p><strong>6. REPTE DE LA CINQUENA SETMANA<\/strong><\/p>\n<p>Despr\u00e9s d\u2019haver llegit i escoltat diferents contes al llarg de la setmana, ara et toca escriure\u2019n un a tu. Et deixem unes pautes per a que el teu conte segueixi una estructura: inici, qu\u00e8 passar\u00e0 i com acabar\u00e0.<\/p>\n<p>Quan tinguis el conte escrit pots trucar a algun familiar i llegir-li per anar practicant la lectura. Si vols, tamb\u00e9 pots enregistrar-lo en \u00e0udio.<\/p>\n<p>Heu de fer una foto al vostre conte i ens l\u2019envieu. Si voleu, tamb\u00e9 ens podeu fer arribar el vostre \u00e0udio.<\/p>\n<p>&nbsp;<\/p>\n<p>Per comen\u00e7ar:<\/p>\n<ul>\n<li>Els personatges inicials&#8230;<\/li>\n<li>A casa, a la jungla, al riu, al carrer, al bosc, en un castell, en una pista de monopat\u00ed,\u2026<\/li>\n<li>Fent un viatge a la selva, a l\u2019espai\u2026<\/li>\n<\/ul>\n<p>Qu\u00e8 pot passar: Se&#8217;n van a\u2026<\/p>\n<ul>\n<li>Es troben a\u2026<\/li>\n<li>Tenen ensurts, sorpreses inesperades<\/li>\n<li>Tenen por<\/li>\n<li>S&#8217;amaguen, lluiten<\/li>\n<li>Juguen<\/li>\n<li>Passegen<\/li>\n<li>Construeixen<\/li>\n<li>Tenen problemes<\/li>\n<li>Volen aconseguir<\/li>\n<li>Fan curses<\/li>\n<\/ul>\n<p>Com pot acabar:<\/p>\n<ul>\n<li>T\u00e9 un final feli\u00e7<\/li>\n<li>S\u2019acaba malament<\/li>\n<li>Amb alguna sorpresa<\/li>\n<li>Pot acabar-se al mateix lloc que ha comen\u00e7at o en un altre<\/li>\n<\/ul>\n<p>Si voleu podeu utilitzar la graella de planificaci\u00f3: <a href=\"https:\/\/drive.google.com\/file\/d\/1Cjbq0G7v4ElkwzyAsHLvtuWYTGBbNdiA\/view?usp=sharing\">https:\/\/drive.google.com\/file\/d\/1Cjbq0G7v4ElkwzyAsHLvtuWYTGBbNdiA\/view?usp=sharing<\/a><\/p>\n<p>&nbsp;<\/p>\n<p>&nbsp;<\/p>\n<p>&nbsp;<\/p>\n","protected":false},"excerpt":{"rendered":"<p>Aquest setmana \u00e9s Sant Jordi. Ser\u00e0 una setmana liter\u00e0ria.<br \/>\n<a href=\"https:\/\/agora.xtec.cat\/ceip-lesroquesblaves\/wp-content\/uploads\/usu36\/2020\/04\/SANT-J..png\"><\/a><br \/>\n1.\u00a0 Aqu\u00ed teniu una col\u00b7lecci\u00f3 de contes per escoltar i mirar com es dibuixen:<br \/>\n<a href=\"https:\/\/beteve.cat\/dibuixacontes\/\" target=\"_blank\" rel=\"noopener noreferrer\">\u00a0 \u00a0 \u00a0 <\/a><br \/>\nTamb\u00e9 una altra col\u00b7lecci\u00f3 per llegir-los des de l\u2019ordinador:<br \/>\n<a href=\"https:\/\/get.google.com\/albumarchive\/104018005988941683038\" target=\"_blank\" rel=\"noopener noreferrer\">\u00a0 \u00a0 \u00a0 \u00a0<\/a><br \/>\n&nbsp;<br \/>\n2.&hellip;  <a href=\"https:\/\/agora.xtec.cat\/ceip-lesroquesblaves\/2015-24\/propostes-dactivitats-setmana-del-20-al-26-dabril\/\" title=\"Read PROPOSTES D&#8217;ACTIVITATS SETMANA DEL 20 AL 26 D&#8217;ABRIL\">Llegeix m\u00e9s\u00bb<\/a><\/p>\n","protected":false},"author":73,"featured_media":19264,"comment_status":"open","ping_status":"closed","sticky":false,"template":"","format":"standard","meta":{"footnotes":""},"categories":[265],"tags":[371],"class_list":["post-19258","post","type-post","status-publish","format-standard","has-post-thumbnail","hentry","category-2015-24","tag-joemquedoacasa"],"post_mailing_queue_ids":[],"_links":{"self":[{"href":"https:\/\/agora.xtec.cat\/ceip-lesroquesblaves\/wp-json\/wp\/v2\/posts\/19258","targetHints":{"allow":["GET"]}}],"collection":[{"href":"https:\/\/agora.xtec.cat\/ceip-lesroquesblaves\/wp-json\/wp\/v2\/posts"}],"about":[{"href":"https:\/\/agora.xtec.cat\/ceip-lesroquesblaves\/wp-json\/wp\/v2\/types\/post"}],"author":[{"embeddable":true,"href":"https:\/\/agora.xtec.cat\/ceip-lesroquesblaves\/wp-json\/wp\/v2\/users\/73"}],"replies":[{"embeddable":true,"href":"https:\/\/agora.xtec.cat\/ceip-lesroquesblaves\/wp-json\/wp\/v2\/comments?post=19258"}],"version-history":[{"count":3,"href":"https:\/\/agora.xtec.cat\/ceip-lesroquesblaves\/wp-json\/wp\/v2\/posts\/19258\/revisions"}],"predecessor-version":[{"id":19428,"href":"https:\/\/agora.xtec.cat\/ceip-lesroquesblaves\/wp-json\/wp\/v2\/posts\/19258\/revisions\/19428"}],"wp:featuredmedia":[{"embeddable":true,"href":"https:\/\/agora.xtec.cat\/ceip-lesroquesblaves\/wp-json\/wp\/v2\/media\/19264"}],"wp:attachment":[{"href":"https:\/\/agora.xtec.cat\/ceip-lesroquesblaves\/wp-json\/wp\/v2\/media?parent=19258"}],"wp:term":[{"taxonomy":"category","embeddable":true,"href":"https:\/\/agora.xtec.cat\/ceip-lesroquesblaves\/wp-json\/wp\/v2\/categories?post=19258"},{"taxonomy":"post_tag","embeddable":true,"href":"https:\/\/agora.xtec.cat\/ceip-lesroquesblaves\/wp-json\/wp\/v2\/tags?post=19258"}],"curies":[{"name":"wp","href":"https:\/\/api.w.org\/{rel}","templated":true}]}}