{"id":19242,"date":"2020-04-17T17:15:36","date_gmt":"2020-04-17T15:15:36","guid":{"rendered":"https:\/\/agora.xtec.cat\/ceip-lesroquesblaves\/?p=19242"},"modified":"2020-04-17T17:24:02","modified_gmt":"2020-04-17T15:24:02","slug":"quins-llibres-podeu-regalar-aquest-sant-jordi","status":"publish","type":"post","link":"https:\/\/agora.xtec.cat\/ceip-lesroquesblaves\/2015-24\/quins-llibres-podeu-regalar-aquest-sant-jordi\/","title":{"rendered":"QUINS LLIBRES PODEU REGALAR AQUEST SANT JORDI?"},"content":{"rendered":"<p>Si esteu pensant quin llibre regalar per Sant Jordi, no deixeu de mirar les seg\u00fcents recomanacions:<\/p>\n<div class=\"periodismeplural_ad column_ad [mobile]_columna_2_[articles]\">\n<div id=\"div-gpt-ad-1519833254408-8\"><\/div>\n<\/div>\n<h3><a href=\"https:\/\/www.editorialjuventud.es\/ca\/rescat-planeta-9788426145703\/\">Rescat planeta<\/a><\/h3>\n<ul>\n<li><strong>Patrick George<\/strong><\/li>\n<li><strong>Editorial Juventud<\/strong><\/li>\n<\/ul>\n<p><img loading=\"lazy\" decoding=\"async\" class=\"alignright wp-image-34736\" src=\"https:\/\/diarieducacio.cat\/wp-content\/uploads\/2020\/01\/rescat-planeta.jpg\" sizes=\"auto, (max-width: 250px) 100vw, 250px\" srcset=\"https:\/\/diarieducacio.cat\/wp-content\/uploads\/2020\/01\/rescat-planeta.jpg 567w, https:\/\/diarieducacio.cat\/wp-content\/uploads\/2020\/01\/rescat-planeta-300x290.jpg 300w, https:\/\/diarieducacio.cat\/wp-content\/uploads\/2020\/01\/rescat-planeta-250x242.jpg 250w, https:\/\/diarieducacio.cat\/wp-content\/uploads\/2020\/01\/rescat-planeta-550x533.jpg 550w, https:\/\/diarieducacio.cat\/wp-content\/uploads\/2020\/01\/rescat-planeta-186x180.jpg 186w, https:\/\/diarieducacio.cat\/wp-content\/uploads\/2020\/01\/rescat-planeta-310x300.jpg 310w, https:\/\/diarieducacio.cat\/wp-content\/uploads\/2020\/01\/rescat-planeta-516x500.jpg 516w\" alt=\"\" width=\"250\" height=\"242\" \/>Hi ha preguntes que ens fan els infants dif\u00edcils de contestar. Una d\u2019elles \u00e9s: \u201cQu\u00e8 podem fer per a ajudar a salvar el planeta?\u201d. En aquest llibre hi podem trobar la resposta. A cada doble p\u00e0gina hi trobem una acci\u00f3 que ens ajuda a cuidar del nostre m\u00f3n. Com, per exemple, anar en bicicleta i no en cotxe per mantenir l\u2019aire net. O llan\u00e7ar les escombraries a on els pertoca. A m\u00e9s, al girar les p\u00e0gines transparents veurem els beneficis que ens aporta cada gest. Ha arribat el moment de poder actuar per protegir i salvar el nostre planeta d\u2019una manera interactiva i divertida.<\/p>\n<p><strong><em>\u00a0<\/em><\/strong><\/p>\n<p>&nbsp;<\/p>\n<article class=\"post-34734 post type-post status-publish format-standard has-post-thumbnail hentry category-bressol category-educacio-en-el-lleure category-llengua-i-cultura category-mes-educacio tag-contes pmpro-has-access\">\n<div class=\"entry clearfix\">\n<h3><a href=\"http:\/\/www.cruilla.cat\/cataleg\/literatura\/la-terra-el-planeta-i-la-gent\">La Terra, el planeta i la gent<\/a><\/h3>\n<ul>\n<li><strong>Jean-Michel Billioud i Julien Castani\u00e9<\/strong><\/li>\n<li><strong>Editorial Cru\u00eflla<\/strong><\/li>\n<\/ul>\n<p><img loading=\"lazy\" decoding=\"async\" class=\"alignright wp-image-34738\" src=\"https:\/\/diarieducacio.cat\/wp-content\/uploads\/2020\/01\/laterraelplanetailagent.jpg\" sizes=\"auto, (max-width: 250px) 100vw, 250px\" srcset=\"https:\/\/diarieducacio.cat\/wp-content\/uploads\/2020\/01\/laterraelplanetailagent.jpg 1198w, https:\/\/diarieducacio.cat\/wp-content\/uploads\/2020\/01\/laterraelplanetailagent-300x300.jpg 300w, https:\/\/diarieducacio.cat\/wp-content\/uploads\/2020\/01\/laterraelplanetailagent-1022x1024.jpg 1022w, https:\/\/diarieducacio.cat\/wp-content\/uploads\/2020\/01\/laterraelplanetailagent-150x150.jpg 150w, https:\/\/diarieducacio.cat\/wp-content\/uploads\/2020\/01\/laterraelplanetailagent-768x769.jpg 768w, https:\/\/diarieducacio.cat\/wp-content\/uploads\/2020\/01\/laterraelplanetailagent-48x48.jpg 48w, https:\/\/diarieducacio.cat\/wp-content\/uploads\/2020\/01\/laterraelplanetailagent-250x250.jpg 250w, https:\/\/diarieducacio.cat\/wp-content\/uploads\/2020\/01\/laterraelplanetailagent-550x551.jpg 550w, https:\/\/diarieducacio.cat\/wp-content\/uploads\/2020\/01\/laterraelplanetailagent-800x801.jpg 800w, https:\/\/diarieducacio.cat\/wp-content\/uploads\/2020\/01\/laterraelplanetailagent-180x180.jpg 180w, https:\/\/diarieducacio.cat\/wp-content\/uploads\/2020\/01\/laterraelplanetailagent-499x500.jpg 499w\" alt=\"\" width=\"250\" height=\"250\" \/>Aquest \u00e9s un d\u2019aquells llibres que els nens, cada vegada que l\u2019obren i se\u2019l miren, aprenen alguna cosa nova. A trav\u00e9s dels seus desplegables, els m\u00e9s petits podran con\u00e8ixer una mica m\u00e9s el nostre planeta, l\u2019\u00fanic en el qual de moment sabem que hi ha vida humana. Per\u00f2\u2026 com l\u2019ha afectat l\u2019acci\u00f3 de l\u2019home? Quins canvis ha viscut al llarg dels segles? Una proposta ben interessant, que ens ajudar\u00e0 a reflexionar plegats una mica m\u00e9s sobre la import\u00e0ncia de tenir cura del nostre entorn natural.<\/p>\n<p>&nbsp;<\/p>\n<div class=\"periodismeplural_ad column_ad [mobile]_columna_4_[articles]\">\n<div id=\"div-gpt-ad-1521709856762-0\"><\/div>\n<\/div>\n<hr \/>\n<h3><a href=\"https:\/\/www.editorialflamboyant.com\/ca\/libro\/atles-daventures-oceans\/\">Atles d\u2019aventures oceans<\/a><\/h3>\n<ul>\n<li><strong>De Lucy Letherland i Emily Hawkins<\/strong><\/li>\n<li><strong>Editorial Flamboyant<\/strong><\/li>\n<\/ul>\n<p><img loading=\"lazy\" decoding=\"async\" class=\"alignright wp-image-34739\" src=\"https:\/\/diarieducacio.cat\/wp-content\/uploads\/2020\/01\/atles-aventures.jpg\" sizes=\"auto, (max-width: 250px) 100vw, 250px\" srcset=\"https:\/\/diarieducacio.cat\/wp-content\/uploads\/2020\/01\/atles-aventures.jpg 768w, https:\/\/diarieducacio.cat\/wp-content\/uploads\/2020\/01\/atles-aventures-222x300.jpg 222w, https:\/\/diarieducacio.cat\/wp-content\/uploads\/2020\/01\/atles-aventures-758x1024.jpg 758w, https:\/\/diarieducacio.cat\/wp-content\/uploads\/2020\/01\/atles-aventures-250x338.jpg 250w, https:\/\/diarieducacio.cat\/wp-content\/uploads\/2020\/01\/atles-aventures-550x743.jpg 550w, https:\/\/diarieducacio.cat\/wp-content\/uploads\/2020\/01\/atles-aventures-133x180.jpg 133w, https:\/\/diarieducacio.cat\/wp-content\/uploads\/2020\/01\/atles-aventures-370x500.jpg 370w\" alt=\"\" width=\"250\" height=\"338\" \/>Anomenem Terra al nostre planeta, si b\u00e9 aquest est\u00e0 cobert per gaireb\u00e9 tres quartes parts d\u2019aigua. Un total de 5 oceans banyen les nostres costes i sovint no som conscients de la gran riquesa de criatures marines i h\u00e0bitats subaq\u00fc\u00e0tics que s\u2019hi amaguen. En els oceans trobem des de l\u2019animal m\u00e9s gran del m\u00f3n, la balena blanca, fins a alguns dels microbis m\u00e9s min\u00fasculs mai vistos. En l\u2019actualitat, aquests ecosistemes estan en greu perill a causa de l\u2019acci\u00f3 humana.<\/p>\n<p>Un llibre magn\u00edficament il\u00b7lustrat per llegir en fam\u00edlia i anar coneixent els diferents \u00e9ssers vius que habiten els nostres oceans, saber com s\u00f3n i alguna curiositat. A m\u00e9s, inclou un apartat que \u00e9s un joc que ens convida a reflexionar sobre la import\u00e0ncia dels oceans i qu\u00e8 podem fer per ajudar a protegir-los. Tamb\u00e9 existeix un petit joc de buscar diferents elements amagats entre les p\u00e0gines del llibre. Des de l\u2019any passat, l\u2019Editorial Flamboyant treballa m\u00e9s intensament contra el canvi clim\u00e0tic. Gr\u00e0cies a la creaci\u00f3 d\u2019un projecte de sostenibilitat integral, l\u2019editorial ha obtingut el Certificat de Neutralitat Clim\u00e0tica.<\/p>\n<div class=\"periodismeplural_ad column_ad [mobile]_columna_5_[articles]\">\n<div id=\"div-gpt-ad-1521709969044-0\"><\/div>\n<\/div>\n<hr \/>\n<h3><a href=\"http:\/\/www.takatuka.cat\/llibre.php?id=190&amp;El%20m%F3n%20va%20dir%20s%ED|Kaia%20Dahle%20Nyhus\">El m\u00f3n va dir s\u00ed<\/a><\/h3>\n<ul>\n<li><strong>Kaia Dahle Nyhus<\/strong><\/li>\n<li><strong>Editorial Takatuka<\/strong><\/li>\n<\/ul>\n<p><img loading=\"lazy\" decoding=\"async\" class=\"alignright wp-image-34742\" src=\"https:\/\/diarieducacio.cat\/wp-content\/uploads\/2020\/01\/elmonvadirs\u00ed.jpg\" sizes=\"auto, (max-width: 250px) 100vw, 250px\" srcset=\"https:\/\/diarieducacio.cat\/wp-content\/uploads\/2020\/01\/elmonvadirs\u00ed.jpg 1105w, https:\/\/diarieducacio.cat\/wp-content\/uploads\/2020\/01\/elmonvadirs\u00ed-276x300.jpg 276w, https:\/\/diarieducacio.cat\/wp-content\/uploads\/2020\/01\/elmonvadirs\u00ed-943x1024.jpg 943w, https:\/\/diarieducacio.cat\/wp-content\/uploads\/2020\/01\/elmonvadirs\u00ed-768x834.jpg 768w, https:\/\/diarieducacio.cat\/wp-content\/uploads\/2020\/01\/elmonvadirs\u00ed-250x271.jpg 250w, https:\/\/diarieducacio.cat\/wp-content\/uploads\/2020\/01\/elmonvadirs\u00ed-550x597.jpg 550w, https:\/\/diarieducacio.cat\/wp-content\/uploads\/2020\/01\/elmonvadirs\u00ed-800x869.jpg 800w, https:\/\/diarieducacio.cat\/wp-content\/uploads\/2020\/01\/elmonvadirs\u00ed-166x180.jpg 166w, https:\/\/diarieducacio.cat\/wp-content\/uploads\/2020\/01\/elmonvadirs\u00ed-460x500.jpg 460w\" alt=\"\" width=\"250\" height=\"271\" \/>Aquest llibre ens narra d\u2019una forma po\u00e8tica i sarc\u00e0stica com va n\u00e9ixer el m\u00f3n, els planetes, la vida en la Terra, l\u2019evoluci\u00f3 de les esp\u00e8cies i a grans trets la hist\u00f2ria de la humanitat. De fet, \u00e9s amb l\u2019arribada dels humans i el seu afany de m\u00e9s i m\u00e9s, el que fa que el m\u00f3n comenci a sentir-se cansat. Ell ja ha acabat el seu treball, ha creat la vida i el que \u00e9s necessari per poder viure. En canvi, les persones hem continuat fabricant i inventant noves coses que ens han portat progr\u00e9s, per\u00f2 que tamb\u00e9 ens han portat destrucci\u00f3. Vivim en un <em>no parar<\/em>. Arribar\u00e0 el dia que el m\u00f3n dir\u00e0 prou o serem nosaltres que fugirem a un altre planeta? Ara m\u00e9s que mai, \u00e9s moment de recordar-nos la immensa riquesa i gratitud que ens ofereix cada dia el nostre planeta. Un llibre que fa reflexionar a petits i grans. D\u2019il\u00b7lustracions abstractes i plenes de color, i fins i tot guanyador del Premi de la Cr\u00edtica de Noruega 2018.<\/p>\n<hr \/>\n<h3><a href=\"https:\/\/zahorideideas.com\/monstres-veritat\/?lang=ca\">Monstres de veritat amenacen el planeta<\/a><\/h3>\n<ul>\n<li><strong>Marie G. Rohde<\/strong><\/li>\n<li><strong>Zahor\u00ed Books<\/strong><\/li>\n<\/ul>\n<p><img loading=\"lazy\" decoding=\"async\" class=\"alignright wp-image-34741\" src=\"https:\/\/diarieducacio.cat\/wp-content\/uploads\/2020\/01\/MONSTRES-VERITAT-Mockup-CAT.png\" sizes=\"auto, (max-width: 250px) 100vw, 250px\" srcset=\"https:\/\/diarieducacio.cat\/wp-content\/uploads\/2020\/01\/MONSTRES-VERITAT-Mockup-CAT.png 331w, https:\/\/diarieducacio.cat\/wp-content\/uploads\/2020\/01\/MONSTRES-VERITAT-Mockup-CAT-243x300.png 243w, https:\/\/diarieducacio.cat\/wp-content\/uploads\/2020\/01\/MONSTRES-VERITAT-Mockup-CAT-250x308.png 250w, https:\/\/diarieducacio.cat\/wp-content\/uploads\/2020\/01\/MONSTRES-VERITAT-Mockup-CAT-146x180.png 146w\" alt=\"\" width=\"250\" height=\"308\" \/>Com podem explicar als m\u00e9s petits de casa les causes del canvi clim\u00e0tic? Els contes sempre seran una gran eina, com aquesta proposta de Zahor\u00ed Books. D\u2019una forma divertida i amena, fa una recopilaci\u00f3 de les amenaces reals del nostre planeta. En cada doble p\u00e0gina trobem un monstre batejat amb un joc de paraules. Cadascun d\u2019ells correspon a fen\u00f2mens reals del canvi clim\u00e0tic i de l\u2019acci\u00f3 humana que ja estan posant en perill la Terra. Un total de 22 \u00e9ssers tenen a tothom terroritzats. Aix\u00ed, trobem a l\u2019immens Basurokong, el desagradable Esmogod\u00f3n, l\u2019enganx\u00f3s quitr\u00e0, el famolenc talaloco o l\u2019invasiu Urbanosauro. El llibre acaba amb un glossari de paraules clau i un joc a trav\u00e9s del qual els nens podran saber com combatre i evitar aquests mals. A m\u00e9s, per acabar, fan una crida a petits herois mediambientals perqu\u00e8 s\u2019apuntin al seu \u201cClub del Petit activista\u201d en el qual els nens i nenes ajudaran al planeta a trav\u00e9s de projectes mediambientals que apadrina l\u2019editorial.<\/p>\n<div class=\"periodismeplural_ad column_ad [mobile]_columna_6_[articles]\">\n<div id=\"div-gpt-ad-1536254626853-0\"><\/div>\n<\/div>\n<hr \/>\n<h3><a href=\"https:\/\/cocobooks.com\/catalogo\/dibuja\/estas-aqui\/\">Est\u00e1s aqu\u00ed. Un libro interactivo de la tierra, de mapas y mundos<\/a><\/h3>\n<ul>\n<li><strong>Kathrin Jacobsen i Robin Jacobs<\/strong><\/li>\n<li><strong>Coco Books editorial<\/strong><\/li>\n<\/ul>\n<p><img loading=\"lazy\" decoding=\"async\" class=\"alignright wp-image-34744\" src=\"https:\/\/diarieducacio.cat\/wp-content\/uploads\/2020\/01\/Est\u00e1saqu\u00ed.jpg\" sizes=\"auto, (max-width: 250px) 100vw, 250px\" srcset=\"https:\/\/diarieducacio.cat\/wp-content\/uploads\/2020\/01\/Est\u00e1saqu\u00ed.jpg 709w, https:\/\/diarieducacio.cat\/wp-content\/uploads\/2020\/01\/Est\u00e1saqu\u00ed-249x300.jpg 249w, https:\/\/diarieducacio.cat\/wp-content\/uploads\/2020\/01\/Est\u00e1saqu\u00ed-250x301.jpg 250w, https:\/\/diarieducacio.cat\/wp-content\/uploads\/2020\/01\/Est\u00e1saqu\u00ed-550x662.jpg 550w, https:\/\/diarieducacio.cat\/wp-content\/uploads\/2020\/01\/Est\u00e1saqu\u00ed-150x180.jpg 150w, https:\/\/diarieducacio.cat\/wp-content\/uploads\/2020\/01\/Est\u00e1saqu\u00ed-416x500.jpg 416w\" alt=\"\" width=\"250\" height=\"301\" \/>Amb aquest llibre el lector podr\u00e0 situar-se una mica millor sobre el mapa per entendre on es troba, com \u00e9s el nostre m\u00f3n o qui som. A m\u00e9s d\u2019explorar el fons de la mar i sortir a l\u2019espai sideral. Aquesta nova proposta de Coco Books segueix la seva l\u00ednia editorial convidant, com sempre, al nen a interactuar amb el llibre. Ple de dades i xifres, amb mapes i gr\u00e0fics per completar i acolorir. Les belles il\u00b7lustracions de Kathrin Jacobsen embarcaran als joves lectors en un viatge apassionant al voltant del nostre estrany i meravell\u00f3s planeta i els permetran dibuixar pl\u00e0nols de ciutats i mapes de pa\u00efsos, comparar les poblacions i religions del m\u00f3n. <em>Est\u00e1s aqu\u00ed<\/em> \u00e9s una estimulant introducci\u00f3 pr\u00e0ctica i creativa a la geografia que elogia la diversitat cultural, analitza les difer\u00e8ncies, mostra l\u2019acci\u00f3 de l\u2019\u00e9sser hum\u00e0 sobre la naturalesa, revela la necessitat de la protecci\u00f3 mediambiental, ens transporta als oceans, ens d\u00f3na la clau per entendre la Terra i ens ensenya que el planeta on vivim \u00e9s un m\u00e9s en l\u2019univers i que tu est\u00e0s just aqu\u00ed!<\/p>\n<hr \/>\n<h3><a href=\"https:\/\/www.andana.net\/libro\/aturem-la-invasio_99761\/\">Aturem la invasi\u00f3. No ens deixem dominar pel pl\u00e0stic<\/a><\/h3>\n<ul>\n<li><strong>Ra\u00fcl Hurtado, Jos\u00e9 Ib\u00e1nez i Claudia Mosquera<\/strong><\/li>\n<li><strong>Andana Editorial<\/strong><\/li>\n<\/ul>\n<p><img loading=\"lazy\" decoding=\"async\" class=\"alignright wp-image-34745\" src=\"https:\/\/diarieducacio.cat\/wp-content\/uploads\/2020\/01\/aturem.jpg\" sizes=\"auto, (max-width: 250px) 100vw, 250px\" srcset=\"https:\/\/diarieducacio.cat\/wp-content\/uploads\/2020\/01\/aturem.jpg 853w, https:\/\/diarieducacio.cat\/wp-content\/uploads\/2020\/01\/aturem-213x300.jpg 213w, https:\/\/diarieducacio.cat\/wp-content\/uploads\/2020\/01\/aturem-728x1024.jpg 728w, https:\/\/diarieducacio.cat\/wp-content\/uploads\/2020\/01\/aturem-768x1080.jpg 768w, https:\/\/diarieducacio.cat\/wp-content\/uploads\/2020\/01\/aturem-250x352.jpg 250w, https:\/\/diarieducacio.cat\/wp-content\/uploads\/2020\/01\/aturem-550x774.jpg 550w, https:\/\/diarieducacio.cat\/wp-content\/uploads\/2020\/01\/aturem-800x1125.jpg 800w, https:\/\/diarieducacio.cat\/wp-content\/uploads\/2020\/01\/aturem-128x180.jpg 128w, https:\/\/diarieducacio.cat\/wp-content\/uploads\/2020\/01\/aturem-355x500.jpg 355w\" alt=\"\" width=\"250\" height=\"352\" \/>Els protagonistes d\u2019aquesta hist\u00f2ria, Greta i Aldo, amb l\u2019ajuda de la seva amiga Isa, tenen una missi\u00f3: aturar la invasi\u00f3 silenciosa en el nostre planeta d\u2019un perill\u00f3s monstre, el pl\u00e0stic. Aquest \u00e0lbum informatiu ens explica com i quan es va inventar aquest material, on est\u00e0 present en l\u2019actualitat i ens avisa de les greus conseq\u00fc\u00e8ncies que tindr\u00e0 el seu \u00fas abusiu. Com que el 2050 hi haur\u00e0 tants pl\u00e0stics com peixos al mar o que 12 milions de tones d\u2019aquesta mat\u00e8ria pararan als nostres oceans cada any, danyant els ecosistemes marins i entrant en la cadena aliment\u00e0ria. Els petits protagonistes aprendran detalls i curiositats sobre com es fabrica el pl\u00e0stic, la seva curta vida \u00fatil enfront la llarga vida residual i com es pot reciclar. El conte acaba amb 10 propostes per dur a terme en el nostre dia a dia, per aix\u00ed, entre tots, aturar aquesta invasi\u00f3.<\/p>\n<div class=\"periodismeplural_ad column_ad [mobile]_columna_7_[articles]\">\n<div id=\"div-gpt-ad-1559285137231-0\"><\/div>\n<\/div>\n<p>&nbsp;<\/p>\n<hr \/>\n<h3><a href=\"https:\/\/www.planetadelibros.com\/libro-superheroes-contra-el-plastico\/306464\">Superh\u00e9roes contra el pl\u00e1stico<\/a><\/h3>\n<ul>\n<li><strong>Martin Dorey i Tim Wesson<\/strong><\/li>\n<li><strong>Destino Infantil &amp; Juvenil<\/strong><\/li>\n<\/ul>\n<p><img loading=\"lazy\" decoding=\"async\" class=\"alignright wp-image-34746\" src=\"https:\/\/diarieducacio.cat\/wp-content\/uploads\/2020\/01\/superheroes-contra-el-plastico_martin-dorey_201910311056.jpg\" sizes=\"auto, (max-width: 250px) 100vw, 250px\" srcset=\"https:\/\/diarieducacio.cat\/wp-content\/uploads\/2020\/01\/superheroes-contra-el-plastico_martin-dorey_201910311056.jpg 252w, https:\/\/diarieducacio.cat\/wp-content\/uploads\/2020\/01\/superheroes-contra-el-plastico_martin-dorey_201910311056-195x300.jpg 195w, https:\/\/diarieducacio.cat\/wp-content\/uploads\/2020\/01\/superheroes-contra-el-plastico_martin-dorey_201910311056-250x384.jpg 250w, https:\/\/diarieducacio.cat\/wp-content\/uploads\/2020\/01\/superheroes-contra-el-plastico_martin-dorey_201910311056-117x180.jpg 117w\" alt=\"\" width=\"250\" height=\"384\" \/>Quin nen no vol ser un superheroi? No tots els superherois volen ni salven el m\u00f3n d\u2019invasors alien\u00edgenes, tamb\u00e9 n\u2019hi ha que fan tasques senzilles i rutin\u00e0ries, que triguen nom\u00e9s dos minuts per\u00f2 que tenen un impacte enorme. Aquests s\u00f3n els que lluiten contra el pl\u00e0stic i salvaran els oceans de convertir-se en abocadors de residus que perjudiquen la salut del medi ambient i dels mateixos humans. Aquest llibre, en forma de novel\u00b7la per als qui ja llegeixen, \u00e9s una guia amb 16 missions per evitar generar residus pl\u00e0stics en el nostre dia a dia a casa, a la motxilla, a les festes d\u2019aniversaris, etc. Al final el lector podr\u00e0 comprovar si s\u2019ha convertit en un #superh\u00e9roeen2minutos.<\/p>\n<p>El seu autor, Martin Dorey, \u00e9s un dels l\u00edders de la lluita contra el pl\u00e0stic al Regne Unit. Fa uns anys va fundar el moviment global #2minutebeachclean per mantenir les platges netes. Al final del llibre tamb\u00e9 trobarem altres campanyes i col\u00b7lectius que lluiten contra el pl\u00e0stic.<\/p>\n<hr \/>\n<h3><a href=\"https:\/\/www.megustaleer.com\/libros\/cuentos-para-nios-y-nias-que-quieren-salvar-el-mundo\/mes-103556\">Cuentos para ni\u00f1os y ni\u00f1as que quieren salvar el mundo<\/a><\/h3>\n<ul>\n<li><strong>Carola Benedetto i Luciana Ciliento<\/strong><\/li>\n<li><strong>B DE BLOK<\/strong><\/li>\n<\/ul>\n<p><img loading=\"lazy\" decoding=\"async\" class=\"alignright wp-image-34747\" src=\"https:\/\/diarieducacio.cat\/wp-content\/uploads\/2020\/01\/cuentosparani\u00f1os.jpg\" sizes=\"auto, (max-width: 250px) 100vw, 250px\" srcset=\"https:\/\/diarieducacio.cat\/wp-content\/uploads\/2020\/01\/cuentosparani\u00f1os.jpg 200w, https:\/\/diarieducacio.cat\/wp-content\/uploads\/2020\/01\/cuentosparani\u00f1os-135x180.jpg 135w\" alt=\"\" width=\"250\" height=\"334\" \/>Per inspirar-nos i animar als m\u00e9s joves a lluitar contra el canvi clim\u00e0tic una molt bona proposta \u00e9s la de Carola Benedetto i Luciana Ciliento. Un recopilatori de 16 contes dedicats a 16 personatges reals que treballen cada dia per a salvar el medi ambient. Des dels actors Leonardo DiCaprio i Emma Watson, a pol\u00edtics com Al Gore o Rigoberta Mench\u00fa artistes com Sebasti\u00e3o Salgado o Bj\u00f6rk i joves que sense voler s\u2019han tornat en activistes mediambientals com Greta Thunberg. Tots ells ens parlen de la import\u00e0ncia de cuidar i defensar el nostre planeta des de diferents \u00e0mbits, uns aut\u00e8ntics herois per als nostres fills. Que sobretot ens recorden que mai s\u2019\u00e9s massa jove per canviar el m\u00f3n i el curs de les coses.<\/p>\n<p>&nbsp;<\/p>\n<hr \/>\n<\/div>\n<\/article>\n<p>&nbsp;<\/p>\n","protected":false},"excerpt":{"rendered":"<p>Si esteu pensant quin llibre regalar per Sant Jordi, no deixeu de mirar les seg\u00fcents recomanacions:<\/p>\n<p><a href=\"https:\/\/www.editorialjuventud.es\/ca\/rescat-planeta-9788426145703\/\">Rescat planeta<\/a><\/p>\n<ul>\n<li>Patrick George<\/li>\n<li>Editorial Juventud<\/li>\n<\/ul>\n<p>Hi ha preguntes que ens fan els infants dif\u00edcils de contestar. Una d\u2019elles \u00e9s: \u201cQu\u00e8 podem fer per a ajudar a salvar el planeta?\u201d. En aquest&hellip;  <a href=\"https:\/\/agora.xtec.cat\/ceip-lesroquesblaves\/2015-24\/quins-llibres-podeu-regalar-aquest-sant-jordi\/\" title=\"Read QUINS LLIBRES PODEU REGALAR AQUEST SANT JORDI?\">Llegeix m\u00e9s\u00bb<\/a><\/p>\n","protected":false},"author":1,"featured_media":19168,"comment_status":"open","ping_status":"closed","sticky":false,"template":"","format":"standard","meta":{"footnotes":""},"categories":[265,266],"tags":[],"class_list":["post-19242","post","type-post","status-publish","format-standard","has-post-thumbnail","hentry","category-2015-24","category-promocio2016-25"],"post_mailing_queue_ids":[],"_links":{"self":[{"href":"https:\/\/agora.xtec.cat\/ceip-lesroquesblaves\/wp-json\/wp\/v2\/posts\/19242","targetHints":{"allow":["GET"]}}],"collection":[{"href":"https:\/\/agora.xtec.cat\/ceip-lesroquesblaves\/wp-json\/wp\/v2\/posts"}],"about":[{"href":"https:\/\/agora.xtec.cat\/ceip-lesroquesblaves\/wp-json\/wp\/v2\/types\/post"}],"author":[{"embeddable":true,"href":"https:\/\/agora.xtec.cat\/ceip-lesroquesblaves\/wp-json\/wp\/v2\/users\/1"}],"replies":[{"embeddable":true,"href":"https:\/\/agora.xtec.cat\/ceip-lesroquesblaves\/wp-json\/wp\/v2\/comments?post=19242"}],"version-history":[{"count":2,"href":"https:\/\/agora.xtec.cat\/ceip-lesroquesblaves\/wp-json\/wp\/v2\/posts\/19242\/revisions"}],"predecessor-version":[{"id":19248,"href":"https:\/\/agora.xtec.cat\/ceip-lesroquesblaves\/wp-json\/wp\/v2\/posts\/19242\/revisions\/19248"}],"wp:featuredmedia":[{"embeddable":true,"href":"https:\/\/agora.xtec.cat\/ceip-lesroquesblaves\/wp-json\/wp\/v2\/media\/19168"}],"wp:attachment":[{"href":"https:\/\/agora.xtec.cat\/ceip-lesroquesblaves\/wp-json\/wp\/v2\/media?parent=19242"}],"wp:term":[{"taxonomy":"category","embeddable":true,"href":"https:\/\/agora.xtec.cat\/ceip-lesroquesblaves\/wp-json\/wp\/v2\/categories?post=19242"},{"taxonomy":"post_tag","embeddable":true,"href":"https:\/\/agora.xtec.cat\/ceip-lesroquesblaves\/wp-json\/wp\/v2\/tags?post=19242"}],"curies":[{"name":"wp","href":"https:\/\/api.w.org\/{rel}","templated":true}]}}