{"id":19194,"date":"2020-04-15T17:41:17","date_gmt":"2020-04-15T15:41:17","guid":{"rendered":"https:\/\/agora.xtec.cat\/ceip-lesroquesblaves\/?p=19194"},"modified":"2020-04-28T17:06:24","modified_gmt":"2020-04-28T15:06:24","slug":"mostra-de-les-activitats-del-confinament-de-2n","status":"publish","type":"post","link":"https:\/\/agora.xtec.cat\/ceip-lesroquesblaves\/2015-24\/mostra-de-les-activitats-del-confinament-de-2n\/","title":{"rendered":"MOSTRA DE LES ACTIVITATS DEL CONFINAMENT DE 2n"},"content":{"rendered":"<p>Ja som al 3r trimestre! Aquestes s\u00f3n les primeres fotos que ens heu enviat tot just tornant de Setmana Santa. Anem recollint activitats de tot tipus, des de botigues i plastilina a petites investigacions i tallers de cuina i costura. I com no! El moment m\u00e9s relaxat del dia, la lectura en fam\u00edlia!<\/p>\n\n\t\t<style type=\"text\/css\">\n\t\t\t#gallery-1 {\n\t\t\t\tmargin: auto;\n\t\t\t}\n\t\t\t#gallery-1 .gallery-item {\n\t\t\t\tfloat: left;\n\t\t\t\tmargin-top: 10px;\n\t\t\t\ttext-align: center;\n\t\t\t\twidth: 33%;\n\t\t\t}\n\t\t\t#gallery-1 img {\n\t\t\t\tborder: 2px solid #cfcfcf;\n\t\t\t}\n\t\t\t#gallery-1 .gallery-caption {\n\t\t\t\tmargin-left: 0;\n\t\t\t}\n\t\t\t\/* see gallery_shortcode() in wp-includes\/media.php *\/\n\t\t<\/style>\n\t\t<div id='gallery-1' class='gallery galleryid-19194 gallery-columns-3 gallery-size-medium'><dl class='gallery-item'>\n\t\t\t<dt class='gallery-icon portrait'>\n\t\t\t\t<a href='https:\/\/agora.xtec.cat\/ceip-lesroquesblaves\/2015-24\/mostra-de-les-activitats-del-confinament-de-2n\/attachment\/mona-de-la-noa\/'><img loading=\"lazy\" decoding=\"async\" width=\"169\" height=\"300\" src=\"https:\/\/agora.xtec.cat\/ceip-lesroquesblaves\/wp-content\/uploads\/usu36\/2020\/04\/Mona-de-la-Noa-169x300.jpg\" class=\"attachment-medium size-medium\" alt=\"\" srcset=\"https:\/\/agora.xtec.cat\/ceip-lesroquesblaves\/wp-content\/uploads\/usu36\/2020\/04\/Mona-de-la-Noa-169x300.jpg 169w, https:\/\/agora.xtec.cat\/ceip-lesroquesblaves\/wp-content\/uploads\/usu36\/2020\/04\/Mona-de-la-Noa-768x1365.jpg 768w, https:\/\/agora.xtec.cat\/ceip-lesroquesblaves\/wp-content\/uploads\/usu36\/2020\/04\/Mona-de-la-Noa-576x1024.jpg 576w, https:\/\/agora.xtec.cat\/ceip-lesroquesblaves\/wp-content\/uploads\/usu36\/2020\/04\/Mona-de-la-Noa.jpg 1296w\" sizes=\"auto, (max-width: 169px) 100vw, 169px\" \/><\/a>\n\t\t\t<\/dt><\/dl><dl class='gallery-item'>\n\t\t\t<dt class='gallery-icon portrait'>\n\t\t\t\t<a href='https:\/\/agora.xtec.cat\/ceip-lesroquesblaves\/2015-24\/mostra-de-les-activitats-del-confinament-de-2n\/attachment\/la-mona-del-marcos\/'><img loading=\"lazy\" decoding=\"async\" width=\"169\" height=\"300\" src=\"https:\/\/agora.xtec.cat\/ceip-lesroquesblaves\/wp-content\/uploads\/usu36\/2020\/04\/La-mona-del-Marcos-169x300.jpg\" class=\"attachment-medium size-medium\" alt=\"\" srcset=\"https:\/\/agora.xtec.cat\/ceip-lesroquesblaves\/wp-content\/uploads\/usu36\/2020\/04\/La-mona-del-Marcos-169x300.jpg 169w, https:\/\/agora.xtec.cat\/ceip-lesroquesblaves\/wp-content\/uploads\/usu36\/2020\/04\/La-mona-del-Marcos-768x1367.jpg 768w, https:\/\/agora.xtec.cat\/ceip-lesroquesblaves\/wp-content\/uploads\/usu36\/2020\/04\/La-mona-del-Marcos-575x1024.jpg 575w, https:\/\/agora.xtec.cat\/ceip-lesroquesblaves\/wp-content\/uploads\/usu36\/2020\/04\/La-mona-del-Marcos.jpg 935w\" sizes=\"auto, (max-width: 169px) 100vw, 169px\" \/><\/a>\n\t\t\t<\/dt><\/dl><dl class='gallery-item'>\n\t\t\t<dt class='gallery-icon portrait'>\n\t\t\t\t<a href='https:\/\/agora.xtec.cat\/ceip-lesroquesblaves\/2015-24\/mostra-de-les-activitats-del-confinament-de-2n\/attachment\/dav-54\/'><img loading=\"lazy\" decoding=\"async\" width=\"225\" height=\"300\" src=\"https:\/\/agora.xtec.cat\/ceip-lesroquesblaves\/wp-content\/uploads\/usu36\/2020\/04\/Mona-casolana-2020-225x300.jpg\" class=\"attachment-medium size-medium\" alt=\"\" srcset=\"https:\/\/agora.xtec.cat\/ceip-lesroquesblaves\/wp-content\/uploads\/usu36\/2020\/04\/Mona-casolana-2020-225x300.jpg 225w, https:\/\/agora.xtec.cat\/ceip-lesroquesblaves\/wp-content\/uploads\/usu36\/2020\/04\/Mona-casolana-2020-768x1024.jpg 768w, https:\/\/agora.xtec.cat\/ceip-lesroquesblaves\/wp-content\/uploads\/usu36\/2020\/04\/Mona-casolana-2020.jpg 1872w\" sizes=\"auto, (max-width: 225px) 100vw, 225px\" \/><\/a>\n\t\t\t<\/dt><\/dl><br style=\"clear: both\" \/><dl class='gallery-item'>\n\t\t\t<dt class='gallery-icon landscape'>\n\t\t\t\t<a href='https:\/\/agora.xtec.cat\/ceip-lesroquesblaves\/2015-24\/mostra-de-les-activitats-del-confinament-de-2n\/attachment\/fruiteria-de-lalma\/'><img loading=\"lazy\" decoding=\"async\" width=\"300\" height=\"225\" src=\"https:\/\/agora.xtec.cat\/ceip-lesroquesblaves\/wp-content\/uploads\/usu36\/2020\/04\/Fruiteria-de-lAlma-300x225.jpg\" class=\"attachment-medium size-medium\" alt=\"\" srcset=\"https:\/\/agora.xtec.cat\/ceip-lesroquesblaves\/wp-content\/uploads\/usu36\/2020\/04\/Fruiteria-de-lAlma-300x225.jpg 300w, https:\/\/agora.xtec.cat\/ceip-lesroquesblaves\/wp-content\/uploads\/usu36\/2020\/04\/Fruiteria-de-lAlma-768x576.jpg 768w, https:\/\/agora.xtec.cat\/ceip-lesroquesblaves\/wp-content\/uploads\/usu36\/2020\/04\/Fruiteria-de-lAlma-1024x768.jpg 1024w, https:\/\/agora.xtec.cat\/ceip-lesroquesblaves\/wp-content\/uploads\/usu36\/2020\/04\/Fruiteria-de-lAlma-200x150.jpg 200w, https:\/\/agora.xtec.cat\/ceip-lesroquesblaves\/wp-content\/uploads\/usu36\/2020\/04\/Fruiteria-de-lAlma.jpg 1639w\" sizes=\"auto, (max-width: 300px) 100vw, 300px\" \/><\/a>\n\t\t\t<\/dt><\/dl><dl class='gallery-item'>\n\t\t\t<dt class='gallery-icon landscape'>\n\t\t\t\t<a href='https:\/\/agora.xtec.cat\/ceip-lesroquesblaves\/2015-24\/mostra-de-les-activitats-del-confinament-de-2n\/attachment\/dav-55\/'><img loading=\"lazy\" decoding=\"async\" width=\"300\" height=\"225\" src=\"https:\/\/agora.xtec.cat\/ceip-lesroquesblaves\/wp-content\/uploads\/usu36\/2020\/04\/David-300x225.jpg\" class=\"attachment-medium size-medium\" alt=\"\" srcset=\"https:\/\/agora.xtec.cat\/ceip-lesroquesblaves\/wp-content\/uploads\/usu36\/2020\/04\/David-300x225.jpg 300w, https:\/\/agora.xtec.cat\/ceip-lesroquesblaves\/wp-content\/uploads\/usu36\/2020\/04\/David-768x576.jpg 768w, https:\/\/agora.xtec.cat\/ceip-lesroquesblaves\/wp-content\/uploads\/usu36\/2020\/04\/David-1024x768.jpg 1024w, https:\/\/agora.xtec.cat\/ceip-lesroquesblaves\/wp-content\/uploads\/usu36\/2020\/04\/David-200x150.jpg 200w, https:\/\/agora.xtec.cat\/ceip-lesroquesblaves\/wp-content\/uploads\/usu36\/2020\/04\/David.jpg 1152w\" sizes=\"auto, (max-width: 300px) 100vw, 300px\" \/><\/a>\n\t\t\t<\/dt><\/dl><dl class='gallery-item'>\n\t\t\t<dt class='gallery-icon portrait'>\n\t\t\t\t<a href='https:\/\/agora.xtec.cat\/ceip-lesroquesblaves\/2015-24\/mostra-de-les-activitats-del-confinament-de-2n\/attachment\/edgar-g-resolucio-problema\/'><img loading=\"lazy\" decoding=\"async\" width=\"225\" height=\"300\" src=\"https:\/\/agora.xtec.cat\/ceip-lesroquesblaves\/wp-content\/uploads\/usu36\/2020\/04\/Edgar-G-Resoluci\u00f3-problema-225x300.jpg\" class=\"attachment-medium size-medium\" alt=\"\" srcset=\"https:\/\/agora.xtec.cat\/ceip-lesroquesblaves\/wp-content\/uploads\/usu36\/2020\/04\/Edgar-G-Resoluci\u00f3-problema-225x300.jpg 225w, https:\/\/agora.xtec.cat\/ceip-lesroquesblaves\/wp-content\/uploads\/usu36\/2020\/04\/Edgar-G-Resoluci\u00f3-problema-768x1024.jpg 768w, https:\/\/agora.xtec.cat\/ceip-lesroquesblaves\/wp-content\/uploads\/usu36\/2020\/04\/Edgar-G-Resoluci\u00f3-problema.jpg 1548w\" sizes=\"auto, (max-width: 225px) 100vw, 225px\" \/><\/a>\n\t\t\t<\/dt><\/dl><br style=\"clear: both\" \/><dl class='gallery-item'>\n\t\t\t<dt class='gallery-icon portrait'>\n\t\t\t\t<a href='https:\/\/agora.xtec.cat\/ceip-lesroquesblaves\/2015-24\/mostra-de-les-activitats-del-confinament-de-2n\/attachment\/carla-o-jo-em-quedo-a-casa\/'><img loading=\"lazy\" decoding=\"async\" width=\"225\" height=\"300\" src=\"https:\/\/agora.xtec.cat\/ceip-lesroquesblaves\/wp-content\/uploads\/usu36\/2020\/04\/Carla-O.-Jo-em-quedo-a-casa-225x300.jpg\" class=\"attachment-medium size-medium\" alt=\"\" srcset=\"https:\/\/agora.xtec.cat\/ceip-lesroquesblaves\/wp-content\/uploads\/usu36\/2020\/04\/Carla-O.-Jo-em-quedo-a-casa-225x300.jpg 225w, https:\/\/agora.xtec.cat\/ceip-lesroquesblaves\/wp-content\/uploads\/usu36\/2020\/04\/Carla-O.-Jo-em-quedo-a-casa-768x1024.jpg 768w, https:\/\/agora.xtec.cat\/ceip-lesroquesblaves\/wp-content\/uploads\/usu36\/2020\/04\/Carla-O.-Jo-em-quedo-a-casa.jpg 1512w\" sizes=\"auto, (max-width: 225px) 100vw, 225px\" \/><\/a>\n\t\t\t<\/dt><\/dl><dl class='gallery-item'>\n\t\t\t<dt class='gallery-icon portrait'>\n\t\t\t\t<a href='https:\/\/agora.xtec.cat\/ceip-lesroquesblaves\/2015-24\/mostra-de-les-activitats-del-confinament-de-2n\/attachment\/albert-joc-de-taula\/'><img loading=\"lazy\" decoding=\"async\" width=\"225\" height=\"300\" src=\"https:\/\/agora.xtec.cat\/ceip-lesroquesblaves\/wp-content\/uploads\/usu36\/2020\/04\/Albert-Joc-de-taula-225x300.jpg\" class=\"attachment-medium size-medium\" alt=\"\" srcset=\"https:\/\/agora.xtec.cat\/ceip-lesroquesblaves\/wp-content\/uploads\/usu36\/2020\/04\/Albert-Joc-de-taula-225x300.jpg 225w, https:\/\/agora.xtec.cat\/ceip-lesroquesblaves\/wp-content\/uploads\/usu36\/2020\/04\/Albert-Joc-de-taula.jpg 480w\" sizes=\"auto, (max-width: 225px) 100vw, 225px\" \/><\/a>\n\t\t\t<\/dt><\/dl><dl class='gallery-item'>\n\t\t\t<dt class='gallery-icon portrait'>\n\t\t\t\t<a href='https:\/\/agora.xtec.cat\/ceip-lesroquesblaves\/2015-24\/mostra-de-les-activitats-del-confinament-de-2n\/attachment\/anasaisha-y-ismail-1\/'><img loading=\"lazy\" decoding=\"async\" width=\"225\" height=\"300\" src=\"https:\/\/agora.xtec.cat\/ceip-lesroquesblaves\/wp-content\/uploads\/usu36\/2020\/04\/ANASAISHA-Y-ISMAIL-1-225x300.jpg\" class=\"attachment-medium size-medium\" alt=\"\" srcset=\"https:\/\/agora.xtec.cat\/ceip-lesroquesblaves\/wp-content\/uploads\/usu36\/2020\/04\/ANASAISHA-Y-ISMAIL-1-225x300.jpg 225w, https:\/\/agora.xtec.cat\/ceip-lesroquesblaves\/wp-content\/uploads\/usu36\/2020\/04\/ANASAISHA-Y-ISMAIL-1-768x1024.jpg 768w, https:\/\/agora.xtec.cat\/ceip-lesroquesblaves\/wp-content\/uploads\/usu36\/2020\/04\/ANASAISHA-Y-ISMAIL-1.jpg 1200w\" sizes=\"auto, (max-width: 225px) 100vw, 225px\" \/><\/a>\n\t\t\t<\/dt><\/dl><br style=\"clear: both\" \/><dl class='gallery-item'>\n\t\t\t<dt class='gallery-icon portrait'>\n\t\t\t\t<a href='https:\/\/agora.xtec.cat\/ceip-lesroquesblaves\/2015-24\/mostra-de-les-activitats-del-confinament-de-2n\/attachment\/dav-53\/'><img loading=\"lazy\" decoding=\"async\" width=\"225\" height=\"300\" src=\"https:\/\/agora.xtec.cat\/ceip-lesroquesblaves\/wp-content\/uploads\/usu36\/2020\/04\/LI\u00f1aki-ha-fet-fruites-225x300.jpg\" class=\"attachment-medium size-medium\" alt=\"\" srcset=\"https:\/\/agora.xtec.cat\/ceip-lesroquesblaves\/wp-content\/uploads\/usu36\/2020\/04\/LI\u00f1aki-ha-fet-fruites-225x300.jpg 225w, https:\/\/agora.xtec.cat\/ceip-lesroquesblaves\/wp-content\/uploads\/usu36\/2020\/04\/LI\u00f1aki-ha-fet-fruites-768x1024.jpg 768w, https:\/\/agora.xtec.cat\/ceip-lesroquesblaves\/wp-content\/uploads\/usu36\/2020\/04\/LI\u00f1aki-ha-fet-fruites.jpg 1560w\" sizes=\"auto, (max-width: 225px) 100vw, 225px\" \/><\/a>\n\t\t\t<\/dt><\/dl><dl class='gallery-item'>\n\t\t\t<dt class='gallery-icon portrait'>\n\t\t\t\t<a href='https:\/\/agora.xtec.cat\/ceip-lesroquesblaves\/2015-24\/mostra-de-les-activitats-del-confinament-de-2n\/attachment\/botiga-de-la-noa-1\/'><img loading=\"lazy\" decoding=\"async\" width=\"169\" height=\"300\" src=\"https:\/\/agora.xtec.cat\/ceip-lesroquesblaves\/wp-content\/uploads\/usu36\/2020\/04\/Botiga-de-la-Noa-1-169x300.jpg\" class=\"attachment-medium size-medium\" alt=\"\" srcset=\"https:\/\/agora.xtec.cat\/ceip-lesroquesblaves\/wp-content\/uploads\/usu36\/2020\/04\/Botiga-de-la-Noa-1-169x300.jpg 169w, https:\/\/agora.xtec.cat\/ceip-lesroquesblaves\/wp-content\/uploads\/usu36\/2020\/04\/Botiga-de-la-Noa-1-768x1365.jpg 768w, https:\/\/agora.xtec.cat\/ceip-lesroquesblaves\/wp-content\/uploads\/usu36\/2020\/04\/Botiga-de-la-Noa-1-576x1024.jpg 576w, https:\/\/agora.xtec.cat\/ceip-lesroquesblaves\/wp-content\/uploads\/usu36\/2020\/04\/Botiga-de-la-Noa-1.jpg 1296w\" sizes=\"auto, (max-width: 169px) 100vw, 169px\" \/><\/a>\n\t\t\t<\/dt><\/dl><dl class='gallery-item'>\n\t\t\t<dt class='gallery-icon portrait'>\n\t\t\t\t<a href='https:\/\/agora.xtec.cat\/ceip-lesroquesblaves\/2015-24\/mostra-de-les-activitats-del-confinament-de-2n\/attachment\/el-yaser-fa-una-mascareta-pel-seu-os\/'><img loading=\"lazy\" decoding=\"async\" width=\"169\" height=\"300\" src=\"https:\/\/agora.xtec.cat\/ceip-lesroquesblaves\/wp-content\/uploads\/usu36\/2020\/04\/El-Yaser-fa-una-mascareta-pel-seu-os-169x300.jpg\" class=\"attachment-medium size-medium\" alt=\"\" srcset=\"https:\/\/agora.xtec.cat\/ceip-lesroquesblaves\/wp-content\/uploads\/usu36\/2020\/04\/El-Yaser-fa-una-mascareta-pel-seu-os-169x300.jpg 169w, https:\/\/agora.xtec.cat\/ceip-lesroquesblaves\/wp-content\/uploads\/usu36\/2020\/04\/El-Yaser-fa-una-mascareta-pel-seu-os-768x1365.jpg 768w, https:\/\/agora.xtec.cat\/ceip-lesroquesblaves\/wp-content\/uploads\/usu36\/2020\/04\/El-Yaser-fa-una-mascareta-pel-seu-os-576x1024.jpg 576w, https:\/\/agora.xtec.cat\/ceip-lesroquesblaves\/wp-content\/uploads\/usu36\/2020\/04\/El-Yaser-fa-una-mascareta-pel-seu-os.jpg 900w\" sizes=\"auto, (max-width: 169px) 100vw, 169px\" \/><\/a>\n\t\t\t<\/dt><\/dl><br style=\"clear: both\" \/><dl class='gallery-item'>\n\t\t\t<dt class='gallery-icon portrait'>\n\t\t\t\t<a href='https:\/\/agora.xtec.cat\/ceip-lesroquesblaves\/2015-24\/mostra-de-les-activitats-del-confinament-de-2n\/attachment\/el-marcos-experimenta\/'><img loading=\"lazy\" decoding=\"async\" width=\"169\" height=\"300\" src=\"https:\/\/agora.xtec.cat\/ceip-lesroquesblaves\/wp-content\/uploads\/usu36\/2020\/04\/El-Marcos-experimenta-169x300.jpg\" class=\"attachment-medium size-medium\" alt=\"\" srcset=\"https:\/\/agora.xtec.cat\/ceip-lesroquesblaves\/wp-content\/uploads\/usu36\/2020\/04\/El-Marcos-experimenta-169x300.jpg 169w, https:\/\/agora.xtec.cat\/ceip-lesroquesblaves\/wp-content\/uploads\/usu36\/2020\/04\/El-Marcos-experimenta-768x1367.jpg 768w, https:\/\/agora.xtec.cat\/ceip-lesroquesblaves\/wp-content\/uploads\/usu36\/2020\/04\/El-Marcos-experimenta-575x1024.jpg 575w, https:\/\/agora.xtec.cat\/ceip-lesroquesblaves\/wp-content\/uploads\/usu36\/2020\/04\/El-Marcos-experimenta.jpg 935w\" sizes=\"auto, (max-width: 169px) 100vw, 169px\" \/><\/a>\n\t\t\t<\/dt><\/dl><dl class='gallery-item'>\n\t\t\t<dt class='gallery-icon landscape'>\n\t\t\t\t<a href='https:\/\/agora.xtec.cat\/ceip-lesroquesblaves\/2015-24\/mostra-de-les-activitats-del-confinament-de-2n\/attachment\/la-mona-de-lainhoa\/'><img loading=\"lazy\" decoding=\"async\" width=\"300\" height=\"225\" src=\"https:\/\/agora.xtec.cat\/ceip-lesroquesblaves\/wp-content\/uploads\/usu36\/2020\/04\/La-Mona-de-lAinhoa-300x225.jpg\" class=\"attachment-medium size-medium\" alt=\"\" srcset=\"https:\/\/agora.xtec.cat\/ceip-lesroquesblaves\/wp-content\/uploads\/usu36\/2020\/04\/La-Mona-de-lAinhoa-300x225.jpg 300w, https:\/\/agora.xtec.cat\/ceip-lesroquesblaves\/wp-content\/uploads\/usu36\/2020\/04\/La-Mona-de-lAinhoa-768x576.jpg 768w, https:\/\/agora.xtec.cat\/ceip-lesroquesblaves\/wp-content\/uploads\/usu36\/2020\/04\/La-Mona-de-lAinhoa-1024x768.jpg 1024w, https:\/\/agora.xtec.cat\/ceip-lesroquesblaves\/wp-content\/uploads\/usu36\/2020\/04\/La-Mona-de-lAinhoa-200x150.jpg 200w, https:\/\/agora.xtec.cat\/ceip-lesroquesblaves\/wp-content\/uploads\/usu36\/2020\/04\/La-Mona-de-lAinhoa.jpg 1210w\" sizes=\"auto, (max-width: 300px) 100vw, 300px\" \/><\/a>\n\t\t\t<\/dt><\/dl><dl class='gallery-item'>\n\t\t\t<dt class='gallery-icon landscape'>\n\t\t\t\t<a href='https:\/\/agora.xtec.cat\/ceip-lesroquesblaves\/2015-24\/mostra-de-les-activitats-del-confinament-de-2n\/attachment\/luis-i-unes-paneroles\/'><img loading=\"lazy\" decoding=\"async\" width=\"300\" height=\"225\" src=\"https:\/\/agora.xtec.cat\/ceip-lesroquesblaves\/wp-content\/uploads\/usu36\/2020\/04\/Luis-i-unes-paneroles-300x225.jpg\" class=\"attachment-medium size-medium\" alt=\"\" srcset=\"https:\/\/agora.xtec.cat\/ceip-lesroquesblaves\/wp-content\/uploads\/usu36\/2020\/04\/Luis-i-unes-paneroles-300x225.jpg 300w, https:\/\/agora.xtec.cat\/ceip-lesroquesblaves\/wp-content\/uploads\/usu36\/2020\/04\/Luis-i-unes-paneroles-768x576.jpg 768w, https:\/\/agora.xtec.cat\/ceip-lesroquesblaves\/wp-content\/uploads\/usu36\/2020\/04\/Luis-i-unes-paneroles-200x150.jpg 200w, https:\/\/agora.xtec.cat\/ceip-lesroquesblaves\/wp-content\/uploads\/usu36\/2020\/04\/Luis-i-unes-paneroles.jpg 832w\" sizes=\"auto, (max-width: 300px) 100vw, 300px\" \/><\/a>\n\t\t\t<\/dt><\/dl><br style=\"clear: both\" \/>\n\t\t<\/div>\n\n<p>&nbsp;<\/p>\n\n\t\t<style type=\"text\/css\">\n\t\t\t#gallery-2 {\n\t\t\t\tmargin: auto;\n\t\t\t}\n\t\t\t#gallery-2 .gallery-item {\n\t\t\t\tfloat: left;\n\t\t\t\tmargin-top: 10px;\n\t\t\t\ttext-align: center;\n\t\t\t\twidth: 33%;\n\t\t\t}\n\t\t\t#gallery-2 img {\n\t\t\t\tborder: 2px solid #cfcfcf;\n\t\t\t}\n\t\t\t#gallery-2 .gallery-caption {\n\t\t\t\tmargin-left: 0;\n\t\t\t}\n\t\t\t\/* see gallery_shortcode() in wp-includes\/media.php *\/\n\t\t<\/style>\n\t\t<div id='gallery-2' class='gallery galleryid-19194 gallery-columns-3 gallery-size-medium'><dl class='gallery-item'>\n\t\t\t<dt class='gallery-icon portrait'>\n\t\t\t\t<a href='https:\/\/agora.xtec.cat\/ceip-lesroquesblaves\/2015-24\/mostra-de-les-activitats-del-confinament-de-2n\/attachment\/la-marwa-ens-ensenya-les-seves-feines\/'><img loading=\"lazy\" decoding=\"async\" width=\"222\" height=\"300\" src=\"https:\/\/agora.xtec.cat\/ceip-lesroquesblaves\/wp-content\/uploads\/usu36\/2020\/04\/La-Marwa-ens-ensenya-les-seves-feines-222x300.jpg\" class=\"attachment-medium size-medium\" alt=\"\" srcset=\"https:\/\/agora.xtec.cat\/ceip-lesroquesblaves\/wp-content\/uploads\/usu36\/2020\/04\/La-Marwa-ens-ensenya-les-seves-feines-222x300.jpg 222w, https:\/\/agora.xtec.cat\/ceip-lesroquesblaves\/wp-content\/uploads\/usu36\/2020\/04\/La-Marwa-ens-ensenya-les-seves-feines.jpg 602w\" sizes=\"auto, (max-width: 222px) 100vw, 222px\" \/><\/a>\n\t\t\t<\/dt><\/dl><dl class='gallery-item'>\n\t\t\t<dt class='gallery-icon portrait'>\n\t\t\t\t<a href='https:\/\/agora.xtec.cat\/ceip-lesroquesblaves\/2015-24\/mostra-de-les-activitats-del-confinament-de-2n\/attachment\/mona-de-la-giulia\/'><img loading=\"lazy\" decoding=\"async\" width=\"225\" height=\"300\" src=\"https:\/\/agora.xtec.cat\/ceip-lesroquesblaves\/wp-content\/uploads\/usu36\/2020\/04\/Mona-de-la-Giulia-225x300.jpg\" class=\"attachment-medium size-medium\" alt=\"\" srcset=\"https:\/\/agora.xtec.cat\/ceip-lesroquesblaves\/wp-content\/uploads\/usu36\/2020\/04\/Mona-de-la-Giulia-225x300.jpg 225w, https:\/\/agora.xtec.cat\/ceip-lesroquesblaves\/wp-content\/uploads\/usu36\/2020\/04\/Mona-de-la-Giulia-768x1024.jpg 768w, https:\/\/agora.xtec.cat\/ceip-lesroquesblaves\/wp-content\/uploads\/usu36\/2020\/04\/Mona-de-la-Giulia.jpg 1383w\" sizes=\"auto, (max-width: 225px) 100vw, 225px\" \/><\/a>\n\t\t\t<\/dt><\/dl><dl class='gallery-item'>\n\t\t\t<dt class='gallery-icon landscape'>\n\t\t\t\t<a href='https:\/\/agora.xtec.cat\/ceip-lesroquesblaves\/2015-24\/mostra-de-les-activitats-del-confinament-de-2n\/attachment\/dibuix-conte-jiaxin\/'><img loading=\"lazy\" decoding=\"async\" width=\"300\" height=\"225\" src=\"https:\/\/agora.xtec.cat\/ceip-lesroquesblaves\/wp-content\/uploads\/usu36\/2020\/04\/Dibuix-conte-Jiaxin-300x225.jpg\" class=\"attachment-medium size-medium\" alt=\"\" srcset=\"https:\/\/agora.xtec.cat\/ceip-lesroquesblaves\/wp-content\/uploads\/usu36\/2020\/04\/Dibuix-conte-Jiaxin-300x225.jpg 300w, https:\/\/agora.xtec.cat\/ceip-lesroquesblaves\/wp-content\/uploads\/usu36\/2020\/04\/Dibuix-conte-Jiaxin-768x576.jpg 768w, https:\/\/agora.xtec.cat\/ceip-lesroquesblaves\/wp-content\/uploads\/usu36\/2020\/04\/Dibuix-conte-Jiaxin-1024x768.jpg 1024w, https:\/\/agora.xtec.cat\/ceip-lesroquesblaves\/wp-content\/uploads\/usu36\/2020\/04\/Dibuix-conte-Jiaxin-200x150.jpg 200w, https:\/\/agora.xtec.cat\/ceip-lesroquesblaves\/wp-content\/uploads\/usu36\/2020\/04\/Dibuix-conte-Jiaxin.jpg 1460w\" sizes=\"auto, (max-width: 300px) 100vw, 300px\" \/><\/a>\n\t\t\t<\/dt><\/dl><br style=\"clear: both\" \/>\n\t\t<\/div>\n\n<p>Dimarts 7 d&#8217;abril<\/p>\n<p>Continuem rebent fotografies de les activitats que heu anat fent fins ara. Ja sou grans experts i expertes en comprar i vendre! L&#8217;Ainhoa, la Giulia i l&#8217;Ona ens ensenyen les seves botigues, amb els preus als articles que hi venen, i fins i tot una caixa amb diners! La Noa ha practicat molt amb les mesures; l&#8217;Alex \u00e9s tot geni resolent enigmes i l&#8217;Aleix i el Jos\u00e9 ens ensenyen de quin animal de Les Roques Blaves han fet la fitxa t\u00e8cnica. La Raquel fins i tot t\u00e9 temps de fer alguna manualitat, i el Yaser s&#8217;ho ha passat d&#8217;all\u00f2 m\u00e9s b\u00e9 fent la plastilina. Seguiu aix\u00ed nens i nenes de 2n! Esperem m\u00e9s not\u00edcies vostres!<\/p>\n\n\t\t<style type=\"text\/css\">\n\t\t\t#gallery-3 {\n\t\t\t\tmargin: auto;\n\t\t\t}\n\t\t\t#gallery-3 .gallery-item {\n\t\t\t\tfloat: left;\n\t\t\t\tmargin-top: 10px;\n\t\t\t\ttext-align: center;\n\t\t\t\twidth: 33%;\n\t\t\t}\n\t\t\t#gallery-3 img {\n\t\t\t\tborder: 2px solid #cfcfcf;\n\t\t\t}\n\t\t\t#gallery-3 .gallery-caption {\n\t\t\t\tmargin-left: 0;\n\t\t\t}\n\t\t\t\/* see gallery_shortcode() in wp-includes\/media.php *\/\n\t\t<\/style>\n\t\t<div id='gallery-3' class='gallery galleryid-19194 gallery-columns-3 gallery-size-medium'><dl class='gallery-item'>\n\t\t\t<dt class='gallery-icon landscape'>\n\t\t\t\t<a href='https:\/\/agora.xtec.cat\/ceip-lesroquesblaves\/la-botiga-de-lainhoa\/'><img loading=\"lazy\" decoding=\"async\" width=\"300\" height=\"225\" src=\"https:\/\/agora.xtec.cat\/ceip-lesroquesblaves\/wp-content\/uploads\/usu36\/2020\/04\/La-botiga-de-lAinhoa-300x225.jpg\" class=\"attachment-medium size-medium\" alt=\"\" srcset=\"https:\/\/agora.xtec.cat\/ceip-lesroquesblaves\/wp-content\/uploads\/usu36\/2020\/04\/La-botiga-de-lAinhoa-300x225.jpg 300w, https:\/\/agora.xtec.cat\/ceip-lesroquesblaves\/wp-content\/uploads\/usu36\/2020\/04\/La-botiga-de-lAinhoa-768x576.jpg 768w, https:\/\/agora.xtec.cat\/ceip-lesroquesblaves\/wp-content\/uploads\/usu36\/2020\/04\/La-botiga-de-lAinhoa-200x150.jpg 200w, https:\/\/agora.xtec.cat\/ceip-lesroquesblaves\/wp-content\/uploads\/usu36\/2020\/04\/La-botiga-de-lAinhoa.jpg 824w\" sizes=\"auto, (max-width: 300px) 100vw, 300px\" \/><\/a>\n\t\t\t<\/dt><\/dl><dl class='gallery-item'>\n\t\t\t<dt class='gallery-icon landscape'>\n\t\t\t\t<a href='https:\/\/agora.xtec.cat\/ceip-lesroquesblaves\/noa-mesures\/'><img loading=\"lazy\" decoding=\"async\" width=\"300\" height=\"234\" src=\"https:\/\/agora.xtec.cat\/ceip-lesroquesblaves\/wp-content\/uploads\/usu36\/2020\/04\/Noa-mesures-300x234.jpg\" class=\"attachment-medium size-medium\" alt=\"\" srcset=\"https:\/\/agora.xtec.cat\/ceip-lesroquesblaves\/wp-content\/uploads\/usu36\/2020\/04\/Noa-mesures-300x234.jpg 300w, https:\/\/agora.xtec.cat\/ceip-lesroquesblaves\/wp-content\/uploads\/usu36\/2020\/04\/Noa-mesures-768x598.jpg 768w, https:\/\/agora.xtec.cat\/ceip-lesroquesblaves\/wp-content\/uploads\/usu36\/2020\/04\/Noa-mesures.jpg 967w\" sizes=\"auto, (max-width: 300px) 100vw, 300px\" \/><\/a>\n\t\t\t<\/dt><\/dl><dl class='gallery-item'>\n\t\t\t<dt class='gallery-icon landscape'>\n\t\t\t\t<a href='https:\/\/agora.xtec.cat\/ceip-lesroquesblaves\/alex-a-problema\/'><img loading=\"lazy\" decoding=\"async\" width=\"300\" height=\"225\" src=\"https:\/\/agora.xtec.cat\/ceip-lesroquesblaves\/wp-content\/uploads\/usu36\/2020\/04\/Alex-A.-problema-300x225.jpg\" class=\"attachment-medium size-medium\" alt=\"\" srcset=\"https:\/\/agora.xtec.cat\/ceip-lesroquesblaves\/wp-content\/uploads\/usu36\/2020\/04\/Alex-A.-problema-300x225.jpg 300w, https:\/\/agora.xtec.cat\/ceip-lesroquesblaves\/wp-content\/uploads\/usu36\/2020\/04\/Alex-A.-problema-200x150.jpg 200w, https:\/\/agora.xtec.cat\/ceip-lesroquesblaves\/wp-content\/uploads\/usu36\/2020\/04\/Alex-A.-problema.jpg 640w\" sizes=\"auto, (max-width: 300px) 100vw, 300px\" \/><\/a>\n\t\t\t<\/dt><\/dl><br style=\"clear: both\" \/><dl class='gallery-item'>\n\t\t\t<dt class='gallery-icon portrait'>\n\t\t\t\t<a href='https:\/\/agora.xtec.cat\/ceip-lesroquesblaves\/raquel\/'><img loading=\"lazy\" decoding=\"async\" width=\"225\" height=\"300\" src=\"https:\/\/agora.xtec.cat\/ceip-lesroquesblaves\/wp-content\/uploads\/usu36\/2020\/04\/Raquel-225x300.jpg\" class=\"attachment-medium size-medium\" alt=\"\" srcset=\"https:\/\/agora.xtec.cat\/ceip-lesroquesblaves\/wp-content\/uploads\/usu36\/2020\/04\/Raquel-225x300.jpg 225w, https:\/\/agora.xtec.cat\/ceip-lesroquesblaves\/wp-content\/uploads\/usu36\/2020\/04\/Raquel.jpg 692w\" sizes=\"auto, (max-width: 225px) 100vw, 225px\" \/><\/a>\n\t\t\t<\/dt><\/dl><dl class='gallery-item'>\n\t\t\t<dt class='gallery-icon portrait'>\n\t\t\t\t<a href='https:\/\/agora.xtec.cat\/ceip-lesroquesblaves\/lanimal-del-jose\/'><img loading=\"lazy\" decoding=\"async\" width=\"225\" height=\"300\" src=\"https:\/\/agora.xtec.cat\/ceip-lesroquesblaves\/wp-content\/uploads\/usu36\/2020\/04\/Lanimal-del-Jos\u00e9-225x300.jpg\" class=\"attachment-medium size-medium\" alt=\"\" srcset=\"https:\/\/agora.xtec.cat\/ceip-lesroquesblaves\/wp-content\/uploads\/usu36\/2020\/04\/Lanimal-del-Jos\u00e9-225x300.jpg 225w, https:\/\/agora.xtec.cat\/ceip-lesroquesblaves\/wp-content\/uploads\/usu36\/2020\/04\/Lanimal-del-Jos\u00e9.jpg 554w\" sizes=\"auto, (max-width: 225px) 100vw, 225px\" \/><\/a>\n\t\t\t<\/dt><\/dl><dl class='gallery-item'>\n\t\t\t<dt class='gallery-icon portrait'>\n\t\t\t\t<a href='https:\/\/agora.xtec.cat\/ceip-lesroquesblaves\/ona-va-de-compres\/'><img loading=\"lazy\" decoding=\"async\" width=\"238\" height=\"300\" src=\"https:\/\/agora.xtec.cat\/ceip-lesroquesblaves\/wp-content\/uploads\/usu36\/2020\/04\/Ona-va-de-compres-238x300.jpg\" class=\"attachment-medium size-medium\" alt=\"\" srcset=\"https:\/\/agora.xtec.cat\/ceip-lesroquesblaves\/wp-content\/uploads\/usu36\/2020\/04\/Ona-va-de-compres-238x300.jpg 238w, https:\/\/agora.xtec.cat\/ceip-lesroquesblaves\/wp-content\/uploads\/usu36\/2020\/04\/Ona-va-de-compres.jpg 554w\" sizes=\"auto, (max-width: 238px) 100vw, 238px\" \/><\/a>\n\t\t\t<\/dt><\/dl><br style=\"clear: both\" \/><dl class='gallery-item'>\n\t\t\t<dt class='gallery-icon landscape'>\n\t\t\t\t<a href='https:\/\/agora.xtec.cat\/ceip-lesroquesblaves\/la-botiga-de-la-giulia\/'><img loading=\"lazy\" decoding=\"async\" width=\"300\" height=\"225\" src=\"https:\/\/agora.xtec.cat\/ceip-lesroquesblaves\/wp-content\/uploads\/usu36\/2020\/04\/La-botiga-de-la-Giulia-300x225.jpg\" class=\"attachment-medium size-medium\" alt=\"\" srcset=\"https:\/\/agora.xtec.cat\/ceip-lesroquesblaves\/wp-content\/uploads\/usu36\/2020\/04\/La-botiga-de-la-Giulia-300x225.jpg 300w, https:\/\/agora.xtec.cat\/ceip-lesroquesblaves\/wp-content\/uploads\/usu36\/2020\/04\/La-botiga-de-la-Giulia-200x150.jpg 200w, https:\/\/agora.xtec.cat\/ceip-lesroquesblaves\/wp-content\/uploads\/usu36\/2020\/04\/La-botiga-de-la-Giulia.jpg 727w\" sizes=\"auto, (max-width: 300px) 100vw, 300px\" \/><\/a>\n\t\t\t<\/dt><\/dl><dl class='gallery-item'>\n\t\t\t<dt class='gallery-icon landscape'>\n\t\t\t\t<a href='https:\/\/agora.xtec.cat\/ceip-lesroquesblaves\/aleix-s\/'><img loading=\"lazy\" decoding=\"async\" width=\"300\" height=\"221\" src=\"https:\/\/agora.xtec.cat\/ceip-lesroquesblaves\/wp-content\/uploads\/usu36\/2020\/04\/Aleix-S.-300x221.png\" class=\"attachment-medium size-medium\" alt=\"\" srcset=\"https:\/\/agora.xtec.cat\/ceip-lesroquesblaves\/wp-content\/uploads\/usu36\/2020\/04\/Aleix-S.-300x221.png 300w, https:\/\/agora.xtec.cat\/ceip-lesroquesblaves\/wp-content\/uploads\/usu36\/2020\/04\/Aleix-S.-e1586287053178.png 667w\" sizes=\"auto, (max-width: 300px) 100vw, 300px\" \/><\/a>\n\t\t\t<\/dt><\/dl><dl class='gallery-item'>\n\t\t\t<dt class='gallery-icon portrait'>\n\t\t\t\t<a href='https:\/\/agora.xtec.cat\/ceip-lesroquesblaves\/yaser-fent-plastilina\/'><img loading=\"lazy\" decoding=\"async\" width=\"169\" height=\"300\" src=\"https:\/\/agora.xtec.cat\/ceip-lesroquesblaves\/wp-content\/uploads\/usu36\/2020\/04\/Yaser-fent-plastilina-169x300.jpg\" class=\"attachment-medium size-medium\" alt=\"\" srcset=\"https:\/\/agora.xtec.cat\/ceip-lesroquesblaves\/wp-content\/uploads\/usu36\/2020\/04\/Yaser-fent-plastilina-169x300.jpg 169w, https:\/\/agora.xtec.cat\/ceip-lesroquesblaves\/wp-content\/uploads\/usu36\/2020\/04\/Yaser-fent-plastilina-576x1024.jpg 576w, https:\/\/agora.xtec.cat\/ceip-lesroquesblaves\/wp-content\/uploads\/usu36\/2020\/04\/Yaser-fent-plastilina.jpg 681w\" sizes=\"auto, (max-width: 169px) 100vw, 169px\" \/><\/a>\n\t\t\t<\/dt><\/dl><br style=\"clear: both\" \/>\n\t\t<\/div>\n\n<p>Divendres 3 d&#8217;abril<\/p>\n<p>Aquesta setmana hem tingut not\u00edcies de molts de vosaltres. Estem molt contentes de saber que esteu b\u00e9!<\/p>\n<p>L&#8217;Alma, l&#8217;Edgar, l&#8217;Erik, la Jiaxin, la Daniela, la Laia , la Giulia i el Marcos C. ens han explicat que estan fent moltes de les activitats que us hem proposat i que els agraden molt.<\/p>\n<p>Us deixem les fotografies que ens heu fet arribar i us animem a enviar-ne m\u00e9s!<\/p>\n\n\t\t<style type=\"text\/css\">\n\t\t\t#gallery-4 {\n\t\t\t\tmargin: auto;\n\t\t\t}\n\t\t\t#gallery-4 .gallery-item {\n\t\t\t\tfloat: left;\n\t\t\t\tmargin-top: 10px;\n\t\t\t\ttext-align: center;\n\t\t\t\twidth: 33%;\n\t\t\t}\n\t\t\t#gallery-4 img {\n\t\t\t\tborder: 2px solid #cfcfcf;\n\t\t\t}\n\t\t\t#gallery-4 .gallery-caption {\n\t\t\t\tmargin-left: 0;\n\t\t\t}\n\t\t\t\/* see gallery_shortcode() in wp-includes\/media.php *\/\n\t\t<\/style>\n\t\t<div id='gallery-4' class='gallery galleryid-19194 gallery-columns-3 gallery-size-medium'><dl class='gallery-item'>\n\t\t\t<dt class='gallery-icon portrait'>\n\t\t\t\t<a href='https:\/\/agora.xtec.cat\/ceip-lesroquesblaves\/albert-practicant-numeros\/'><img loading=\"lazy\" decoding=\"async\" width=\"225\" height=\"300\" src=\"https:\/\/agora.xtec.cat\/ceip-lesroquesblaves\/wp-content\/uploads\/usu36\/2020\/03\/Albert-practicant-numeros-225x300.jpg\" class=\"attachment-medium size-medium\" alt=\"\" srcset=\"https:\/\/agora.xtec.cat\/ceip-lesroquesblaves\/wp-content\/uploads\/usu36\/2020\/03\/Albert-practicant-numeros-225x300.jpg 225w, https:\/\/agora.xtec.cat\/ceip-lesroquesblaves\/wp-content\/uploads\/usu36\/2020\/03\/Albert-practicant-numeros.jpg 605w\" sizes=\"auto, (max-width: 225px) 100vw, 225px\" \/><\/a>\n\t\t\t<\/dt><\/dl><dl class='gallery-item'>\n\t\t\t<dt class='gallery-icon portrait'>\n\t\t\t\t<a href='https:\/\/agora.xtec.cat\/ceip-lesroquesblaves\/botiga-carla-2\/'><img loading=\"lazy\" decoding=\"async\" width=\"225\" height=\"300\" src=\"https:\/\/agora.xtec.cat\/ceip-lesroquesblaves\/wp-content\/uploads\/usu36\/2020\/03\/Botiga-Carla-1-e1585926755420-225x300.jpg\" class=\"attachment-medium size-medium\" alt=\"\" srcset=\"https:\/\/agora.xtec.cat\/ceip-lesroquesblaves\/wp-content\/uploads\/usu36\/2020\/03\/Botiga-Carla-1-e1585926755420-225x300.jpg 225w, https:\/\/agora.xtec.cat\/ceip-lesroquesblaves\/wp-content\/uploads\/usu36\/2020\/03\/Botiga-Carla-1-e1585926755420-768x1024.jpg 768w, https:\/\/agora.xtec.cat\/ceip-lesroquesblaves\/wp-content\/uploads\/usu36\/2020\/03\/Botiga-Carla-1-e1585926755420.jpg 1512w\" sizes=\"auto, (max-width: 225px) 100vw, 225px\" \/><\/a>\n\t\t\t<\/dt><\/dl><dl class='gallery-item'>\n\t\t\t<dt class='gallery-icon portrait'>\n\t\t\t\t<a href='https:\/\/agora.xtec.cat\/ceip-lesroquesblaves\/rbthdr\/'><img loading=\"lazy\" decoding=\"async\" width=\"225\" height=\"300\" src=\"https:\/\/agora.xtec.cat\/ceip-lesroquesblaves\/wp-content\/uploads\/usu36\/2020\/03\/Mishelle-pastis-225x300.jpg\" class=\"attachment-medium size-medium\" alt=\"\" srcset=\"https:\/\/agora.xtec.cat\/ceip-lesroquesblaves\/wp-content\/uploads\/usu36\/2020\/03\/Mishelle-pastis-225x300.jpg 225w, https:\/\/agora.xtec.cat\/ceip-lesroquesblaves\/wp-content\/uploads\/usu36\/2020\/03\/Mishelle-pastis-768x1024.jpg 768w, https:\/\/agora.xtec.cat\/ceip-lesroquesblaves\/wp-content\/uploads\/usu36\/2020\/03\/Mishelle-pastis.jpg 1191w\" sizes=\"auto, (max-width: 225px) 100vw, 225px\" \/><\/a>\n\t\t\t<\/dt><\/dl><br style=\"clear: both\" \/><dl class='gallery-item'>\n\t\t\t<dt class='gallery-icon landscape'>\n\t\t\t\t<a href='https:\/\/agora.xtec.cat\/ceip-lesroquesblaves\/karen\/'><img loading=\"lazy\" decoding=\"async\" width=\"300\" height=\"225\" src=\"https:\/\/agora.xtec.cat\/ceip-lesroquesblaves\/wp-content\/uploads\/usu36\/2020\/03\/Karen-300x225.jpg\" class=\"attachment-medium size-medium\" alt=\"\" srcset=\"https:\/\/agora.xtec.cat\/ceip-lesroquesblaves\/wp-content\/uploads\/usu36\/2020\/03\/Karen-300x225.jpg 300w, https:\/\/agora.xtec.cat\/ceip-lesroquesblaves\/wp-content\/uploads\/usu36\/2020\/03\/Karen-768x576.jpg 768w, https:\/\/agora.xtec.cat\/ceip-lesroquesblaves\/wp-content\/uploads\/usu36\/2020\/03\/Karen-1024x767.jpg 1024w, https:\/\/agora.xtec.cat\/ceip-lesroquesblaves\/wp-content\/uploads\/usu36\/2020\/03\/Karen-200x150.jpg 200w, https:\/\/agora.xtec.cat\/ceip-lesroquesblaves\/wp-content\/uploads\/usu36\/2020\/03\/Karen.jpg 1756w\" sizes=\"auto, (max-width: 300px) 100vw, 300px\" \/><\/a>\n\t\t\t<\/dt><\/dl><dl class='gallery-item'>\n\t\t\t<dt class='gallery-icon landscape'>\n\t\t\t\t<a href='https:\/\/agora.xtec.cat\/ceip-lesroquesblaves\/carla-o-venent-a-la-seva-botiga\/'><img loading=\"lazy\" decoding=\"async\" width=\"300\" height=\"225\" src=\"https:\/\/agora.xtec.cat\/ceip-lesroquesblaves\/wp-content\/uploads\/usu36\/2020\/03\/Carla-O-venent-a-la-seva-botiga-300x225.jpg\" class=\"attachment-medium size-medium\" alt=\"\" srcset=\"https:\/\/agora.xtec.cat\/ceip-lesroquesblaves\/wp-content\/uploads\/usu36\/2020\/03\/Carla-O-venent-a-la-seva-botiga-300x225.jpg 300w, https:\/\/agora.xtec.cat\/ceip-lesroquesblaves\/wp-content\/uploads\/usu36\/2020\/03\/Carla-O-venent-a-la-seva-botiga-768x576.jpg 768w, https:\/\/agora.xtec.cat\/ceip-lesroquesblaves\/wp-content\/uploads\/usu36\/2020\/03\/Carla-O-venent-a-la-seva-botiga-1024x768.jpg 1024w, https:\/\/agora.xtec.cat\/ceip-lesroquesblaves\/wp-content\/uploads\/usu36\/2020\/03\/Carla-O-venent-a-la-seva-botiga-200x150.jpg 200w, https:\/\/agora.xtec.cat\/ceip-lesroquesblaves\/wp-content\/uploads\/usu36\/2020\/03\/Carla-O-venent-a-la-seva-botiga.jpg 1613w\" sizes=\"auto, (max-width: 300px) 100vw, 300px\" \/><\/a>\n\t\t\t<\/dt><\/dl><dl class='gallery-item'>\n\t\t\t<dt class='gallery-icon landscape'>\n\t\t\t\t<a href='https:\/\/agora.xtec.cat\/ceip-lesroquesblaves\/plastilina-giulia\/'><img loading=\"lazy\" decoding=\"async\" width=\"300\" height=\"225\" src=\"https:\/\/agora.xtec.cat\/ceip-lesroquesblaves\/wp-content\/uploads\/usu36\/2020\/03\/Plastilina-Giulia-300x225.jpg\" class=\"attachment-medium size-medium\" alt=\"\" srcset=\"https:\/\/agora.xtec.cat\/ceip-lesroquesblaves\/wp-content\/uploads\/usu36\/2020\/03\/Plastilina-Giulia-300x225.jpg 300w, https:\/\/agora.xtec.cat\/ceip-lesroquesblaves\/wp-content\/uploads\/usu36\/2020\/03\/Plastilina-Giulia-768x576.jpg 768w, https:\/\/agora.xtec.cat\/ceip-lesroquesblaves\/wp-content\/uploads\/usu36\/2020\/03\/Plastilina-Giulia-1024x768.jpg 1024w, https:\/\/agora.xtec.cat\/ceip-lesroquesblaves\/wp-content\/uploads\/usu36\/2020\/03\/Plastilina-Giulia-200x150.jpg 200w, https:\/\/agora.xtec.cat\/ceip-lesroquesblaves\/wp-content\/uploads\/usu36\/2020\/03\/Plastilina-Giulia.jpg 1844w\" sizes=\"auto, (max-width: 300px) 100vw, 300px\" \/><\/a>\n\t\t\t<\/dt><\/dl><br style=\"clear: both\" \/><dl class='gallery-item'>\n\t\t\t<dt class='gallery-icon portrait'>\n\t\t\t\t<a href='https:\/\/agora.xtec.cat\/ceip-lesroquesblaves\/hdrpl\/'><img loading=\"lazy\" decoding=\"async\" width=\"225\" height=\"300\" src=\"https:\/\/agora.xtec.cat\/ceip-lesroquesblaves\/wp-content\/uploads\/usu36\/2020\/03\/Dibuix-Jiaxin-225x300.jpg\" class=\"attachment-medium size-medium\" alt=\"\" srcset=\"https:\/\/agora.xtec.cat\/ceip-lesroquesblaves\/wp-content\/uploads\/usu36\/2020\/03\/Dibuix-Jiaxin-225x300.jpg 225w, https:\/\/agora.xtec.cat\/ceip-lesroquesblaves\/wp-content\/uploads\/usu36\/2020\/03\/Dibuix-Jiaxin-768x1024.jpg 768w, https:\/\/agora.xtec.cat\/ceip-lesroquesblaves\/wp-content\/uploads\/usu36\/2020\/03\/Dibuix-Jiaxin.jpg 820w\" sizes=\"auto, (max-width: 225px) 100vw, 225px\" \/><\/a>\n\t\t\t<\/dt><\/dl><dl class='gallery-item'>\n\t\t\t<dt class='gallery-icon landscape'>\n\t\t\t\t<a href='https:\/\/agora.xtec.cat\/ceip-lesroquesblaves\/martina-a-botiga-i-preus\/'><img loading=\"lazy\" decoding=\"async\" width=\"300\" height=\"145\" src=\"https:\/\/agora.xtec.cat\/ceip-lesroquesblaves\/wp-content\/uploads\/usu36\/2020\/03\/Martina-A.-botiga-i-preus-300x145.jpg\" class=\"attachment-medium size-medium\" alt=\"\" srcset=\"https:\/\/agora.xtec.cat\/ceip-lesroquesblaves\/wp-content\/uploads\/usu36\/2020\/03\/Martina-A.-botiga-i-preus-300x145.jpg 300w, https:\/\/agora.xtec.cat\/ceip-lesroquesblaves\/wp-content\/uploads\/usu36\/2020\/03\/Martina-A.-botiga-i-preus-768x371.jpg 768w, https:\/\/agora.xtec.cat\/ceip-lesroquesblaves\/wp-content\/uploads\/usu36\/2020\/03\/Martina-A.-botiga-i-preus.jpg 913w\" sizes=\"auto, (max-width: 300px) 100vw, 300px\" \/><\/a>\n\t\t\t<\/dt><\/dl><dl class='gallery-item'>\n\t\t\t<dt class='gallery-icon landscape'>\n\t\t\t\t<a href='https:\/\/agora.xtec.cat\/ceip-lesroquesblaves\/nil-recepta-2\/'><img loading=\"lazy\" decoding=\"async\" width=\"300\" height=\"133\" src=\"https:\/\/agora.xtec.cat\/ceip-lesroquesblaves\/wp-content\/uploads\/usu36\/2020\/03\/Nil-recepta-2-300x133.jpg\" class=\"attachment-medium size-medium\" alt=\"\" srcset=\"https:\/\/agora.xtec.cat\/ceip-lesroquesblaves\/wp-content\/uploads\/usu36\/2020\/03\/Nil-recepta-2-300x133.jpg 300w, https:\/\/agora.xtec.cat\/ceip-lesroquesblaves\/wp-content\/uploads\/usu36\/2020\/03\/Nil-recepta-2-768x341.jpg 768w, https:\/\/agora.xtec.cat\/ceip-lesroquesblaves\/wp-content\/uploads\/usu36\/2020\/03\/Nil-recepta-2-1024x454.jpg 1024w, https:\/\/agora.xtec.cat\/ceip-lesroquesblaves\/wp-content\/uploads\/usu36\/2020\/03\/Nil-recepta-2.jpg 1145w\" sizes=\"auto, (max-width: 300px) 100vw, 300px\" \/><\/a>\n\t\t\t<\/dt><\/dl><br style=\"clear: both\" \/>\n\t\t<\/div>\n\n<p>&nbsp;<\/p>\n<p>Diumenge 29 de mar\u00e7<\/p>\n<p>Als nens i nenes de segon res els atura!. Aquesta setmana l&#8217;Ainhoa i la Martina han compartit amb tots nosaltres una imatge i un dibuix del que han fet aquests dies de confinament a casa. L&#8217;Albert i el Hans ens han escrit unes cartes molt boniques que tamb\u00e9 ens han fet molta il\u00b7lusi\u00f3. Animeu-vos i feu-nos arribar m\u00e9s imatges i dibuixos! Segur que com m\u00e9s compartim, m\u00e9s a prop ens sentirem els uns dels altres! Una abra\u00e7ada ben forta!<\/p>\n<p>&nbsp;<\/p>\n<p>&nbsp;<\/p>\n\n\t\t<style type=\"text\/css\">\n\t\t\t#gallery-5 {\n\t\t\t\tmargin: auto;\n\t\t\t}\n\t\t\t#gallery-5 .gallery-item {\n\t\t\t\tfloat: left;\n\t\t\t\tmargin-top: 10px;\n\t\t\t\ttext-align: center;\n\t\t\t\twidth: 33%;\n\t\t\t}\n\t\t\t#gallery-5 img {\n\t\t\t\tborder: 2px solid #cfcfcf;\n\t\t\t}\n\t\t\t#gallery-5 .gallery-caption {\n\t\t\t\tmargin-left: 0;\n\t\t\t}\n\t\t\t\/* see gallery_shortcode() in wp-includes\/media.php *\/\n\t\t<\/style>\n\t\t<div id='gallery-5' class='gallery galleryid-19194 gallery-columns-3 gallery-size-medium'><dl class='gallery-item'>\n\t\t\t<dt class='gallery-icon landscape'>\n\t\t\t\t<a href='https:\/\/agora.xtec.cat\/ceip-lesroquesblaves\/20200325_192411-1\/'><img loading=\"lazy\" decoding=\"async\" width=\"300\" height=\"169\" src=\"https:\/\/agora.xtec.cat\/ceip-lesroquesblaves\/wp-content\/uploads\/usu36\/2020\/03\/20200325_192411-1-300x169.jpg\" class=\"attachment-medium size-medium\" alt=\"\" srcset=\"https:\/\/agora.xtec.cat\/ceip-lesroquesblaves\/wp-content\/uploads\/usu36\/2020\/03\/20200325_192411-1-300x169.jpg 300w, https:\/\/agora.xtec.cat\/ceip-lesroquesblaves\/wp-content\/uploads\/usu36\/2020\/03\/20200325_192411-1-768x432.jpg 768w, https:\/\/agora.xtec.cat\/ceip-lesroquesblaves\/wp-content\/uploads\/usu36\/2020\/03\/20200325_192411-1.jpg 922w\" sizes=\"auto, (max-width: 300px) 100vw, 300px\" \/><\/a>\n\t\t\t<\/dt><\/dl><dl class='gallery-item'>\n\t\t\t<dt class='gallery-icon portrait'>\n\t\t\t\t<a href='https:\/\/agora.xtec.cat\/ceip-lesroquesblaves\/_20200329_214123\/'><img loading=\"lazy\" decoding=\"async\" width=\"226\" height=\"300\" src=\"https:\/\/agora.xtec.cat\/ceip-lesroquesblaves\/wp-content\/uploads\/usu36\/2020\/03\/20200329_214123-226x300.jpg\" class=\"attachment-medium size-medium\" alt=\"\" srcset=\"https:\/\/agora.xtec.cat\/ceip-lesroquesblaves\/wp-content\/uploads\/usu36\/2020\/03\/20200329_214123-226x300.jpg 226w, https:\/\/agora.xtec.cat\/ceip-lesroquesblaves\/wp-content\/uploads\/usu36\/2020\/03\/20200329_214123-768x1018.jpg 768w, https:\/\/agora.xtec.cat\/ceip-lesroquesblaves\/wp-content\/uploads\/usu36\/2020\/03\/20200329_214123-773x1024.jpg 773w, https:\/\/agora.xtec.cat\/ceip-lesroquesblaves\/wp-content\/uploads\/usu36\/2020\/03\/20200329_214123.jpg 814w\" sizes=\"auto, (max-width: 226px) 100vw, 226px\" \/><\/a>\n\t\t\t<\/dt><\/dl><dl class='gallery-item'>\n\t\t\t<dt class='gallery-icon landscape'>\n\t\t\t\t<a href='https:\/\/agora.xtec.cat\/ceip-lesroquesblaves\/conill-de-la-m-s\/'><img loading=\"lazy\" decoding=\"async\" width=\"300\" height=\"225\" src=\"https:\/\/agora.xtec.cat\/ceip-lesroquesblaves\/wp-content\/uploads\/usu36\/2020\/03\/Conill-de-la-M.S.-300x225.jpeg\" class=\"attachment-medium size-medium\" alt=\"\" srcset=\"https:\/\/agora.xtec.cat\/ceip-lesroquesblaves\/wp-content\/uploads\/usu36\/2020\/03\/Conill-de-la-M.S.-300x225.jpeg 300w, https:\/\/agora.xtec.cat\/ceip-lesroquesblaves\/wp-content\/uploads\/usu36\/2020\/03\/Conill-de-la-M.S.-200x150.jpeg 200w, https:\/\/agora.xtec.cat\/ceip-lesroquesblaves\/wp-content\/uploads\/usu36\/2020\/03\/Conill-de-la-M.S..jpeg 640w\" sizes=\"auto, (max-width: 300px) 100vw, 300px\" \/><\/a>\n\t\t\t<\/dt><\/dl><br style=\"clear: both\" \/>\n\t\t<\/div>\n\n","protected":false},"excerpt":{"rendered":"<p>Ja som al 3r trimestre! Aquestes s\u00f3n les primeres fotos que ens heu enviat tot just tornant de Setmana Santa. Anem recollint activitats de tot tipus, des de botigues i plastilina a petites investigacions i tallers de cuina i costura. I com no! El moment&hellip;  <a href=\"https:\/\/agora.xtec.cat\/ceip-lesroquesblaves\/2015-24\/mostra-de-les-activitats-del-confinament-de-2n\/\" title=\"Read MOSTRA DE LES ACTIVITATS DEL CONFINAMENT DE 2n\">Llegeix m\u00e9s\u00bb<\/a><\/p>\n","protected":false},"author":68,"featured_media":19773,"comment_status":"open","ping_status":"closed","sticky":false,"template":"","format":"standard","meta":{"footnotes":""},"categories":[265],"tags":[371],"class_list":["post-19194","post","type-post","status-publish","format-standard","has-post-thumbnail","hentry","category-2015-24","tag-joemquedoacasa"],"post_mailing_queue_ids":[],"_links":{"self":[{"href":"https:\/\/agora.xtec.cat\/ceip-lesroquesblaves\/wp-json\/wp\/v2\/posts\/19194","targetHints":{"allow":["GET"]}}],"collection":[{"href":"https:\/\/agora.xtec.cat\/ceip-lesroquesblaves\/wp-json\/wp\/v2\/posts"}],"about":[{"href":"https:\/\/agora.xtec.cat\/ceip-lesroquesblaves\/wp-json\/wp\/v2\/types\/post"}],"author":[{"embeddable":true,"href":"https:\/\/agora.xtec.cat\/ceip-lesroquesblaves\/wp-json\/wp\/v2\/users\/68"}],"replies":[{"embeddable":true,"href":"https:\/\/agora.xtec.cat\/ceip-lesroquesblaves\/wp-json\/wp\/v2\/comments?post=19194"}],"version-history":[{"count":4,"href":"https:\/\/agora.xtec.cat\/ceip-lesroquesblaves\/wp-json\/wp\/v2\/posts\/19194\/revisions"}],"predecessor-version":[{"id":19830,"href":"https:\/\/agora.xtec.cat\/ceip-lesroquesblaves\/wp-json\/wp\/v2\/posts\/19194\/revisions\/19830"}],"wp:featuredmedia":[{"embeddable":true,"href":"https:\/\/agora.xtec.cat\/ceip-lesroquesblaves\/wp-json\/wp\/v2\/media\/19773"}],"wp:attachment":[{"href":"https:\/\/agora.xtec.cat\/ceip-lesroquesblaves\/wp-json\/wp\/v2\/media?parent=19194"}],"wp:term":[{"taxonomy":"category","embeddable":true,"href":"https:\/\/agora.xtec.cat\/ceip-lesroquesblaves\/wp-json\/wp\/v2\/categories?post=19194"},{"taxonomy":"post_tag","embeddable":true,"href":"https:\/\/agora.xtec.cat\/ceip-lesroquesblaves\/wp-json\/wp\/v2\/tags?post=19194"}],"curies":[{"name":"wp","href":"https:\/\/api.w.org\/{rel}","templated":true}]}}