{"id":19165,"date":"2020-04-14T19:30:56","date_gmt":"2020-04-14T17:30:56","guid":{"rendered":"https:\/\/agora.xtec.cat\/ceip-lesroquesblaves\/?p=19165"},"modified":"2020-04-18T16:23:17","modified_gmt":"2020-04-18T14:23:17","slug":"propostes-dactivitats-setmana-el-14-al-19-dabril-2n-ci","status":"publish","type":"post","link":"https:\/\/agora.xtec.cat\/ceip-lesroquesblaves\/2015-24\/propostes-dactivitats-setmana-el-14-al-19-dabril-2n-ci\/","title":{"rendered":"PROPOSTES D&#8217;ACTIVITATS SETMANA DEL 14 AL 19 D&#8217;ABRIL 2n CI"},"content":{"rendered":"<p><strong>\u00a0<\/strong><\/p>\n<p><strong>1<\/strong>-Sabem que molts de vosaltres esteu llegint aquests dies llibres molt bonics i els que no ho heu fet, us animem a comen\u00e7ar avui mateix. Segur que trobeu coses per llegir interessants.<\/p>\n<p>En un full aneu fent una llista dels llibres que heu llegit i dels que aneu llegint aquests dies. Podeu posar de t\u00edtol: LECTURA\u00a0 A CASA.\u00a0 Despr\u00e9s aneu fent la llista amb\u00a0 el t\u00edtol del conte i el nom de l\u2019autor o autora. Els que us agradin molt els hi feu una estrelleta al costat.<\/p>\n<p><a href=\"https:\/\/agora.xtec.cat\/ceip-lesroquesblaves\/wp-content\/uploads\/usu36\/2020\/04\/llegir.png\"><img loading=\"lazy\" decoding=\"async\" class=\"wp-image-19168 aligncenter\" src=\"https:\/\/agora.xtec.cat\/ceip-lesroquesblaves\/wp-content\/uploads\/usu36\/2020\/04\/llegir.png\" alt=\"\" width=\"205\" height=\"155\" srcset=\"https:\/\/agora.xtec.cat\/ceip-lesroquesblaves\/wp-content\/uploads\/usu36\/2020\/04\/llegir.png 481w, https:\/\/agora.xtec.cat\/ceip-lesroquesblaves\/wp-content\/uploads\/usu36\/2020\/04\/llegir-300x228.png 300w, https:\/\/agora.xtec.cat\/ceip-lesroquesblaves\/wp-content\/uploads\/usu36\/2020\/04\/llegir-200x150.png 200w\" sizes=\"auto, (max-width: 205px) 100vw, 205px\" \/><\/a><\/p>\n<p>&nbsp;<\/p>\n<p>&nbsp;<\/p>\n<p><strong>2<\/strong>-Com que ja teniu molta pr\u00e0ctica en recollir les dades del temps que fa cada dia i a final de mes fer una gr\u00e0fica, us proposem que comenceu a\u00a0 anotar el temps del mes d\u2019abril. En un full de paper us podeu dibuixar el mes, tal i com v\u00e0reu fer a inici de curs a la classe.<\/p>\n<p>No farem tot el mes. Comenceu avui i el dia 30 ser\u00e0 l\u2019\u00faltim dia. Quan s\u2019acabi el mes ja podreu fer la gr\u00e0fica del temps.<\/p>\n<p style=\"text-align: center\"><a href=\"https:\/\/agora.xtec.cat\/ceip-lesroquesblaves\/wp-content\/uploads\/usu36\/2020\/04\/Temps.png\"><img loading=\"lazy\" decoding=\"async\" class=\"alignnone size-full wp-image-19171\" src=\"https:\/\/agora.xtec.cat\/ceip-lesroquesblaves\/wp-content\/uploads\/usu36\/2020\/04\/Temps.png\" alt=\"\" width=\"192\" height=\"138\" \/><\/a><\/p>\n<p>&nbsp;<\/p>\n<p><strong>3<\/strong>-Aquestes s\u00e8ries de 4 figures s\u2019han constru\u00eft seguint un criteri. Per\u00f2 s\u2019ha colat una figura intrusa en cada una.<\/p>\n<p>Doncs es tracta de trobar quina \u00e9s la figura de cada s\u00e8rie que \u201ctrenca la norma\u201d.<\/p>\n<p>Copieu el n\u00famero de la s\u00e8rie i escriviu quina figura \u00e9s i el per qu\u00e8.<\/p>\n<p><a href=\"https:\/\/agora.xtec.cat\/ceip-lesroquesblaves\/wp-content\/uploads\/usu36\/2020\/04\/serie.png\"><img loading=\"lazy\" decoding=\"async\" class=\"alignnone size-full wp-image-19170\" src=\"https:\/\/agora.xtec.cat\/ceip-lesroquesblaves\/wp-content\/uploads\/usu36\/2020\/04\/serie.png\" alt=\"\" width=\"502\" height=\"561\" srcset=\"https:\/\/agora.xtec.cat\/ceip-lesroquesblaves\/wp-content\/uploads\/usu36\/2020\/04\/serie.png 502w, https:\/\/agora.xtec.cat\/ceip-lesroquesblaves\/wp-content\/uploads\/usu36\/2020\/04\/serie-268x300.png 268w\" sizes=\"auto, (max-width: 502px) 100vw, 502px\" \/><\/a><\/p>\n<p>&nbsp;<\/p>\n<p>I per \u00faltim, aquesta s\u00e8rie \u00e9s especial: podem trobar un argument per descartar<\/p>\n<p>qualsevol de les figures. A veure si ho dedu\u00efu.<\/p>\n<p><a href=\"https:\/\/agora.xtec.cat\/ceip-lesroquesblaves\/wp-content\/uploads\/usu36\/2020\/04\/serie-2.png\"><img loading=\"lazy\" decoding=\"async\" class=\"alignnone size-full wp-image-19169\" src=\"https:\/\/agora.xtec.cat\/ceip-lesroquesblaves\/wp-content\/uploads\/usu36\/2020\/04\/serie-2.png\" alt=\"\" width=\"501\" height=\"81\" srcset=\"https:\/\/agora.xtec.cat\/ceip-lesroquesblaves\/wp-content\/uploads\/usu36\/2020\/04\/serie-2.png 501w, https:\/\/agora.xtec.cat\/ceip-lesroquesblaves\/wp-content\/uploads\/usu36\/2020\/04\/serie-2-300x49.png 300w\" sizes=\"auto, (max-width: 501px) 100vw, 501px\" \/><\/a><\/p>\n<p>&nbsp;<\/p>\n<p>&nbsp;<\/p>\n<p><strong>4<\/strong>-Escriviu una carta als companys de classe explicant que heu fet aquests dies de Pasqua.<br \/>\nAh! Sobretot recordeu que hi ha d\u2019haver la data, una salutaci\u00f3, l\u2019explicaci\u00f3, un acomiadament i la signatura.<\/p>\n<p>&nbsp;<\/p>\n<p><a href=\"https:\/\/agora.xtec.cat\/ceip-lesroquesblaves\/wp-content\/uploads\/usu36\/2020\/04\/carter.png\"><img loading=\"lazy\" decoding=\"async\" class=\"wp-image-19167 aligncenter\" src=\"https:\/\/agora.xtec.cat\/ceip-lesroquesblaves\/wp-content\/uploads\/usu36\/2020\/04\/carter.png\" alt=\"\" width=\"106\" height=\"137\" \/><\/a><\/p>\n<p>&nbsp;<\/p>\n<p><strong>5- REPTE DE LA QUARTA SETMANA<\/strong><\/p>\n<p><a href=\"https:\/\/agora.xtec.cat\/ceip-lesroquesblaves\/wp-content\/uploads\/usu36\/2020\/04\/botons.png\"><img loading=\"lazy\" decoding=\"async\" class=\"alignright wp-image-19166 size-full\" src=\"https:\/\/agora.xtec.cat\/ceip-lesroquesblaves\/wp-content\/uploads\/usu36\/2020\/04\/botons.png\" alt=\"\" width=\"82\" height=\"85\" \/><\/a><\/p>\n<ul>\n<li style=\"list-style-type: none\">\n<ul style=\"list-style-type: disc\">\n<li>Posa <u>sis botons<\/u>, fitxes o el que tingueu en l\u00ednia i una mica separats entre ells.<\/li>\n<\/ul>\n<\/li>\n<\/ul>\n<p>Quants espais hi ha entre ells?\u00a0\u00a0 Dibuixa-ho.<br \/>\nAra col\u00b7loca\u2019ls de manera que hi hagi 6 espais.\u00a0 Dibuixa-ho.<\/p>\n<p>&nbsp;<\/p>\n<ul>\n<li style=\"list-style-type: none\">\n<ul>\n<li style=\"list-style-type: none\">\n<ul>\n<li>Posa <u>set botons<\/u> en l\u00ednia i una mica separats entre ells. Quants espais hi ha entre ells?\u00a0\u00a0 Dibuixa-ho.<br \/>\nAra col\u00b7loca\u2019ls de manera que hi hagi 7 espais.\u00a0 Dibuixa-ho.<\/li>\n<\/ul>\n<\/li>\n<\/ul>\n<\/li>\n<\/ul>\n<p>&nbsp;<\/p>\n<ul>\n<li style=\"list-style-type: none\">\n<ul>\n<li style=\"list-style-type: none\">\n<ul>\n<li>\u00a0I amb vuit botons. Qu\u00e8passar\u00e0?<\/li>\n<\/ul>\n<\/li>\n<\/ul>\n<\/li>\n<\/ul>\n<p>&nbsp;<\/p>\n<ul>\n<li style=\"list-style-type: none\">\n<ul>\n<li><em><strong>CONCLUSIONS:<\/strong><\/em><em>(Explica qu\u00e8 has dedu\u00eft que passa en aquesta activitat).<\/em><br \/>\n<em>(Heu de fer una foto del full i ens l\u2019envieu. Aix\u00ed podrem veure a quines <\/em><em style=\"font-family: inherit;font-size: 1em\">conclusions heu arribat. Les posarem totes al bloc de la classe.)<\/em><\/li>\n<\/ul>\n<\/li>\n<\/ul>\n<p>&nbsp;<\/p>\n<p>&nbsp;<\/p>\n<p>&nbsp;<\/p>\n<p>&nbsp;<\/p>\n","protected":false},"excerpt":{"rendered":"<p>Tornem-hi! A veure quin temps ens fa aquest abril.&hellip;  <a href=\"https:\/\/agora.xtec.cat\/ceip-lesroquesblaves\/2015-24\/propostes-dactivitats-setmana-el-14-al-19-dabril-2n-ci\/\" title=\"Read PROPOSTES D&#8217;ACTIVITATS SETMANA DEL 14 AL 19 D&#8217;ABRIL 2n CI\">Llegeix m\u00e9s\u00bb<\/a><\/p>\n","protected":false},"author":73,"featured_media":19176,"comment_status":"open","ping_status":"closed","sticky":false,"template":"","format":"standard","meta":{"footnotes":""},"categories":[265],"tags":[371],"class_list":["post-19165","post","type-post","status-publish","format-standard","has-post-thumbnail","hentry","category-2015-24","tag-joemquedoacasa"],"post_mailing_queue_ids":[],"_links":{"self":[{"href":"https:\/\/agora.xtec.cat\/ceip-lesroquesblaves\/wp-json\/wp\/v2\/posts\/19165","targetHints":{"allow":["GET"]}}],"collection":[{"href":"https:\/\/agora.xtec.cat\/ceip-lesroquesblaves\/wp-json\/wp\/v2\/posts"}],"about":[{"href":"https:\/\/agora.xtec.cat\/ceip-lesroquesblaves\/wp-json\/wp\/v2\/types\/post"}],"author":[{"embeddable":true,"href":"https:\/\/agora.xtec.cat\/ceip-lesroquesblaves\/wp-json\/wp\/v2\/users\/73"}],"replies":[{"embeddable":true,"href":"https:\/\/agora.xtec.cat\/ceip-lesroquesblaves\/wp-json\/wp\/v2\/comments?post=19165"}],"version-history":[{"count":4,"href":"https:\/\/agora.xtec.cat\/ceip-lesroquesblaves\/wp-json\/wp\/v2\/posts\/19165\/revisions"}],"predecessor-version":[{"id":19257,"href":"https:\/\/agora.xtec.cat\/ceip-lesroquesblaves\/wp-json\/wp\/v2\/posts\/19165\/revisions\/19257"}],"wp:featuredmedia":[{"embeddable":true,"href":"https:\/\/agora.xtec.cat\/ceip-lesroquesblaves\/wp-json\/wp\/v2\/media\/19176"}],"wp:attachment":[{"href":"https:\/\/agora.xtec.cat\/ceip-lesroquesblaves\/wp-json\/wp\/v2\/media?parent=19165"}],"wp:term":[{"taxonomy":"category","embeddable":true,"href":"https:\/\/agora.xtec.cat\/ceip-lesroquesblaves\/wp-json\/wp\/v2\/categories?post=19165"},{"taxonomy":"post_tag","embeddable":true,"href":"https:\/\/agora.xtec.cat\/ceip-lesroquesblaves\/wp-json\/wp\/v2\/tags?post=19165"}],"curies":[{"name":"wp","href":"https:\/\/api.w.org\/{rel}","templated":true}]}}