{"id":18825,"date":"2020-03-31T16:47:33","date_gmt":"2020-03-31T14:47:33","guid":{"rendered":"https:\/\/agora.xtec.cat\/ceip-lesroquesblaves\/?p=18825"},"modified":"2020-03-31T17:13:57","modified_gmt":"2020-03-31T15:13:57","slug":"la-musica-de-la-infancia","status":"publish","type":"post","link":"https:\/\/agora.xtec.cat\/ceip-lesroquesblaves\/musica\/la-musica-de-la-infancia\/","title":{"rendered":"La m\u00fasica de la inf\u00e0ncia"},"content":{"rendered":"<p><span style=\"font-weight: 400\">Bon dia!<\/span><\/p>\n<p><span style=\"font-weight: 400\">Ja fa uns quants dies que no ens veiem, ni a l&#8217;escola ni pels carrers. Durant aquests dies que no anem a l\u2019escola, segur que heu tingut estones per jugar, per llegir, per descansar, per escoltar m\u00fasica i per fer moltes altres coses.<\/span><\/p>\n<p>Per a aquells de vosaltres que us comenceu a avorrir i ja no sabeu qu\u00e8 fer per passar les hores i els dies, us enviem una proposta musical anti-avorriment.<\/p>\n<p><span style=\"font-weight: 400\">Parlant d&#8217;escoltar m\u00fasica! Qu\u00e8 us semblaria convertir-vos en entrevistadores i entrevistadors! Podeu crear el gui\u00f3 d&#8217;una entrevista per preguntar als de casa (mare, pare, germanes o germans&#8230;) quines s\u00f3n les seves can\u00e7ons que li recorden a la seva inf\u00e0ncia.<\/span><\/p>\n<p><span style=\"font-weight: 400\">Aqu\u00ed us deixem una guia orientativa per fer l\u2019entrevista, per\u00f2 la podeu fer com m\u00e9s us agradi:<\/span><\/p>\n<ul>\n<li><i><span style=\"font-weight: 400\">Bon dia! Avui entrevistem en Pep. Com est\u00e0s Pep?<\/span><\/i><\/li>\n<li><i><span style=\"font-weight: 400\">Ens podries dir quines s\u00f3n les can\u00e7ons que et recorden la teva inf\u00e0ncia?<\/span><\/i><\/li>\n<li>Recordes algun grup de m\u00fasica o algun\/a cantant que t&#8217;agrad\u00e9s molt? I avui dia, encara canta?<\/li>\n<li><i><span style=\"font-weight: 400\">S\u00f3n can\u00e7ons de dibuixos animats?\u00a0<\/span><\/i><\/li>\n<li><i><span style=\"font-weight: 400\">I quina d\u2019aquestes t\u2019agrada m\u00e9s?<\/span><\/i><\/li>\n<li><i><span style=\"font-weight: 400\">Segueixes escoltant aquestes can\u00e7ons?<\/span><\/i><\/li>\n<\/ul>\n<p><span style=\"font-weight: 400\">Una vegada tingueu el gui\u00f3 fet, ja podeu enregistrar la vostra entrevista.<\/span><\/p>\n<p><span style=\"font-weight: 400\">Graveu-la des del tel\u00e8fon m\u00f2bil o tauleta d&#8217;algun gran de casa, amb l\u2019ordinador&#8230;<\/span><\/p>\n<p><span style=\"font-weight: 400\">Si voleu, podeu fer-vos una foto amb la persona entrevistada i <\/span>la podeu enviar al correu <a href=\"mailto:perepuig@escolalesroquesblaves.cat\" target=\"_blank\" rel=\"noopener noreferrer\">perepuig@escolalesroquesblaves.cat<\/a> i aix\u00ed les podrem compartir d&#8217;alguna manera.<\/p>\n<p>Molts \u00e0nims i una abra\u00e7ada ben forta. Us trobem molt a faltar!!!<\/p>\n","protected":false},"excerpt":{"rendered":"<p>Bon dia!<br \/>\nJa fa uns quants dies que no ens veiem, ni a l&#8217;escola ni pels carrers. Durant aquests dies que no anem a l\u2019escola, segur que heu tingut estones per jugar, per llegir, per descansar, per escoltar m\u00fasica i per fer moltes altres coses.<br \/>\nPer a&hellip;  <a href=\"https:\/\/agora.xtec.cat\/ceip-lesroquesblaves\/musica\/la-musica-de-la-infancia\/\" title=\"Read La m\u00fasica de la inf\u00e0ncia\">Llegeix m\u00e9s\u00bb<\/a><\/p>\n","protected":false},"author":73,"featured_media":18826,"comment_status":"open","ping_status":"closed","sticky":false,"template":"","format":"standard","meta":{"footnotes":""},"categories":[264,108],"tags":[381,371],"class_list":["post-18825","post","type-post","status-publish","format-standard","has-post-thumbnail","hentry","category-2014-23","category-musica","tag-entrevista","tag-joemquedoacasa"],"post_mailing_queue_ids":[],"_links":{"self":[{"href":"https:\/\/agora.xtec.cat\/ceip-lesroquesblaves\/wp-json\/wp\/v2\/posts\/18825","targetHints":{"allow":["GET"]}}],"collection":[{"href":"https:\/\/agora.xtec.cat\/ceip-lesroquesblaves\/wp-json\/wp\/v2\/posts"}],"about":[{"href":"https:\/\/agora.xtec.cat\/ceip-lesroquesblaves\/wp-json\/wp\/v2\/types\/post"}],"author":[{"embeddable":true,"href":"https:\/\/agora.xtec.cat\/ceip-lesroquesblaves\/wp-json\/wp\/v2\/users\/73"}],"replies":[{"embeddable":true,"href":"https:\/\/agora.xtec.cat\/ceip-lesroquesblaves\/wp-json\/wp\/v2\/comments?post=18825"}],"version-history":[{"count":2,"href":"https:\/\/agora.xtec.cat\/ceip-lesroquesblaves\/wp-json\/wp\/v2\/posts\/18825\/revisions"}],"predecessor-version":[{"id":18828,"href":"https:\/\/agora.xtec.cat\/ceip-lesroquesblaves\/wp-json\/wp\/v2\/posts\/18825\/revisions\/18828"}],"wp:featuredmedia":[{"embeddable":true,"href":"https:\/\/agora.xtec.cat\/ceip-lesroquesblaves\/wp-json\/wp\/v2\/media\/18826"}],"wp:attachment":[{"href":"https:\/\/agora.xtec.cat\/ceip-lesroquesblaves\/wp-json\/wp\/v2\/media?parent=18825"}],"wp:term":[{"taxonomy":"category","embeddable":true,"href":"https:\/\/agora.xtec.cat\/ceip-lesroquesblaves\/wp-json\/wp\/v2\/categories?post=18825"},{"taxonomy":"post_tag","embeddable":true,"href":"https:\/\/agora.xtec.cat\/ceip-lesroquesblaves\/wp-json\/wp\/v2\/tags?post=18825"}],"curies":[{"name":"wp","href":"https:\/\/api.w.org\/{rel}","templated":true}]}}