{"id":18580,"date":"2020-03-30T09:55:57","date_gmt":"2020-03-30T07:55:57","guid":{"rendered":"https:\/\/agora.xtec.cat\/ceip-lesroquesblaves\/?p=18580"},"modified":"2020-04-02T15:45:24","modified_gmt":"2020-04-02T13:45:24","slug":"propostes-dactivitats-setmana-del-30-de-marc-al-3-dabril-2n-ci","status":"publish","type":"post","link":"https:\/\/agora.xtec.cat\/ceip-lesroquesblaves\/2015-24\/propostes-dactivitats-setmana-del-30-de-marc-al-3-dabril-2n-ci\/","title":{"rendered":"PROPOSTES D&#8217;ACTIVITATS SETMANA DEL 30 DE MAR\u00c7 AL 3 D&#8217;ABRIL 2n CI"},"content":{"rendered":"<p>&nbsp;<\/p>\n<p><b>PROPOSTES D\u2019ACTIVITATS:<\/b><b> SETMANA DEL 30 DE MAR\u00c7 AL 5 D\u2019ABRIL<\/b><\/p>\n<p><span style=\"font-weight: 400\">Hola a tots i a totes!\u00a0<\/span><\/p>\n<p><span style=\"font-weight: 400\">Ha passat una setmana m\u00e9s i volem dir-vos que ho esteu fent genial. Esperem que us trobeu b\u00e9 i que de cada dia que passeu a casa en traieu moltes coses positives. Tot anir\u00e0 b\u00e9!<\/span><\/p>\n<p><span style=\"font-weight: 400\">Aquesta setmana us proposem fer un seguit de propostes relacionades amb l\u2019UDI que vam comen\u00e7ar els \u00faltims dies que ens vam veure a l\u2019escola: LES BOTIGUES. Quan tornem farem moltes activitats amb diferents materials i convertirem la classe en aut\u00e8ntiques botigues. Abans, per\u00f2, podeu comen\u00e7ar a practicar des de casa i familiaritzar-vos amb les diferents unitats de mesura i amb els bitllets i monedes que farem servir per pagar. Som-hi! Ser\u00e0 molt divertit!<\/span><\/p>\n<p>&nbsp;<\/p>\n<p><b>Proposta 1:<\/b><\/p>\n<p><b><a href=\"https:\/\/agora.xtec.cat\/ceip-lesroquesblaves\/wp-content\/uploads\/usu36\/2020\/03\/pensar.jpg\"><img loading=\"lazy\" decoding=\"async\" class=\"wp-image-18719 alignleft\" src=\"https:\/\/agora.xtec.cat\/ceip-lesroquesblaves\/wp-content\/uploads\/usu36\/2020\/03\/pensar.jpg\" alt=\"\" width=\"83\" height=\"81\" srcset=\"https:\/\/agora.xtec.cat\/ceip-lesroquesblaves\/wp-content\/uploads\/usu36\/2020\/03\/pensar.jpg 738w, https:\/\/agora.xtec.cat\/ceip-lesroquesblaves\/wp-content\/uploads\/usu36\/2020\/03\/pensar-300x292.jpg 300w\" sizes=\"auto, (max-width: 83px) 100vw, 83px\" \/><\/a><\/b><\/p>\n<table>\n<tbody>\n<tr>\n<td><span style=\"font-weight: 400\">Com ho devien fer per mesurar longituds les persones en l\u2019antiguitat quan no existien les unitats\u00a0 de mesura com els metres i els cent\u00edmetres?\u00a0<\/span><\/p>\n<p><span style=\"font-weight: 400\">Amb les idees que has tingut, mesura tu ara coses de casa teva.<\/span><\/td>\n<\/tr>\n<\/tbody>\n<\/table>\n<table>\n<tbody>\n<tr>\n<td><span style=\"font-weight: 400\">Com pots saber la quantitat d\u2019aigua que beus a l\u2019hora de dinar?<\/span><\/td>\n<\/tr>\n<\/tbody>\n<\/table>\n<p>&nbsp;<\/p>\n<p><b>Proposta 2:<\/b><span style=\"font-weight: 400\">\u00a0<\/span><\/p>\n<p><a href=\"https:\/\/agora.xtec.cat\/ceip-lesroquesblaves\/wp-content\/uploads\/usu36\/2020\/03\/litre-i-quilo.jpg\"><img loading=\"lazy\" decoding=\"async\" class=\"alignnone  wp-image-18893\" src=\"https:\/\/agora.xtec.cat\/ceip-lesroquesblaves\/wp-content\/uploads\/usu36\/2020\/03\/litre-i-quilo.jpg\" alt=\"\" width=\"510\" height=\"726\" srcset=\"https:\/\/agora.xtec.cat\/ceip-lesroquesblaves\/wp-content\/uploads\/usu36\/2020\/03\/litre-i-quilo.jpg 653w, https:\/\/agora.xtec.cat\/ceip-lesroquesblaves\/wp-content\/uploads\/usu36\/2020\/03\/litre-i-quilo-211x300.jpg 211w\" sizes=\"auto, (max-width: 510px) 100vw, 510px\" \/><\/a> <a href=\"https:\/\/agora.xtec.cat\/ceip-lesroquesblaves\/wp-content\/uploads\/usu36\/2020\/03\/metre-i-cm.jpg\"><img loading=\"lazy\" decoding=\"async\" class=\"alignnone  wp-image-18894\" src=\"https:\/\/agora.xtec.cat\/ceip-lesroquesblaves\/wp-content\/uploads\/usu36\/2020\/03\/metre-i-cm.jpg\" alt=\"\" width=\"506\" height=\"717\" srcset=\"https:\/\/agora.xtec.cat\/ceip-lesroquesblaves\/wp-content\/uploads\/usu36\/2020\/03\/metre-i-cm.jpg 645w, https:\/\/agora.xtec.cat\/ceip-lesroquesblaves\/wp-content\/uploads\/usu36\/2020\/03\/metre-i-cm-212x300.jpg 212w\" sizes=\"auto, (max-width: 506px) 100vw, 506px\" \/><\/a><\/p>\n<p>&nbsp;<\/p>\n<p><span style=\"font-weight: 400\">Despr\u00e9s d\u2019haver llegit la informaci\u00f3 anterior, agafa tres fulls de paper seran per a cada tipus de mesura. Divideix els fulls en dues parts.\u00a0<\/span><\/p>\n<ul>\n<li style=\"font-weight: 400\"><span style=\"font-weight: 400\">En el primer full <\/span><span style=\"font-weight: 400\">dibuixa i escriu la mida <\/span><span style=\"font-weight: 400\">de coses que tinguis a casa i que mesurin <\/span><span style=\"font-weight: 400\">menys d\u2019un metre<\/span><span style=\"font-weight: 400\">. A l\u2019altre part dibuixa i anota la longitud de coses que siguin m\u00e9s l<\/span><span style=\"font-weight: 400\">largues d\u2019un metre.<\/span><span style=\"font-weight: 400\">\u00a0<\/span><\/li>\n<li style=\"font-weight: 400\"><span style=\"font-weight: 400\">Fes el mateix en el segon full per\u00f2 ara separant els recipients que continguin <\/span><span style=\"font-weight: 400\">menys d\u2019un litre <\/span><span style=\"font-weight: 400\">i els que continguin<\/span><span style=\"font-weight: 400\"> m\u00e9s d\u2019un litre.<\/span><\/li>\n<li style=\"font-weight: 400\"><span style=\"font-weight: 400\">I en el tercer full, amb coses que <\/span><span style=\"font-weight: 400\">pesin menys d\u2019un quilo <\/span><span style=\"font-weight: 400\">i les que <\/span><span style=\"font-weight: 400\">pesin m\u00e9s d\u2019un quilo<\/span><span style=\"font-weight: 400\">.<\/span><\/li>\n<\/ul>\n<p><b>Proposta 3:\u00a0<\/b><\/p>\n<p><span style=\"font-weight: 400\">Practiquem amb monedes, bitllets i productes. No oblideu que v\u00e0reu dir que en l\u2019UDI de Les botigues necessit\u00e0veu con\u00e8ixer molt b\u00e9 l\u2019euro per tal de realitzar b\u00e9 les vostres futures compres. Podeu comen\u00e7ar a practicar, i segur que quan torneu a l\u2019escola sereu uns experts.<\/span><\/p>\n<p><span style=\"font-weight: 400\">\u00a0<\/span><a href=\"https:\/\/cplosangeles.educarex.es\/web\/edilim\/curso_2\/matematicas\/monedas01\/monedas01.html\" target=\"_blank\" rel=\"noopener noreferrer\"><img loading=\"lazy\" decoding=\"async\" class=\"alignnone wp-image-18701\" src=\"https:\/\/agora.xtec.cat\/ceip-lesroquesblaves\/wp-content\/uploads\/usu36\/2020\/03\/EUROS-PORQUETS.jpg\" alt=\"\" width=\"221\" height=\"127\" srcset=\"https:\/\/agora.xtec.cat\/ceip-lesroquesblaves\/wp-content\/uploads\/usu36\/2020\/03\/EUROS-PORQUETS.jpg 951w, https:\/\/agora.xtec.cat\/ceip-lesroquesblaves\/wp-content\/uploads\/usu36\/2020\/03\/EUROS-PORQUETS-300x174.jpg 300w, https:\/\/agora.xtec.cat\/ceip-lesroquesblaves\/wp-content\/uploads\/usu36\/2020\/03\/EUROS-PORQUETS-768x444.jpg 768w\" sizes=\"auto, (max-width: 221px) 100vw, 221px\" \/> \u00a0 <\/a><a href=\"https:\/\/clic.xtec.cat\/projects\/ali_log\/jclic.js\/index.html\" target=\"_blank\" rel=\"noopener noreferrer\"><img loading=\"lazy\" decoding=\"async\" class=\"alignnone wp-image-18699\" src=\"https:\/\/agora.xtec.cat\/ceip-lesroquesblaves\/wp-content\/uploads\/usu36\/2020\/03\/Alimentos-Que-compro.jpg\" alt=\"\" width=\"216\" height=\"131\" srcset=\"https:\/\/agora.xtec.cat\/ceip-lesroquesblaves\/wp-content\/uploads\/usu36\/2020\/03\/Alimentos-Que-compro.jpg 786w, https:\/\/agora.xtec.cat\/ceip-lesroquesblaves\/wp-content\/uploads\/usu36\/2020\/03\/Alimentos-Que-compro-300x182.jpg 300w, https:\/\/agora.xtec.cat\/ceip-lesroquesblaves\/wp-content\/uploads\/usu36\/2020\/03\/Alimentos-Que-compro-768x466.jpg 768w\" sizes=\"auto, (max-width: 216px) 100vw, 216px\" \/>\u00a0\u00a0<\/a><a href=\"https:\/\/teachingmoney.co.uk\/eurosite\/games\/EUROrecogCHALL.html\" target=\"_blank\" rel=\"noopener noreferrer\"><img loading=\"lazy\" decoding=\"async\" class=\"alignnone wp-image-18721\" src=\"https:\/\/agora.xtec.cat\/ceip-lesroquesblaves\/wp-content\/uploads\/usu36\/2020\/03\/mmmm-1024x676.jpg\" alt=\"\" width=\"185\" height=\"122\" srcset=\"https:\/\/agora.xtec.cat\/ceip-lesroquesblaves\/wp-content\/uploads\/usu36\/2020\/03\/mmmm-1024x676.jpg 1024w, https:\/\/agora.xtec.cat\/ceip-lesroquesblaves\/wp-content\/uploads\/usu36\/2020\/03\/mmmm-300x198.jpg 300w, https:\/\/agora.xtec.cat\/ceip-lesroquesblaves\/wp-content\/uploads\/usu36\/2020\/03\/mmmm-768x507.jpg 768w, https:\/\/agora.xtec.cat\/ceip-lesroquesblaves\/wp-content\/uploads\/usu36\/2020\/03\/mmmm.jpg 1116w\" sizes=\"auto, (max-width: 185px) 100vw, 185px\" \/><\/a><\/p>\n<p>&nbsp;<\/p>\n<p><b>Proposta 4:<\/b><\/p>\n<p><span style=\"font-weight: 400\">Pots muntar una petita botiga del que se t\u2019ocorreixi, posar preus, fer llistes de compra, el tiquets de compra amb els preus i a sota dibuixar les monedes o bitllets que necessites\u2026 i sobretot jugar una estona per passar-t\u2019ho b\u00e9.<\/span><\/p>\n<p><span style=\"font-weight: 400\">Si fas alguna foto\u00a0 de la teva botiga ens la pots enviar i la posarem al bloc de la classe.<\/span><\/p>\n<p>&nbsp;<\/p>\n<p><b>Proposta 5:<\/b><\/p>\n<p><span style=\"font-weight: 400\">\u00a0 \u00a0 \u00a0 \u00a0 \u00a0 \u00a0 \u00a0 \u00a0 \u00a0 \u00a0 \u00a0 \u00a0 \u00a0 \u00a0 \u00a0 \u00a0 \u00a0 \u00a0 \u00a0 \u00a0 <a href=\"https:\/\/agora.xtec.cat\/ceip-lesroquesblaves\/wp-content\/uploads\/usu36\/2020\/03\/end.jpg\"><img loading=\"lazy\" decoding=\"async\" class=\"alignnone wp-image-18724\" src=\"https:\/\/agora.xtec.cat\/ceip-lesroquesblaves\/wp-content\/uploads\/usu36\/2020\/03\/end.jpg\" alt=\"\" width=\"182\" height=\"65\" \/><\/a><\/span><\/p>\n<p><span style=\"font-weight: 400\">Porto un vel sobre un altre \u00a0 \u00a0 \u00a0 \u00a0 \u00a0 \u00a0 \u00a0 \u00a0 \u00a0 \u00a0 \u00a0 \u00a0 \u00a0 \u00a0 \u00a0 \u00a0 \u00a0 \u00a0 Dol\u00e7a, groguenca i verdosa,<\/span><\/p>\n<p><span style=\"font-weight: 400\">de seda de la m\u00e9s fina;\u00a0 \u00a0 \u00a0 \u00a0 \u00a0 \u00a0 \u00a0 \u00a0 \u00a0 \u00a0 \u00a0 \u00a0 \u00a0 \u00a0 \u00a0 \u00a0 \u00a0 \u00a0 \u00a0 \u00a0 \u00a0 a tothom li fa profit.<\/span><\/p>\n<p><span style=\"font-weight: 400\">qui em vol descobrir ho paga \u00a0 \u00a0 \u00a0 \u00a0 \u00a0 \u00a0 \u00a0 \u00a0 \u00a0 \u00a0 \u00a0 \u00a0 \u00a0 \u00a0 \u00a0 \u00a0 No endevines qu\u00e8 \u00e9s la cosa?<\/span><\/p>\n<p><span style=\"font-weight: 400\">plorant a ll\u00e0grima viva. \u00a0 \u00a0 \u00a0 \u00a0 \u00a0 \u00a0 \u00a0 \u00a0 \u00a0 \u00a0 \u00a0 \u00a0 \u00a0 \u00a0 \u00a0 \u00a0 \u00a0 \u00a0 \u00a0 \u00a0 \u00a0 Espera, que ja t\u2019ho he dit.<\/span><\/p>\n<p>&nbsp;<\/p>\n<p><span style=\"font-weight: 400\">Busca o inventa dues o tres endevinalles. Escriu-les i fes-ne el dibuix. Amb totes les endevinalles que porteu farem un llibre ben bonic. A veure qui n\u2019endevina m\u00e9s!<\/span><\/p>\n<p>&nbsp;<\/p>\n<p>&nbsp;<\/p>\n<p><b>REPTE DE LA TERCERA SETMANA<\/b><\/p>\n<p><span style=\"font-weight: 400\">Aquesta tercera setmana us llencem un repte molt divertit. Estem conven\u00e7udes que us encantar\u00e0! Us atreviu a fer plastilina casolana?\u00a0<\/span><\/p>\n<p><span style=\"font-weight: 400\">Aqu\u00ed us deixem la recepta. Animeu-vos i\u00a0 feu figures relacionades amb productes que podem comprar a diferents botigues (pl\u00e0tans, croissants, alguna joguina\u2026) . Quan tornem a l\u2019escola en farem una exposici\u00f3 ben divertida.<\/span><\/p>\n<p><span style=\"font-weight: 400\">\u00a0\u00a0\u00a0\u00a0 <a href=\"https:\/\/agora.xtec.cat\/ceip-lesroquesblaves\/wp-content\/uploads\/usu36\/2020\/03\/fruites-i-verdures.jpg\"><img loading=\"lazy\" decoding=\"async\" class=\"alignnone wp-image-18695\" src=\"https:\/\/agora.xtec.cat\/ceip-lesroquesblaves\/wp-content\/uploads\/usu36\/2020\/03\/fruites-i-verdures-1024x576.jpg\" alt=\"\" width=\"310\" height=\"173\" srcset=\"https:\/\/agora.xtec.cat\/ceip-lesroquesblaves\/wp-content\/uploads\/usu36\/2020\/03\/fruites-i-verdures-1024x576.jpg 1024w, https:\/\/agora.xtec.cat\/ceip-lesroquesblaves\/wp-content\/uploads\/usu36\/2020\/03\/fruites-i-verdures-768x432.jpg 768w, https:\/\/agora.xtec.cat\/ceip-lesroquesblaves\/wp-content\/uploads\/usu36\/2020\/03\/fruites-i-verdures.jpg 1280w\" sizes=\"auto, (max-width: 310px) 100vw, 310px\" \/><\/a> <a href=\"https:\/\/agora.xtec.cat\/ceip-lesroquesblaves\/wp-content\/uploads\/usu36\/2020\/03\/fruites.jpg\"><img loading=\"lazy\" decoding=\"async\" class=\"alignnone wp-image-18696\" src=\"https:\/\/agora.xtec.cat\/ceip-lesroquesblaves\/wp-content\/uploads\/usu36\/2020\/03\/fruites-1024x576.jpg\" alt=\"\" width=\"309\" height=\"174\" srcset=\"https:\/\/agora.xtec.cat\/ceip-lesroquesblaves\/wp-content\/uploads\/usu36\/2020\/03\/fruites-1024x576.jpg 1024w, https:\/\/agora.xtec.cat\/ceip-lesroquesblaves\/wp-content\/uploads\/usu36\/2020\/03\/fruites-300x169.jpg 300w, https:\/\/agora.xtec.cat\/ceip-lesroquesblaves\/wp-content\/uploads\/usu36\/2020\/03\/fruites-768x432.jpg 768w, https:\/\/agora.xtec.cat\/ceip-lesroquesblaves\/wp-content\/uploads\/usu36\/2020\/03\/fruites.jpg 1280w\" sizes=\"auto, (max-width: 309px) 100vw, 309px\" \/><\/a><\/span><\/p>\n<p><b>Ingredients<\/b><\/p>\n<ul>\n<li style=\"list-style-type: none\">\n<ul>\n<li style=\"font-weight: 400\"><span style=\"font-weight: 400\">3 tasses de farina (env\u00e0s de iogurt de 125 gr)<\/span><\/li>\n<li style=\"font-weight: 400\"><span style=\"font-weight: 400\">1 tassa de sal fina de taula (com m\u00e9s fina millor)<\/span><\/li>\n<li style=\"font-weight: 400\"><span style=\"font-weight: 400\">1 de tassa d\u2019aigua\u00a0<\/span><\/li>\n<li style=\"font-weight: 400\"><b><span style=\"font-weight: 400\">2 &#8211; 5 cullerades d\u2019oli vegetal<\/span>\u00a0<\/b><\/li>\n<li style=\"font-weight: 400\"><span style=\"font-weight: 400\">colorants alimentaris (opcional)<\/span><\/li>\n<\/ul>\n<\/li>\n<\/ul>\n<p>&nbsp;<\/p>\n<p><b>Elaboraci\u00f3<\/b><\/p>\n<p><span style=\"font-weight: 400\">1- Posa la farina en un bol.<\/span><\/p>\n<p><span style=\"font-weight: 400\">2- Afegeix la sal, l\u2019aigua i 2 cullerades d\u2019oli.<\/span><\/p>\n<p><span style=\"font-weight: 400\">3- Remena tots els ingredients amb una cullera.<\/span><\/p>\n<p><span style=\"font-weight: 400\">\u00a0\u00a0\u00a0\u00a0Si la plastilina queda dura pots afegir una mica m\u00e9s d\u2019oli (l\u2019oli fa que quedi m\u00e9s toveta i f\u00e0cil de\u00a0\u00a0\u00a0\u00a0<\/span><\/p>\n<p><span style=\"font-weight: 400\">\u00a0\u00a0\u00a0\u00a0modelar).<\/span><\/p>\n<p><span style=\"font-weight: 400\">5- Divideix la massa en dues o tres boles.\u00a0 Si tens colorant alimentari pots afegir-lo per a que et\u00a0<\/span><\/p>\n<p><span style=\"font-weight: 400\">\u00a0\u00a0\u00a0\u00a0quedi plastilina de color.<\/span><\/p>\n<p><span style=\"font-weight: 400\">7- A modelar!\u00a0<\/span><\/p>\n<p>&nbsp;<\/p>\n<p><span style=\"font-weight: 400\">Recorda de guardar la plastilina en una carmanyola tapada; d\u2019aquesta manera durar\u00e0 m\u00e9s dies.<\/span><\/p>\n<p>&nbsp;<\/p>\n<p>&nbsp;<\/p>\n<table>\n<tbody>\n<tr>\n<td><strong><em><u>RECURSOS WEB DIVERSOS:<\/u><\/em><\/strong><\/p>\n<p style=\"text-align: left\"><strong><em>Webs EDUCATIVES <\/em><\/strong><strong><em>\/ llibres digitals per infantil i prim\u00e0ria : <\/em><\/strong><\/p>\n<p><a href=\"https:\/\/www.vicensvives.com\/vvweb\/view\/pages\/p01\/load.php?id=2786&amp;lang=ca\"><em>https:\/\/www.vicensvives.com\/vvweb\/view\/pages\/p01\/load.php?id=2786&amp;lang=ca<\/em><\/a><\/p>\n<p><a href=\"https:\/\/web.editorialteide.com\/ca\/ens-quedem-a-casa\/\"><em>https:\/\/web.editorialteide.com\/ca\/ens-quedem-a-casa\/<\/em><\/a><\/p>\n<p><a href=\"http:\/\/www.ceip-diputacio.com\/la%20motxilla.htm\"><em>http:\/\/www.ceip-diputacio.com\/la%20motxilla.htm<\/em><\/a><\/p>\n<p><a href=\"http:\/\/www.edu365.cat\/primaria\/\"><em>http:\/\/www.edu365.cat\/primaria\/<\/em><\/a><\/p>\n<p><strong><em>Jocs: <\/em><\/strong><strong><em>\u00a0<\/em><\/strong><a href=\"http:\/\/www.xtec.cat\/centres\/c5003822\/sisena_hora\/sio.htm\"><em>http:\/\/www.xtec.cat\/centres\/c5003822\/sisena_hora\/sio.htm<\/em><\/a><\/p>\n<p><strong><em>Joc de memoria i atenci\u00f3:<\/em><\/strong> <a href=\"http:\/\/mestreacasa.gva.es\/web\/piqueras_est\/37\"><em>http:\/\/mestreacasa.gva.es\/web\/piqueras_est\/37<\/em><\/a><\/p>\n<p><em>\u00a0<\/em><\/p>\n<p><strong><em>ACTIVITATS LLENGUA CATALANA: \u00a0<\/em><\/strong><\/p>\n<p><strong><em>INFANTIL I PRIMARIA: <\/em><\/strong><\/p>\n<p><strong><em>Contes: <\/em><\/strong><\/p>\n<p><a href=\"https:\/\/www.ccma.cat\/tv3\/super3\/una-ma-de-contes\/tots-els-contes\/\"><em>https:\/\/www.ccma.cat\/tv3\/super3\/una-ma-de-contes\/tots-els-contes\/<\/em><\/a><\/p>\n<p><a href=\"http:\/\/www.edu365.cat\/primaria\/contes\/contesweb\/index.html\"><em>http:\/\/www.edu365.cat\/primaria\/contes\/contesweb\/index.html<\/em><\/a><\/p>\n<p><a href=\"http:\/\/conteslaurajoan.cat\/index.php\/tots-els-contes\/\"><em>http:\/\/conteslaurajoan.cat\/index.php\/tots-els-contes\/<\/em><\/a><\/p>\n<p><a href=\"https:\/\/www.youtube.com\/watch?time_continue=1&amp;v=A6zHGBMeMyo&amp;feature=emb_logo\"><em>https:\/\/www.youtube.com\/watch?time_continue=1&amp;v=A6zHGBMeMyo&amp;feature=emb_logo<\/em><\/a><\/p>\n<p><em>Formar paraules:\u00a0 <\/em><a href=\"http:\/\/www.edu365.cat\/infantil\/llegir\/llegir\/portada.html\"><em>http:\/\/www.edu365.cat\/infantil\/llegir\/llegir\/portada.html<\/em><\/a><\/p>\n<p><em>Endevinalles: <\/em><a href=\"http:\/\/www.edu365.com\/primaria\/catala\/endevinalles\/portada.htm\"><em>http:\/\/www.edu365.com\/primaria\/catala\/endevinalles\/portada.htm<\/em><\/a><\/p>\n<p><strong><em>PRIMARIA: <\/em><\/strong><\/p>\n<p><em>Lectura efica\u00e7: \u00a0\u00a0<\/em><a href=\"http:\/\/www.jverdaguer.org\/jsmedia\/005eficas\/\"><em>http:\/\/www.jverdaguer.org\/jsmedia\/005eficas\/<\/em><\/a><\/p>\n<p><em>Entrena per llegir: <\/em><a href=\"http:\/\/www.edu365.cat\/primaria\/catala\/entrena\/index.html\"><em>http:\/\/www.edu365.cat\/primaria\/catala\/entrena\/index.html<\/em><\/a><\/p>\n<p><em>Ortografia: <\/em><a href=\"http:\/\/www.edu365.cat\/primaria\/catala\/ortografia\/index.html\"><em>http:\/\/www.edu365.cat\/primaria\/catala\/ortografia\/index.html<\/em><\/a><\/p>\n<p><em>Lectura en castella: <\/em><em>\u00a0<\/em><a href=\"https:\/\/www.aulapt.org\/2016\/10\/04\/comprension-lectora-las-ranas\/\"><em>https:\/\/www.aulapt.org\/2016\/10\/04\/comprension-lectora-las-ranas\/<\/em><\/a><\/p>\n<p><strong><em>MATEM\u00c0TIQUES: <\/em><\/strong><\/p>\n<p><em>Joc de multiplicaci\u00f3: <\/em><a href=\"https:\/\/www.arcademics.com\/games\/space-race\"><em>https:\/\/www.arcademics.com\/games\/space-race<\/em><\/a><\/p>\n<p><em>C\u00e0lcul mental: <\/em><a href=\"https:\/\/www.vedoque.com\/juegos\/juego.php?j=dados\"><em>https:\/\/www.vedoque.com\/juegos\/juego.php?j=dados<\/em><\/a><\/p>\n<p><a href=\"http:\/\/www3.gobiernodecanarias.org\/medusa\/eltanquematematico\/todo_mate\/calculo_m\/calculomental_p_p.html\"><em>http:\/\/www3.gobiernodecanarias.org\/medusa\/eltanquematematico\/todo_mate\/calculo_m\/calculomental_p_p.html<\/em><\/a><\/p>\n<p><em>Jocs variats de mates: <\/em><a href=\"https:\/\/www.ictgames.com\/mobilePage\/index.html\"><em>https:\/\/www.ictgames.com\/mobilePage\/index.html<\/em><\/a><\/p>\n<p>&nbsp;<\/td>\n<\/tr>\n<\/tbody>\n<\/table>\n<p>&nbsp;<\/p>\n","protected":false},"excerpt":{"rendered":"<p>Ha passat una setmana m\u00e9s i volem dir-vos que ho esteu fent genial!<br \/>\nAquesta setmana us proposem fer un seguit de propostes relacionades amb l\u2019UDI que vam comen\u00e7ar els \u00faltims dies que ens vam veure a l\u2019escola: LES BOTIGUES. Quan tornem convertirem la classe en aut\u00e8ntiques botigues. &hellip;  <a href=\"https:\/\/agora.xtec.cat\/ceip-lesroquesblaves\/2015-24\/propostes-dactivitats-setmana-del-30-de-marc-al-3-dabril-2n-ci\/\" title=\"Read PROPOSTES D&#8217;ACTIVITATS SETMANA DEL 30 DE MAR\u00c7 AL 3 D&#8217;ABRIL 2n CI\">Llegeix m\u00e9s\u00bb<\/a><\/p>\n","protected":false},"author":73,"featured_media":18757,"comment_status":"open","ping_status":"closed","sticky":false,"template":"","format":"standard","meta":{"footnotes":""},"categories":[265],"tags":[371],"class_list":["post-18580","post","type-post","status-publish","format-standard","has-post-thumbnail","hentry","category-2015-24","tag-joemquedoacasa"],"post_mailing_queue_ids":[],"_links":{"self":[{"href":"https:\/\/agora.xtec.cat\/ceip-lesroquesblaves\/wp-json\/wp\/v2\/posts\/18580","targetHints":{"allow":["GET"]}}],"collection":[{"href":"https:\/\/agora.xtec.cat\/ceip-lesroquesblaves\/wp-json\/wp\/v2\/posts"}],"about":[{"href":"https:\/\/agora.xtec.cat\/ceip-lesroquesblaves\/wp-json\/wp\/v2\/types\/post"}],"author":[{"embeddable":true,"href":"https:\/\/agora.xtec.cat\/ceip-lesroquesblaves\/wp-json\/wp\/v2\/users\/73"}],"replies":[{"embeddable":true,"href":"https:\/\/agora.xtec.cat\/ceip-lesroquesblaves\/wp-json\/wp\/v2\/comments?post=18580"}],"version-history":[{"count":3,"href":"https:\/\/agora.xtec.cat\/ceip-lesroquesblaves\/wp-json\/wp\/v2\/posts\/18580\/revisions"}],"predecessor-version":[{"id":18895,"href":"https:\/\/agora.xtec.cat\/ceip-lesroquesblaves\/wp-json\/wp\/v2\/posts\/18580\/revisions\/18895"}],"wp:featuredmedia":[{"embeddable":true,"href":"https:\/\/agora.xtec.cat\/ceip-lesroquesblaves\/wp-json\/wp\/v2\/media\/18757"}],"wp:attachment":[{"href":"https:\/\/agora.xtec.cat\/ceip-lesroquesblaves\/wp-json\/wp\/v2\/media?parent=18580"}],"wp:term":[{"taxonomy":"category","embeddable":true,"href":"https:\/\/agora.xtec.cat\/ceip-lesroquesblaves\/wp-json\/wp\/v2\/categories?post=18580"},{"taxonomy":"post_tag","embeddable":true,"href":"https:\/\/agora.xtec.cat\/ceip-lesroquesblaves\/wp-json\/wp\/v2\/tags?post=18580"}],"curies":[{"name":"wp","href":"https:\/\/api.w.org\/{rel}","templated":true}]}}