{"id":18537,"date":"2020-03-21T10:03:07","date_gmt":"2020-03-21T09:03:07","guid":{"rendered":"https:\/\/agora.xtec.cat\/ceip-lesroquesblaves\/?p=18537"},"modified":"2020-03-21T10:03:07","modified_gmt":"2020-03-21T09:03:07","slug":"repte-extraordinar-pel-cap-de-setmana","status":"publish","type":"post","link":"https:\/\/agora.xtec.cat\/ceip-lesroquesblaves\/primaria\/promocio2017-26\/repte-extraordinar-pel-cap-de-setmana\/","title":{"rendered":"REPTE EXTRAORDINAR PEL CAP DE SETMANA"},"content":{"rendered":"<p>Bon dia classe de Gaud\u00ed!<\/p>\n<p>Per aquest cap de setmana us proposo dos reptes extraordinaris:<\/p>\n<ol>\n<li>Avui \u00e9s l&#8217;aniversari del nostre company JOAN VIDAL. Us proposo que li escriviu missatges bonics per felicitar-lo, ja que no ho pot celebrar amb vosaltres, aix\u00ed us sentir\u00e0 m\u00e9s a prop. Podeu fer fotos d&#8217;aquests missatges i aix\u00ed les penjarem al bloc.<\/li>\n<li>Dem\u00e0 diumenge us proposo que mireu en directe l&#8217;espectacle que el CIRC RALUY oferir\u00e0 per les xarxes. Segur que us encanta!<\/li>\n<\/ol>\n<p>#joemquedoacasa<\/p>\n<p><a href=\"https:\/\/agora.xtec.cat\/ceip-lesroquesblaves\/wp-content\/uploads\/usu36\/2020\/03\/IMG-20200321-WA0000.jpg\"><img loading=\"lazy\" decoding=\"async\" class=\"alignnone size-full wp-image-18538\" src=\"https:\/\/agora.xtec.cat\/ceip-lesroquesblaves\/wp-content\/uploads\/usu36\/2020\/03\/IMG-20200321-WA0000.jpg\" alt=\"\" width=\"716\" height=\"853\" srcset=\"https:\/\/agora.xtec.cat\/ceip-lesroquesblaves\/wp-content\/uploads\/usu36\/2020\/03\/IMG-20200321-WA0000.jpg 716w, https:\/\/agora.xtec.cat\/ceip-lesroquesblaves\/wp-content\/uploads\/usu36\/2020\/03\/IMG-20200321-WA0000-252x300.jpg 252w\" sizes=\"auto, (max-width: 716px) 100vw, 716px\" \/><\/a><\/p>\n","protected":false},"excerpt":{"rendered":"<p>Bon dia classe de Gaud\u00ed!<br \/>\nPer aquest cap de setmana us proposo dos reptes extraordinaris:<\/p>\n<ol>\n<li>Avui \u00e9s l&#8217;aniversari del nostre company JOAN VIDAL. Us proposo que li escriviu missatges bonics per felicitar-lo, ja que no ho pot celebrar amb vosaltres, aix\u00ed us sentir\u00e0 m\u00e9s a prop. Podeu&hellip;  <a href=\"https:\/\/agora.xtec.cat\/ceip-lesroquesblaves\/primaria\/promocio2017-26\/repte-extraordinar-pel-cap-de-setmana\/\" title=\"Read REPTE EXTRAORDINAR PEL CAP DE SETMANA\">Llegeix m\u00e9s\u00bb<\/a><br \/>\n","protected":false},"author":57,"featured_media":18539,"comment_status":"open","ping_status":"closed","sticky":false,"template":"","format":"standard","meta":{"footnotes":""},"categories":[267],"tags":[371],"class_list":["post-18537","post","type-post","status-publish","format-standard","has-post-thumbnail","hentry","category-promocio2017-26","tag-joemquedoacasa"],"post_mailing_queue_ids":[],"_links":{"self":[{"href":"https:\/\/agora.xtec.cat\/ceip-lesroquesblaves\/wp-json\/wp\/v2\/posts\/18537","targetHints":{"allow":["GET"]}}],"collection":[{"href":"https:\/\/agora.xtec.cat\/ceip-lesroquesblaves\/wp-json\/wp\/v2\/posts"}],"about":[{"href":"https:\/\/agora.xtec.cat\/ceip-lesroquesblaves\/wp-json\/wp\/v2\/types\/post"}],"author":[{"embeddable":true,"href":"https:\/\/agora.xtec.cat\/ceip-lesroquesblaves\/wp-json\/wp\/v2\/users\/57"}],"replies":[{"embeddable":true,"href":"https:\/\/agora.xtec.cat\/ceip-lesroquesblaves\/wp-json\/wp\/v2\/comments?post=18537"}],"version-history":[{"count":1,"href":"https:\/\/agora.xtec.cat\/ceip-lesroquesblaves\/wp-json\/wp\/v2\/posts\/18537\/revisions"}],"predecessor-version":[{"id":18540,"href":"https:\/\/agora.xtec.cat\/ceip-lesroquesblaves\/wp-json\/wp\/v2\/posts\/18537\/revisions\/18540"}],"wp:featuredmedia":[{"embeddable":true,"href":"https:\/\/agora.xtec.cat\/ceip-lesroquesblaves\/wp-json\/wp\/v2\/media\/18539"}],"wp:attachment":[{"href":"https:\/\/agora.xtec.cat\/ceip-lesroquesblaves\/wp-json\/wp\/v2\/media?parent=18537"}],"wp:term":[{"taxonomy":"category","embeddable":true,"href":"https:\/\/agora.xtec.cat\/ceip-lesroquesblaves\/wp-json\/wp\/v2\/categories?post=18537"},{"taxonomy":"post_tag","embeddable":true,"href":"https:\/\/agora.xtec.cat\/ceip-lesroquesblaves\/wp-json\/wp\/v2\/tags?post=18537"}],"curies":[{"name":"wp","href":"https:\/\/api.w.org\/{rel}","templated":true}]}}