{"id":18490,"date":"2020-03-20T19:18:16","date_gmt":"2020-03-20T18:18:16","guid":{"rendered":"https:\/\/agora.xtec.cat\/ceip-lesroquesblaves\/?p=18490"},"modified":"2020-03-20T23:55:18","modified_gmt":"2020-03-20T22:55:18","slug":"ja-tenim-jardi-al-pati-dinfantil","status":"publish","type":"post","link":"https:\/\/agora.xtec.cat\/ceip-lesroquesblaves\/portada\/ja-tenim-jardi-al-pati-dinfantil\/","title":{"rendered":"JA TENIM JARD\u00cd AL PATI D&#8217;INFANTIL!!"},"content":{"rendered":"<p>Abans que arrib\u00e9s aquesta situaci\u00f3 excepcional de quedar-nos a casa i seguir les normes i les regles de les autoritats sanit\u00e0ries i pol\u00edtiques, a l&#8217;escola i sobretot els infants d&#8217;Educaci\u00f3 Infantil est\u00e0vem molts contents, perqu\u00e8 per fi des de l&#8217;Ajuntament d&#8217;Esparreguera ens van donar resposta i la brigada d&#8217;obres i jardineria es van presentar al centre i ens van muntar \u00a0una zona de jard\u00ed al pati d&#8217;Infantil.<\/p>\n<p>Feia ja molts mesos que els alumnes , dins del <strong>Projecte El jard\u00ed de la Joanina<\/strong>, havien reflexionat i pensat sobre com els agradaria que f\u00f3s el jard\u00ed . Van dir, que els agradaria una zona petita a l&#8217;entrada de l&#8217;escola, amb unes jardineres fetes amb travesses de fusta i amb terra negra de jard\u00ed&#8230;<\/p>\n<p>Per fi les seves idees es van fer realitat, i aix\u00ed podrien \u00a0crear <strong>UN ESPAI AMBIENTAL \u00c8TIC-EST\u00c8TIC<\/strong> on els participants i protagonistes principals serien els nens i nenes d&#8217;Infantil.<\/p>\n<p>Com aquest Projecte ja es va iniciar el curs anterior, van ser els infants del grup de 5 anys, coneixedors de l&#8217;objectiu d&#8217;aquest projecte, els que van fer la plantada de \u00a0diferents plantes comprades gr\u00e0cies a l&#8217; ajuda econ\u00f2mica que ens va fer arribar \u00a0<strong>l&#8217; AMPA \u00a0de l&#8217;escola.<\/strong><\/p>\n<p>El <strong>dimecres dia 11 de mar\u00e7<\/strong> per la tarda, amb la col.laboraci\u00f3 d&#8217;una mare de \u00a0P5, la MIni, experta en jardineria, els infants van gaudir d&#8217; una estoneta agradable i amena plantant diferents esp\u00e8cies d&#8217;arbustos i plantes arom\u00e0tiques en aquest nou espai del pati.<\/p>\n<p>En aquest Projecte tamb\u00e9 ha col\u00b7laborat el conserge de l&#8217;escola, el Manel, que ens ha portat de casa seva unes plantetes de lligabosc i les ha plantat a les tres jardineres col\u00b7locades al costat de la tanca de l&#8217;escola.<\/p>\n<p>Malauradament, donada la situaci\u00f3 de confinament que estem tots visquent, des del divendres 13 de mar\u00e7, no vam poder completar la plantada de flors de temporada, aix\u00ed <em><strong>els pensaments, les alegries i els matrimonis<\/strong> <\/em>no els v\u00e0rem poder plantar tots perqu\u00e8 no ens va donar temps, per\u00f2 no patiu perqu\u00e8 els tinc a casa meva i els estic cuidant mooooolt!!<\/p>\n<p>Aquesta oportunitat de quedar-nos a casa, segur que ens \u00a0ajudar\u00e0 de forma positiva, a reflexionar sobre moltes coses de la vida di\u00e0ria, i segur que quan arribem a l&#8217;escola i contemplem com est\u00e0 el nostre jardinet ens far\u00e0 pensar, ben segur i \u00a0seguirem fent \u00a0procesos d&#8217;investigaci\u00f3, creatius i reflexius que es generaran amb \u00a0l&#8217;\u00fas d&#8217;aquest <strong>JARD\u00cd.<\/strong><\/p>\n<p>Cuideu-vos molt i si teniu jard\u00ed aprofiteu per observar la biodiversitat que trobareu en ells. Estigueu ben atents!<\/p>\n<p>Aqu\u00ed teniu unes quantes <strong>FOTOS DEL MOMENT DE LA PLANTADA.<\/strong><\/p>\n<p><a href=\"https:\/\/agora.xtec.cat\/ceip-lesroquesblaves\/wp-content\/uploads\/usu36\/2020\/03\/11.jpg\"><img loading=\"lazy\" decoding=\"async\" class=\"alignleft size-medium wp-image-18501\" src=\"https:\/\/agora.xtec.cat\/ceip-lesroquesblaves\/wp-content\/uploads\/usu36\/2020\/03\/11-300x169.jpg\" alt=\"\" width=\"300\" height=\"169\" srcset=\"https:\/\/agora.xtec.cat\/ceip-lesroquesblaves\/wp-content\/uploads\/usu36\/2020\/03\/11-300x169.jpg 300w, https:\/\/agora.xtec.cat\/ceip-lesroquesblaves\/wp-content\/uploads\/usu36\/2020\/03\/11.jpg 480w\" sizes=\"auto, (max-width: 300px) 100vw, 300px\" \/><\/a> <a href=\"https:\/\/agora.xtec.cat\/ceip-lesroquesblaves\/wp-content\/uploads\/usu36\/2020\/03\/12.jpg\"><img loading=\"lazy\" decoding=\"async\" class=\"alignleft size-medium wp-image-18502\" src=\"https:\/\/agora.xtec.cat\/ceip-lesroquesblaves\/wp-content\/uploads\/usu36\/2020\/03\/12-300x169.jpg\" alt=\"\" width=\"300\" height=\"169\" srcset=\"https:\/\/agora.xtec.cat\/ceip-lesroquesblaves\/wp-content\/uploads\/usu36\/2020\/03\/12-300x169.jpg 300w, https:\/\/agora.xtec.cat\/ceip-lesroquesblaves\/wp-content\/uploads\/usu36\/2020\/03\/12.jpg 480w\" sizes=\"auto, (max-width: 300px) 100vw, 300px\" \/><\/a> <a href=\"https:\/\/agora.xtec.cat\/ceip-lesroquesblaves\/wp-content\/uploads\/usu36\/2020\/03\/10.jpg\"><img loading=\"lazy\" decoding=\"async\" class=\"alignleft size-medium wp-image-18500\" src=\"https:\/\/agora.xtec.cat\/ceip-lesroquesblaves\/wp-content\/uploads\/usu36\/2020\/03\/10-300x169.jpg\" alt=\"\" width=\"300\" height=\"169\" srcset=\"https:\/\/agora.xtec.cat\/ceip-lesroquesblaves\/wp-content\/uploads\/usu36\/2020\/03\/10-300x169.jpg 300w, https:\/\/agora.xtec.cat\/ceip-lesroquesblaves\/wp-content\/uploads\/usu36\/2020\/03\/10.jpg 480w\" sizes=\"auto, (max-width: 300px) 100vw, 300px\" \/><\/a> <a href=\"https:\/\/agora.xtec.cat\/ceip-lesroquesblaves\/wp-content\/uploads\/usu36\/2020\/03\/9.jpg\"><img loading=\"lazy\" decoding=\"async\" class=\"alignleft size-medium wp-image-18499\" src=\"https:\/\/agora.xtec.cat\/ceip-lesroquesblaves\/wp-content\/uploads\/usu36\/2020\/03\/9-300x169.jpg\" alt=\"\" width=\"300\" height=\"169\" srcset=\"https:\/\/agora.xtec.cat\/ceip-lesroquesblaves\/wp-content\/uploads\/usu36\/2020\/03\/9-300x169.jpg 300w, https:\/\/agora.xtec.cat\/ceip-lesroquesblaves\/wp-content\/uploads\/usu36\/2020\/03\/9.jpg 480w\" sizes=\"auto, (max-width: 300px) 100vw, 300px\" \/><\/a> <a href=\"https:\/\/agora.xtec.cat\/ceip-lesroquesblaves\/wp-content\/uploads\/usu36\/2020\/03\/8.jpg\"><img loading=\"lazy\" decoding=\"async\" class=\"alignleft size-medium wp-image-18498\" src=\"https:\/\/agora.xtec.cat\/ceip-lesroquesblaves\/wp-content\/uploads\/usu36\/2020\/03\/8-300x169.jpg\" alt=\"\" width=\"300\" height=\"169\" srcset=\"https:\/\/agora.xtec.cat\/ceip-lesroquesblaves\/wp-content\/uploads\/usu36\/2020\/03\/8-300x169.jpg 300w, https:\/\/agora.xtec.cat\/ceip-lesroquesblaves\/wp-content\/uploads\/usu36\/2020\/03\/8.jpg 480w\" sizes=\"auto, (max-width: 300px) 100vw, 300px\" \/><\/a> <a href=\"https:\/\/agora.xtec.cat\/ceip-lesroquesblaves\/wp-content\/uploads\/usu36\/2020\/03\/7.jpg\"><img loading=\"lazy\" decoding=\"async\" class=\"alignleft size-medium wp-image-18497\" src=\"https:\/\/agora.xtec.cat\/ceip-lesroquesblaves\/wp-content\/uploads\/usu36\/2020\/03\/7-300x169.jpg\" alt=\"\" width=\"300\" height=\"169\" srcset=\"https:\/\/agora.xtec.cat\/ceip-lesroquesblaves\/wp-content\/uploads\/usu36\/2020\/03\/7-300x169.jpg 300w, https:\/\/agora.xtec.cat\/ceip-lesroquesblaves\/wp-content\/uploads\/usu36\/2020\/03\/7.jpg 480w\" sizes=\"auto, (max-width: 300px) 100vw, 300px\" \/><\/a> <a href=\"https:\/\/agora.xtec.cat\/ceip-lesroquesblaves\/wp-content\/uploads\/usu36\/2020\/03\/6.jpg\"><img loading=\"lazy\" decoding=\"async\" class=\"alignleft size-medium wp-image-18496\" src=\"https:\/\/agora.xtec.cat\/ceip-lesroquesblaves\/wp-content\/uploads\/usu36\/2020\/03\/6-300x169.jpg\" alt=\"\" width=\"300\" height=\"169\" srcset=\"https:\/\/agora.xtec.cat\/ceip-lesroquesblaves\/wp-content\/uploads\/usu36\/2020\/03\/6-300x169.jpg 300w, https:\/\/agora.xtec.cat\/ceip-lesroquesblaves\/wp-content\/uploads\/usu36\/2020\/03\/6.jpg 480w\" sizes=\"auto, (max-width: 300px) 100vw, 300px\" \/><\/a> <a href=\"https:\/\/agora.xtec.cat\/ceip-lesroquesblaves\/wp-content\/uploads\/usu36\/2020\/03\/5.jpg\"><img loading=\"lazy\" decoding=\"async\" class=\"alignleft size-medium wp-image-18495\" src=\"https:\/\/agora.xtec.cat\/ceip-lesroquesblaves\/wp-content\/uploads\/usu36\/2020\/03\/5-300x169.jpg\" alt=\"\" width=\"300\" height=\"169\" srcset=\"https:\/\/agora.xtec.cat\/ceip-lesroquesblaves\/wp-content\/uploads\/usu36\/2020\/03\/5-300x169.jpg 300w, https:\/\/agora.xtec.cat\/ceip-lesroquesblaves\/wp-content\/uploads\/usu36\/2020\/03\/5.jpg 480w\" sizes=\"auto, (max-width: 300px) 100vw, 300px\" \/><\/a> <a href=\"https:\/\/agora.xtec.cat\/ceip-lesroquesblaves\/wp-content\/uploads\/usu36\/2020\/03\/4.jpg\"><img loading=\"lazy\" decoding=\"async\" class=\"alignleft size-medium wp-image-18494\" src=\"https:\/\/agora.xtec.cat\/ceip-lesroquesblaves\/wp-content\/uploads\/usu36\/2020\/03\/4-300x169.jpg\" alt=\"\" width=\"300\" height=\"169\" srcset=\"https:\/\/agora.xtec.cat\/ceip-lesroquesblaves\/wp-content\/uploads\/usu36\/2020\/03\/4-300x169.jpg 300w, https:\/\/agora.xtec.cat\/ceip-lesroquesblaves\/wp-content\/uploads\/usu36\/2020\/03\/4.jpg 480w\" sizes=\"auto, (max-width: 300px) 100vw, 300px\" \/><\/a> <a href=\"https:\/\/agora.xtec.cat\/ceip-lesroquesblaves\/wp-content\/uploads\/usu36\/2020\/03\/3.jpg\"><img loading=\"lazy\" decoding=\"async\" class=\"alignleft size-medium wp-image-18493\" src=\"https:\/\/agora.xtec.cat\/ceip-lesroquesblaves\/wp-content\/uploads\/usu36\/2020\/03\/3-300x169.jpg\" alt=\"\" width=\"300\" height=\"169\" srcset=\"https:\/\/agora.xtec.cat\/ceip-lesroquesblaves\/wp-content\/uploads\/usu36\/2020\/03\/3-300x169.jpg 300w, https:\/\/agora.xtec.cat\/ceip-lesroquesblaves\/wp-content\/uploads\/usu36\/2020\/03\/3.jpg 480w\" sizes=\"auto, (max-width: 300px) 100vw, 300px\" \/><\/a> <a href=\"https:\/\/agora.xtec.cat\/ceip-lesroquesblaves\/wp-content\/uploads\/usu36\/2020\/03\/2.jpg\"><img loading=\"lazy\" decoding=\"async\" class=\"alignleft size-medium wp-image-18492\" src=\"https:\/\/agora.xtec.cat\/ceip-lesroquesblaves\/wp-content\/uploads\/usu36\/2020\/03\/2-300x169.jpg\" alt=\"\" width=\"300\" height=\"169\" srcset=\"https:\/\/agora.xtec.cat\/ceip-lesroquesblaves\/wp-content\/uploads\/usu36\/2020\/03\/2-300x169.jpg 300w, https:\/\/agora.xtec.cat\/ceip-lesroquesblaves\/wp-content\/uploads\/usu36\/2020\/03\/2.jpg 480w\" sizes=\"auto, (max-width: 300px) 100vw, 300px\" \/><\/a> <a href=\"https:\/\/agora.xtec.cat\/ceip-lesroquesblaves\/wp-content\/uploads\/usu36\/2020\/03\/1.jpg\"><img loading=\"lazy\" decoding=\"async\" class=\"alignleft size-medium wp-image-18491\" src=\"https:\/\/agora.xtec.cat\/ceip-lesroquesblaves\/wp-content\/uploads\/usu36\/2020\/03\/1-300x169.jpg\" alt=\"\" width=\"300\" height=\"169\" srcset=\"https:\/\/agora.xtec.cat\/ceip-lesroquesblaves\/wp-content\/uploads\/usu36\/2020\/03\/1-300x169.jpg 300w, https:\/\/agora.xtec.cat\/ceip-lesroquesblaves\/wp-content\/uploads\/usu36\/2020\/03\/1.jpg 480w\" sizes=\"auto, (max-width: 300px) 100vw, 300px\" \/><\/a><\/p>\n","protected":false},"excerpt":{"rendered":"<p>Abans que arrib\u00e9s aquesta situaci\u00f3 excepcional de quedar-nos a casa i seguir les normes i les regles de les autoritats sanit\u00e0ries i pol\u00edtiques, a l&#8217;escola i sobretot els infants d&#8217;Educaci\u00f3 Infantil est\u00e0vem molts contents, perqu\u00e8 per fi des de l&#8217;Ajuntament d&#8217;Esparreguera ens van donar resposta&hellip;  <a href=\"https:\/\/agora.xtec.cat\/ceip-lesroquesblaves\/portada\/ja-tenim-jardi-al-pati-dinfantil\/\" title=\"Read JA TENIM JARD\u00cd AL PATI D&#8217;INFANTIL!!\">Llegeix m\u00e9s\u00bb<\/a><\/p>\n","protected":false},"author":64,"featured_media":18503,"comment_status":"open","ping_status":"closed","sticky":false,"template":"","format":"standard","meta":{"footnotes":""},"categories":[267,7,190,4,191],"tags":[],"class_list":["post-18490","post","type-post","status-publish","format-standard","has-post-thumbnail","hentry","category-promocio2017-26","category-ampa","category-linia-pedagogica","category-portada","category-filosofia318"],"post_mailing_queue_ids":[],"_links":{"self":[{"href":"https:\/\/agora.xtec.cat\/ceip-lesroquesblaves\/wp-json\/wp\/v2\/posts\/18490","targetHints":{"allow":["GET"]}}],"collection":[{"href":"https:\/\/agora.xtec.cat\/ceip-lesroquesblaves\/wp-json\/wp\/v2\/posts"}],"about":[{"href":"https:\/\/agora.xtec.cat\/ceip-lesroquesblaves\/wp-json\/wp\/v2\/types\/post"}],"author":[{"embeddable":true,"href":"https:\/\/agora.xtec.cat\/ceip-lesroquesblaves\/wp-json\/wp\/v2\/users\/64"}],"replies":[{"embeddable":true,"href":"https:\/\/agora.xtec.cat\/ceip-lesroquesblaves\/wp-json\/wp\/v2\/comments?post=18490"}],"version-history":[{"count":3,"href":"https:\/\/agora.xtec.cat\/ceip-lesroquesblaves\/wp-json\/wp\/v2\/posts\/18490\/revisions"}],"predecessor-version":[{"id":18523,"href":"https:\/\/agora.xtec.cat\/ceip-lesroquesblaves\/wp-json\/wp\/v2\/posts\/18490\/revisions\/18523"}],"wp:featuredmedia":[{"embeddable":true,"href":"https:\/\/agora.xtec.cat\/ceip-lesroquesblaves\/wp-json\/wp\/v2\/media\/18503"}],"wp:attachment":[{"href":"https:\/\/agora.xtec.cat\/ceip-lesroquesblaves\/wp-json\/wp\/v2\/media?parent=18490"}],"wp:term":[{"taxonomy":"category","embeddable":true,"href":"https:\/\/agora.xtec.cat\/ceip-lesroquesblaves\/wp-json\/wp\/v2\/categories?post=18490"},{"taxonomy":"post_tag","embeddable":true,"href":"https:\/\/agora.xtec.cat\/ceip-lesroquesblaves\/wp-json\/wp\/v2\/tags?post=18490"}],"curies":[{"name":"wp","href":"https:\/\/api.w.org\/{rel}","templated":true}]}}