{"id":18480,"date":"2020-03-23T10:43:30","date_gmt":"2020-03-23T09:43:30","guid":{"rendered":"https:\/\/agora.xtec.cat\/ceip-lesroquesblaves\/?p=18480"},"modified":"2020-03-24T09:08:23","modified_gmt":"2020-03-24T08:08:23","slug":"propostes-dactivitats-setmana-del-23-al-29-de-marc-2n-de-ci","status":"publish","type":"post","link":"https:\/\/agora.xtec.cat\/ceip-lesroquesblaves\/2015-24\/propostes-dactivitats-setmana-del-23-al-29-de-marc-2n-de-ci\/","title":{"rendered":"PROPOSTES D\u2019ACTIVITATS: SETMANA DEL 23 AL 29 DE MAR\u00c7 2n de CI"},"content":{"rendered":"<p>&nbsp;<\/p>\n<p><a href=\"https:\/\/agora.xtec.cat\/ceip-lesroquesblaves\/wp-content\/uploads\/usu36\/2020\/03\/Carta-web-23.jpg\"><img loading=\"lazy\" decoding=\"async\" class=\"size-full wp-image-18558 aligncenter\" src=\"https:\/\/agora.xtec.cat\/ceip-lesroquesblaves\/wp-content\/uploads\/usu36\/2020\/03\/Carta-web-23.jpg\" alt=\"\" width=\"789\" height=\"775\" srcset=\"https:\/\/agora.xtec.cat\/ceip-lesroquesblaves\/wp-content\/uploads\/usu36\/2020\/03\/Carta-web-23.jpg 789w, https:\/\/agora.xtec.cat\/ceip-lesroquesblaves\/wp-content\/uploads\/usu36\/2020\/03\/Carta-web-23-300x295.jpg 300w, https:\/\/agora.xtec.cat\/ceip-lesroquesblaves\/wp-content\/uploads\/usu36\/2020\/03\/Carta-web-23-768x754.jpg 768w\" sizes=\"auto, (max-width: 789px) 100vw, 789px\" \/><\/a><\/p>\n<ol>\n<li style=\"font-weight: 400\"><span style=\"font-weight: 400\">Aquest curs de segon tamb\u00e9 hem de fer una part del projecte de l\u2019Escola Apadrinem Les Roques Blaves.\u00a0 Hem pensat que per avan\u00e7ar feina podeu fer les tasques aquesta setmana.<\/span><\/li>\n<\/ol>\n<p><span style=\"font-weight: 400\">Trobareu tots els materials a la web de l\u2019Apadrinem Les Roques Blaves Fauna, de l\u2019Escola:<\/span><\/p>\n<p><span style=\"font-weight: 400\">\u00a0<\/span><a href=\"https:\/\/agora.xtec.cat\/ceip-lesroquesblaves\/categoria\/projectes\/apadrinem\/fauna\/\"><span style=\"font-weight: 400\">https:\/\/agora.xtec.cat\/ceip-lesroquesblaves\/categoria\/projectes\/apadrinem\/fauna\/<\/span><\/a><\/p>\n<p><span style=\"font-weight: 400\">(Hi trobareu la fitxa t\u00e8cnica de 2n que heu d\u2019omplir i enlla\u00e7os a materials on poder consultar les caracter\u00edstiques dels animals).<\/span><\/p>\n<p><span style=\"font-weight: 400\">Tasques:<\/span><\/p>\n<ol>\n<li style=\"font-weight: 400\"><span style=\"font-weight: 400\">Mireu el document del llistat de R\u00c8PTILS, AMFIBIS i INVERTEBRATS que hi ha a la zona de les Roques Blaves i escolliu-ne un.<\/span><\/li>\n<li style=\"font-weight: 400\"><span style=\"font-weight: 400\">Cerqueu, seleccioneu i identifiqueu\u00a0 informaci\u00f3 sobre l\u2019animal que heu triat.<\/span><\/li>\n<li style=\"font-weight: 400\"><span style=\"font-weight: 400\">Escriviu en la fitxa t\u00e8cnica la informaci\u00f3 cercada.\u00a0<\/span><\/li>\n<li style=\"font-weight: 400\"><span style=\"font-weight: 400\">Feu un dibuix de l\u2019animal en un full en blanc. (Feu-lo ben gran, que gaireb\u00e9 ocupi tot el full). Recordeu de pintar-lo amb els colors que li corresponen i tamb\u00e9 pintar el fons del full.\u00a0<\/span><\/li>\n<li style=\"font-weight: 400\"><span style=\"font-weight: 400\">Quan tornem a l\u2019escola cadasc\u00fa fareu una exposici\u00f3 oral\u00a0 a la resta de companys del vostre treball.<\/span><\/li>\n<\/ol>\n<p>&nbsp;<\/p>\n<ol start=\"2\">\n<li><span style=\"font-weight: 400\"> Activitat per practicar el c\u00e0lcul mental:<\/span><\/li>\n<\/ol>\n<p><span style=\"font-weight: 400\">\u00a0 \u00a0 \u00a0 <\/span><a href=\"\/\/clic.xtec.cat\/projects\/jugcalc\/jclic.js\/index.html\" target=\"_blank\" rel=\"noopener noreferrer\"><img loading=\"lazy\" decoding=\"async\" class=\"alignnone wp-image-18481\" src=\"https:\/\/agora.xtec.cat\/ceip-lesroquesblaves\/wp-content\/uploads\/usu36\/2020\/03\/Juguem-a-calcular.jpg\" alt=\"\" width=\"251\" height=\"175\" srcset=\"https:\/\/agora.xtec.cat\/ceip-lesroquesblaves\/wp-content\/uploads\/usu36\/2020\/03\/Juguem-a-calcular.jpg 302w, https:\/\/agora.xtec.cat\/ceip-lesroquesblaves\/wp-content\/uploads\/usu36\/2020\/03\/Juguem-a-calcular-300x210.jpg 300w\" sizes=\"auto, (max-width: 251px) 100vw, 251px\" \/><\/a><\/p>\n<p>&nbsp;<\/p>\n<ol start=\"3\">\n<li><span style=\"font-weight: 400\"> Activitats per refor\u00e7ar la numeraci\u00f3:<\/span><\/li>\n<\/ol>\n<p><a href=\"\/\/clic.xtec.cat\/projects\/l_abac\/jclic.js\/index.html\" target=\"_blank\" rel=\"noopener noreferrer\">\u00a0 <img loading=\"lazy\" decoding=\"async\" class=\"alignnone wp-image-18482\" src=\"https:\/\/agora.xtec.cat\/ceip-lesroquesblaves\/wp-content\/uploads\/usu36\/2020\/03\/Numeraci\u00f3.jpg\" alt=\"\" width=\"254\" height=\"189\" srcset=\"https:\/\/agora.xtec.cat\/ceip-lesroquesblaves\/wp-content\/uploads\/usu36\/2020\/03\/Numeraci\u00f3.jpg 569w, https:\/\/agora.xtec.cat\/ceip-lesroquesblaves\/wp-content\/uploads\/usu36\/2020\/03\/Numeraci\u00f3-300x223.jpg 300w, https:\/\/agora.xtec.cat\/ceip-lesroquesblaves\/wp-content\/uploads\/usu36\/2020\/03\/Numeraci\u00f3-200x150.jpg 200w\" sizes=\"auto, (max-width: 254px) 100vw, 254px\" \/><\/a><\/p>\n<ol start=\"4\">\n<li><span style=\"font-weight: 400\"> Escriviu petites hist\u00f2ries. Primer escolliu el tema, despr\u00e9s trieu les imatges i tot seguit ja podeu escriure. Quan acabeu ho podeu imprimir. <\/span>Si no teniu connexi\u00f3 a internet, agafeu un full en blanc retalleu alguna imatge d\u2019una revista, full de propaganda\u2026 i escriviu la vostra hist\u00f2ria.<\/li>\n<\/ol>\n<p><span style=\"font-weight: 400\">Abans de comen\u00e7ar a escriure planifiqueu el que voleu dir. Aquesta Graella de planificaci\u00f3 us ajudar\u00e0:\u00a0<\/span><span style=\"font-weight: 400\"> <a href=\"https:\/\/agora.xtec.cat\/ceip-lesroquesblaves\/wp-content\/uploads\/usu36\/2020\/03\/Graella-de-planificaci\u00f3-del-text.docx\">Graella de planificaci\u00f3 del text<\/a><\/span><\/p>\n<p style=\"text-align: left\"><span style=\"font-weight: 400\"><a href=\"http:\/\/apliense.xtec.cat\/petites_histories\/?lang=es\" target=\"_blank\" rel=\"noopener noreferrer\">Enlla\u00e7 per escriure les hist\u00f2ries on line\u00a0 <img loading=\"lazy\" decoding=\"async\" class=\"alignnone wp-image-18484\" src=\"https:\/\/agora.xtec.cat\/ceip-lesroquesblaves\/wp-content\/uploads\/usu36\/2020\/03\/Petites-histories.jpg\" alt=\"\" width=\"240\" height=\"269\" srcset=\"https:\/\/agora.xtec.cat\/ceip-lesroquesblaves\/wp-content\/uploads\/usu36\/2020\/03\/Petites-histories.jpg 817w, https:\/\/agora.xtec.cat\/ceip-lesroquesblaves\/wp-content\/uploads\/usu36\/2020\/03\/Petites-histories-268x300.jpg 268w, https:\/\/agora.xtec.cat\/ceip-lesroquesblaves\/wp-content\/uploads\/usu36\/2020\/03\/Petites-histories-768x859.jpg 768w\" sizes=\"auto, (max-width: 240px) 100vw, 240px\" \/><\/a><\/span><\/p>\n<p>&nbsp;<\/p>\n<ol start=\"5\">\n<li><span style=\"font-weight: 400\"> Practica i memoritza l\u2019abecedari amb la can\u00e7\u00f3 de la D\u00e0maris Gelabert o la del Jean Paul.<\/span><\/li>\n<\/ol>\n<p><a href=\"https:\/\/agora.xtec.cat\/ceip-lesroquesblaves\/wp-content\/uploads\/usu36\/2020\/03\/Abecedari-Damaris.jpg\">\u00a0\u00a0\u00a0\u00a0\u00a0\u00a0<\/a><a href=\"https:\/\/www.youtube.com\/watch?v=ITUmXHq7Y-A\" target=\"_blank\" rel=\"noopener noreferrer\"><img loading=\"lazy\" decoding=\"async\" class=\"alignnone wp-image-18486\" src=\"https:\/\/agora.xtec.cat\/ceip-lesroquesblaves\/wp-content\/uploads\/usu36\/2020\/03\/Abecedari-Damaris-1024x573.jpg\" alt=\"\" width=\"334\" height=\"187\" srcset=\"https:\/\/agora.xtec.cat\/ceip-lesroquesblaves\/wp-content\/uploads\/usu36\/2020\/03\/Abecedari-Damaris-1024x573.jpg 1024w, https:\/\/agora.xtec.cat\/ceip-lesroquesblaves\/wp-content\/uploads\/usu36\/2020\/03\/Abecedari-Damaris-300x168.jpg 300w, https:\/\/agora.xtec.cat\/ceip-lesroquesblaves\/wp-content\/uploads\/usu36\/2020\/03\/Abecedari-Damaris-768x430.jpg 768w, https:\/\/agora.xtec.cat\/ceip-lesroquesblaves\/wp-content\/uploads\/usu36\/2020\/03\/Abecedari-Damaris.jpg 1273w\" sizes=\"auto, (max-width: 334px) 100vw, 334px\" \/><\/a> \u00a0\u00a0 \u00a0\u00a0 \u00a0\u00a0<a href=\"\/\/www.youtube.com\/watch?v=T-AKoOvcKX8\" target=\"_blank\" rel=\"noopener noreferrer\"><img loading=\"lazy\" decoding=\"async\" class=\"alignnone wp-image-18487\" src=\"https:\/\/agora.xtec.cat\/ceip-lesroquesblaves\/wp-content\/uploads\/usu36\/2020\/03\/Alfabet-1.jpg\" alt=\"\" width=\"274\" height=\"187\" srcset=\"https:\/\/agora.xtec.cat\/ceip-lesroquesblaves\/wp-content\/uploads\/usu36\/2020\/03\/Alfabet-1.jpg 910w, https:\/\/agora.xtec.cat\/ceip-lesroquesblaves\/wp-content\/uploads\/usu36\/2020\/03\/Alfabet-1-300x204.jpg 300w, https:\/\/agora.xtec.cat\/ceip-lesroquesblaves\/wp-content\/uploads\/usu36\/2020\/03\/Alfabet-1-768x523.jpg 768w\" sizes=\"auto, (max-width: 274px) 100vw, 274px\" \/><\/a><\/p>\n<p><span style=\"font-weight: 400\">\u00a0\u00a0\u00a0\u00a0\u00a0\u00a0\u00a0\u00a0\u00a0\u00a0\u00a0\u00a0\u00a0<\/span><span style=\"font-weight: 400\">\u00a0\u00a0\u00a0\u00a0\u00a0\u00a0\u00a0\u00a0\u00a0\u00a0\u00a0<\/span><\/p>\n<ol start=\"6\">\n<li><b> REPTE DE LA SEGONA SETMANA<\/b><\/li>\n<\/ol>\n<p><span style=\"font-weight: 400\">La Maria, la Sofia i la L\u00eddia tenen uns p\u00e8sols m\u00e0gics. Per tenir els mateixos poders m\u00e0gics, totes tres han de tenir la mateixa quantitat de p\u00e8sols. Com ho poden fer?<\/span><\/p>\n<p><a href=\"https:\/\/agora.xtec.cat\/ceip-lesroquesblaves\/wp-content\/uploads\/usu36\/2020\/03\/Dibuix-pesols-1.jpg\"><img loading=\"lazy\" decoding=\"async\" class=\"alignnone size-large wp-image-18561\" src=\"https:\/\/agora.xtec.cat\/ceip-lesroquesblaves\/wp-content\/uploads\/usu36\/2020\/03\/Dibuix-pesols-1-1024x473.jpg\" alt=\"\" width=\"1024\" height=\"473\" srcset=\"https:\/\/agora.xtec.cat\/ceip-lesroquesblaves\/wp-content\/uploads\/usu36\/2020\/03\/Dibuix-pesols-1-1024x473.jpg 1024w, https:\/\/agora.xtec.cat\/ceip-lesroquesblaves\/wp-content\/uploads\/usu36\/2020\/03\/Dibuix-pesols-1-300x138.jpg 300w, https:\/\/agora.xtec.cat\/ceip-lesroquesblaves\/wp-content\/uploads\/usu36\/2020\/03\/Dibuix-pesols-1-768x355.jpg 768w, https:\/\/agora.xtec.cat\/ceip-lesroquesblaves\/wp-content\/uploads\/usu36\/2020\/03\/Dibuix-pesols-1.jpg 1590w\" sizes=\"auto, (max-width: 1024px) 100vw, 1024px\" \/><\/a><\/p>\n<p>&nbsp;<\/p>\n<ul>\n<li style=\"font-weight: 400\"><span style=\"font-weight: 400\">Qui haur\u00e0 de donar p\u00e8sols a qui?\u00a0\u00a0<\/span><\/li>\n<li style=\"font-weight: 400\"><span style=\"font-weight: 400\">Quants?\u00a0\u00a0<\/span><\/li>\n<li style=\"font-weight: 400\"><span style=\"font-weight: 400\">Al final quants en tindran cada una?\u00a0<\/span><\/li>\n<\/ul>\n<p><span style=\"font-weight: 400\">Resol el repte en un full. Dibuixa i explica el que vas fent i les teves respostes.\u00a0<\/span><\/p>\n<p><span style=\"font-weight: 400\">\u00a0<\/span><\/p>\n<p>&nbsp;<\/p>\n<p>&nbsp;<\/p>\n","protected":false},"excerpt":{"rendered":"<p>Hola a tots i a totes!<br \/>\nEn primer lloc us volem transmetre molts \u00e0nims i molta for\u00e7a per continuar passant aquests dies de confinament a casa. Sabem que no \u00e9s una situaci\u00f3 f\u00e0cil, especialment per a vosaltres, i tenim moltes ganes de retrobar-nos novament a la nostra estimada escola.<br \/>\n&hellip;  <a href=\"https:\/\/agora.xtec.cat\/ceip-lesroquesblaves\/2015-24\/propostes-dactivitats-setmana-del-23-al-29-de-marc-2n-de-ci\/\" title=\"Read PROPOSTES D\u2019ACTIVITATS: SETMANA DEL 23 AL 29 DE MAR\u00c7 2n de CI\">Llegeix m\u00e9s\u00bb<\/a><\/p>\n","protected":false},"author":73,"featured_media":18567,"comment_status":"open","ping_status":"closed","sticky":false,"template":"","format":"standard","meta":{"footnotes":""},"categories":[265],"tags":[371],"class_list":["post-18480","post","type-post","status-publish","format-standard","has-post-thumbnail","hentry","category-2015-24","tag-joemquedoacasa"],"post_mailing_queue_ids":[],"_links":{"self":[{"href":"https:\/\/agora.xtec.cat\/ceip-lesroquesblaves\/wp-json\/wp\/v2\/posts\/18480","targetHints":{"allow":["GET"]}}],"collection":[{"href":"https:\/\/agora.xtec.cat\/ceip-lesroquesblaves\/wp-json\/wp\/v2\/posts"}],"about":[{"href":"https:\/\/agora.xtec.cat\/ceip-lesroquesblaves\/wp-json\/wp\/v2\/types\/post"}],"author":[{"embeddable":true,"href":"https:\/\/agora.xtec.cat\/ceip-lesroquesblaves\/wp-json\/wp\/v2\/users\/73"}],"replies":[{"embeddable":true,"href":"https:\/\/agora.xtec.cat\/ceip-lesroquesblaves\/wp-json\/wp\/v2\/comments?post=18480"}],"version-history":[{"count":4,"href":"https:\/\/agora.xtec.cat\/ceip-lesroquesblaves\/wp-json\/wp\/v2\/posts\/18480\/revisions"}],"predecessor-version":[{"id":18614,"href":"https:\/\/agora.xtec.cat\/ceip-lesroquesblaves\/wp-json\/wp\/v2\/posts\/18480\/revisions\/18614"}],"wp:featuredmedia":[{"embeddable":true,"href":"https:\/\/agora.xtec.cat\/ceip-lesroquesblaves\/wp-json\/wp\/v2\/media\/18567"}],"wp:attachment":[{"href":"https:\/\/agora.xtec.cat\/ceip-lesroquesblaves\/wp-json\/wp\/v2\/media?parent=18480"}],"wp:term":[{"taxonomy":"category","embeddable":true,"href":"https:\/\/agora.xtec.cat\/ceip-lesroquesblaves\/wp-json\/wp\/v2\/categories?post=18480"},{"taxonomy":"post_tag","embeddable":true,"href":"https:\/\/agora.xtec.cat\/ceip-lesroquesblaves\/wp-json\/wp\/v2\/tags?post=18480"}],"curies":[{"name":"wp","href":"https:\/\/api.w.org\/{rel}","templated":true}]}}