{"id":18041,"date":"2020-02-28T18:28:46","date_gmt":"2020-02-28T17:28:46","guid":{"rendered":"https:\/\/agora.xtec.cat\/ceip-lesroquesblaves\/?p=18041"},"modified":"2020-02-28T18:29:54","modified_gmt":"2020-02-28T17:29:54","slug":"audicio-a-lescola-municipal-de-musica-i-dansa","status":"publish","type":"post","link":"https:\/\/agora.xtec.cat\/ceip-lesroquesblaves\/portada\/audicio-a-lescola-municipal-de-musica-i-dansa\/","title":{"rendered":"Audici\u00f3 a l&#8217;Escola Municipal de M\u00fasica i Dansa"},"content":{"rendered":"<p>Amb les nenes i els nens de P5 hem anat a l&#8217;Escola Municipal de M\u00fasica i Dansa d&#8217;Esparreguera per assistir a una audici\u00f3 d&#8217;instruments de percussi\u00f3.<\/p>\n<p>Hem vist alguns instruments de diferents pa\u00efsos d&#8217;arreu del m\u00f3n, hem estat escoltant alguns ritmes cl\u00e0ssics i moderns i uns quants hem pogut tocar fent un concert.<\/p>\n<p>A continuaci\u00f3 us en presentem un <a href=\"https:\/\/photos.app.goo.gl\/MixYnCbF4YAppMSz5\" target=\"_blank\" rel=\"noopener noreferrer\">recull d&#8217;alguns dels millors moments<\/a>.<\/p>\n","protected":false},"excerpt":{"rendered":"<p>Amb les nenes i els nens de P5 hem anat a l&#8217;Escola Municipal de M\u00fasica i Dansa d&#8217;Esparreguera per assistir a una audici\u00f3 d&#8217;instruments de percussi\u00f3.<br \/>\nHem vist alguns instruments de diferents pa\u00efsos d&#8217;arreu del m\u00f3n, hem estat escoltant alguns ritmes cl\u00e0ssics i moderns i uns&hellip;  <a href=\"https:\/\/agora.xtec.cat\/ceip-lesroquesblaves\/portada\/audicio-a-lescola-municipal-de-musica-i-dansa\/\" title=\"Read Audici\u00f3 a l&#8217;Escola Municipal de M\u00fasica i Dansa\">Llegeix m\u00e9s\u00bb<\/a><\/p>\n","protected":false},"author":73,"featured_media":18042,"comment_status":"open","ping_status":"closed","sticky":false,"template":"","format":"standard","meta":{"footnotes":""},"categories":[267,108,4],"tags":[200,354,201,355],"class_list":["post-18041","post","type-post","status-publish","format-standard","has-post-thumbnail","hentry","category-promocio2017-26","category-musica","category-portada","tag-audicio","tag-emmd","tag-escola-de-musica","tag-percussio"],"post_mailing_queue_ids":[],"_links":{"self":[{"href":"https:\/\/agora.xtec.cat\/ceip-lesroquesblaves\/wp-json\/wp\/v2\/posts\/18041","targetHints":{"allow":["GET"]}}],"collection":[{"href":"https:\/\/agora.xtec.cat\/ceip-lesroquesblaves\/wp-json\/wp\/v2\/posts"}],"about":[{"href":"https:\/\/agora.xtec.cat\/ceip-lesroquesblaves\/wp-json\/wp\/v2\/types\/post"}],"author":[{"embeddable":true,"href":"https:\/\/agora.xtec.cat\/ceip-lesroquesblaves\/wp-json\/wp\/v2\/users\/73"}],"replies":[{"embeddable":true,"href":"https:\/\/agora.xtec.cat\/ceip-lesroquesblaves\/wp-json\/wp\/v2\/comments?post=18041"}],"version-history":[{"count":1,"href":"https:\/\/agora.xtec.cat\/ceip-lesroquesblaves\/wp-json\/wp\/v2\/posts\/18041\/revisions"}],"predecessor-version":[{"id":18043,"href":"https:\/\/agora.xtec.cat\/ceip-lesroquesblaves\/wp-json\/wp\/v2\/posts\/18041\/revisions\/18043"}],"wp:featuredmedia":[{"embeddable":true,"href":"https:\/\/agora.xtec.cat\/ceip-lesroquesblaves\/wp-json\/wp\/v2\/media\/18042"}],"wp:attachment":[{"href":"https:\/\/agora.xtec.cat\/ceip-lesroquesblaves\/wp-json\/wp\/v2\/media?parent=18041"}],"wp:term":[{"taxonomy":"category","embeddable":true,"href":"https:\/\/agora.xtec.cat\/ceip-lesroquesblaves\/wp-json\/wp\/v2\/categories?post=18041"},{"taxonomy":"post_tag","embeddable":true,"href":"https:\/\/agora.xtec.cat\/ceip-lesroquesblaves\/wp-json\/wp\/v2\/tags?post=18041"}],"curies":[{"name":"wp","href":"https:\/\/api.w.org\/{rel}","templated":true}]}}