{"id":17971,"date":"2020-02-24T17:34:08","date_gmt":"2020-02-24T16:34:08","guid":{"rendered":"https:\/\/agora.xtec.cat\/ceip-lesroquesblaves\/?p=17971"},"modified":"2020-02-28T16:55:55","modified_gmt":"2020-02-28T15:55:55","slug":"llegint-amb-la-llum-duna-espelma","status":"publish","type":"post","link":"https:\/\/agora.xtec.cat\/ceip-lesroquesblaves\/portada\/llegint-amb-la-llum-duna-espelma\/","title":{"rendered":"LLEGINT AMB LA LLUM D&#8217;UNA ESPELMA"},"content":{"rendered":"<p>&nbsp;<\/p>\n<p>&nbsp;<\/p>\n<p><img loading=\"lazy\" decoding=\"async\" class=\"wp-image-17972 alignleft\" src=\"https:\/\/agora.xtec.cat\/ceip-lesroquesblaves\/wp-content\/uploads\/usu36\/2020\/02\/Pebili.png\" alt=\"\" width=\"85\" height=\"154\" srcset=\"https:\/\/agora.xtec.cat\/ceip-lesroquesblaves\/wp-content\/uploads\/usu36\/2020\/02\/Pebili.png 198w, https:\/\/agora.xtec.cat\/ceip-lesroquesblaves\/wp-content\/uploads\/usu36\/2020\/02\/Pebili-166x300.png 166w\" sizes=\"auto, (max-width: 85px) 100vw, 85px\" \/><\/p>\n<p>&nbsp;<\/p>\n<p>Observem i llegim a les fosques nom\u00e9s amb la llum de l\u2019espelma,<br \/>\ncom l\u2019estudiant que en P\u00e8bili observa cada nit.<\/p>\n<p><!-- [if gte vml 1]&gt;--><\/p>\n<p><!-- [if !vml]--><!--[endif]--><\/p>\n<p>&nbsp;<\/p>\n<p>&nbsp;<\/p>\n<p><a href=\"https:\/\/agora.xtec.cat\/ceip-lesroquesblaves\/wp-content\/uploads\/usu36\/2020\/02\/20191122_160821.jpg\"><img loading=\"lazy\" decoding=\"async\" class=\"alignnone wp-image-17977\" src=\"https:\/\/agora.xtec.cat\/ceip-lesroquesblaves\/wp-content\/uploads\/usu36\/2020\/02\/20191122_160821-1024x768.jpg\" alt=\"\" width=\"471\" height=\"353\" srcset=\"https:\/\/agora.xtec.cat\/ceip-lesroquesblaves\/wp-content\/uploads\/usu36\/2020\/02\/20191122_160821-1024x768.jpg 1024w, https:\/\/agora.xtec.cat\/ceip-lesroquesblaves\/wp-content\/uploads\/usu36\/2020\/02\/20191122_160821-300x225.jpg 300w, https:\/\/agora.xtec.cat\/ceip-lesroquesblaves\/wp-content\/uploads\/usu36\/2020\/02\/20191122_160821-768x576.jpg 768w, https:\/\/agora.xtec.cat\/ceip-lesroquesblaves\/wp-content\/uploads\/usu36\/2020\/02\/20191122_160821-200x150.jpg 200w, https:\/\/agora.xtec.cat\/ceip-lesroquesblaves\/wp-content\/uploads\/usu36\/2020\/02\/20191122_160821.jpg 1613w\" sizes=\"auto, (max-width: 471px) 100vw, 471px\" \/><\/a><a href=\"https:\/\/agora.xtec.cat\/ceip-lesroquesblaves\/wp-content\/uploads\/usu36\/2020\/02\/Pebili.png\"> \u00a0 \u00a0 \u00a0 <\/a><a href=\"https:\/\/agora.xtec.cat\/ceip-lesroquesblaves\/wp-content\/uploads\/usu36\/2020\/02\/20191122_160741.jpg\"><img loading=\"lazy\" decoding=\"async\" class=\"alignnone wp-image-17976\" src=\"https:\/\/agora.xtec.cat\/ceip-lesroquesblaves\/wp-content\/uploads\/usu36\/2020\/02\/20191122_160741-1024x768.jpg\" alt=\"\" width=\"471\" height=\"353\" srcset=\"https:\/\/agora.xtec.cat\/ceip-lesroquesblaves\/wp-content\/uploads\/usu36\/2020\/02\/20191122_160741-1024x768.jpg 1024w, https:\/\/agora.xtec.cat\/ceip-lesroquesblaves\/wp-content\/uploads\/usu36\/2020\/02\/20191122_160741-300x225.jpg 300w, https:\/\/agora.xtec.cat\/ceip-lesroquesblaves\/wp-content\/uploads\/usu36\/2020\/02\/20191122_160741-768x576.jpg 768w, https:\/\/agora.xtec.cat\/ceip-lesroquesblaves\/wp-content\/uploads\/usu36\/2020\/02\/20191122_160741-200x150.jpg 200w, https:\/\/agora.xtec.cat\/ceip-lesroquesblaves\/wp-content\/uploads\/usu36\/2020\/02\/20191122_160741.jpg 1613w\" sizes=\"auto, (max-width: 471px) 100vw, 471px\" \/><\/a><\/p>\n<p>&nbsp;<\/p>\n<p>Observem amb els cinc sentits diversos tipus d\u2019espelmes:<br \/>\n<a href=\"https:\/\/agora.xtec.cat\/ceip-lesroquesblaves\/wp-content\/uploads\/usu36\/2020\/02\/20191122_155554.jpg\"><img loading=\"lazy\" decoding=\"async\" class=\"wp-image-17980 alignleft\" src=\"https:\/\/agora.xtec.cat\/ceip-lesroquesblaves\/wp-content\/uploads\/usu36\/2020\/02\/20191122_155554-1024x768.jpg\" alt=\"\" width=\"498\" height=\"373\" srcset=\"https:\/\/agora.xtec.cat\/ceip-lesroquesblaves\/wp-content\/uploads\/usu36\/2020\/02\/20191122_155554-1024x768.jpg 1024w, https:\/\/agora.xtec.cat\/ceip-lesroquesblaves\/wp-content\/uploads\/usu36\/2020\/02\/20191122_155554-300x225.jpg 300w, https:\/\/agora.xtec.cat\/ceip-lesroquesblaves\/wp-content\/uploads\/usu36\/2020\/02\/20191122_155554-768x576.jpg 768w, https:\/\/agora.xtec.cat\/ceip-lesroquesblaves\/wp-content\/uploads\/usu36\/2020\/02\/20191122_155554-200x150.jpg 200w, https:\/\/agora.xtec.cat\/ceip-lesroquesblaves\/wp-content\/uploads\/usu36\/2020\/02\/20191122_155554.jpg 1613w\" sizes=\"auto, (max-width: 498px) 100vw, 498px\" \/><\/a><\/p>\n<ul>\n<li style=\"list-style-type: none\">\n<ul style=\"list-style-type: disc\">\n<li>\u00c9s suau. Els dits queden com relliscosos.<\/li>\n<li>Est\u00e0 feta de cera.<\/li>\n<li>Hi ha una corda a dins. \u00c9s la que crema.<\/li>\n<li>Una espelma t\u00e9 a sota un cercle de ferro. \u00c9s perqu\u00e8 s\u2019aguanti. Hi ha enganxat el cordill.<\/li>\n<li>Alguna fa olor.<\/li>\n<li>Una t\u00e9 un dibuix. Est\u00e0 enganxat.<\/li>\n<li>N\u2019hi ha de primes i de gruixudes. I de altes, grans i petites.<\/li>\n<li>T\u00e9 forma de cilindre. Per\u00f2 n\u2019ha ha d\u2019altres formes.<\/li>\n<li>S\u00f3n blanques, per\u00f2 una \u00e9s de color. N\u2019hi ha de colors.<\/li>\n<\/ul>\n<\/li>\n<\/ul>\n<ul style=\"list-style-type: disc\">\n<li>\u00c9s poden trencar, la petita s\u2019ha trencat una mica quan l\u2019hem agafat tots.<\/li>\n<\/ul>\n<p>&nbsp;<br \/>\nQuan est\u00e0 encesa&#8230;<\/p>\n<ul>\n<li>\u00c9s groga i tamb\u00e9 una mica blava.<\/li>\n<li>Per dalt \u00e9s una mica taronja.<\/li>\n<li>Fa una punxa a la part de dalt.<\/li>\n<li>Es mou amb l\u2019aire.<\/li>\n<li>Primer era m\u00e9s petita i despr\u00e9s es fa m\u00e9s gran.<\/li>\n<li>Hi ha un l\u00edquid. Es la cera que s\u2019escalfa i es desf\u00e0.<\/li>\n<li>Si es toca la cera l\u00edquida ens cremar\u00edem.<\/li>\n<li>Podem llegir, per\u00f2 ens hem d\u2019acostar. Hem d\u2019estar aprop.<\/li>\n<li>El llibre ha d\u2019estar a terra. Si el posem m\u00e9s amunt no arriba la llum.<\/li>\n<li>La flama ha d\u2019estar una mica m\u00e9s alta que el llibre.<\/li>\n<li>Si la flama es mou es veu al llibre m\u00e9s i menys llum.<\/li>\n<li>Amb la llum de l\u2019espelma els dibuixos es veuen de colors diferents.<\/li>\n<li>Fa ombra al terra, un cercle. Quan es mou la flama l\u2019ombra tamb\u00e9 es mou i canvia de forma.<\/li>\n<\/ul>\n\n\t\t<style type=\"text\/css\">\n\t\t\t#gallery-1 {\n\t\t\t\tmargin: auto;\n\t\t\t}\n\t\t\t#gallery-1 .gallery-item {\n\t\t\t\tfloat: left;\n\t\t\t\tmargin-top: 10px;\n\t\t\t\ttext-align: center;\n\t\t\t\twidth: 33%;\n\t\t\t}\n\t\t\t#gallery-1 img {\n\t\t\t\tborder: 2px solid #cfcfcf;\n\t\t\t}\n\t\t\t#gallery-1 .gallery-caption {\n\t\t\t\tmargin-left: 0;\n\t\t\t}\n\t\t\t\/* see gallery_shortcode() in wp-includes\/media.php *\/\n\t\t<\/style>\n\t\t<div id='gallery-1' class='gallery galleryid-17971 gallery-columns-3 gallery-size-medium'><dl class='gallery-item'>\n\t\t\t<dt class='gallery-icon landscape'>\n\t\t\t\t<a href='https:\/\/agora.xtec.cat\/ceip-lesroquesblaves\/portada\/llegint-amb-la-llum-duna-espelma\/attachment\/20191122_155330\/'><img loading=\"lazy\" decoding=\"async\" width=\"300\" height=\"225\" src=\"https:\/\/agora.xtec.cat\/ceip-lesroquesblaves\/wp-content\/uploads\/usu36\/2020\/02\/20191122_155330-300x225.jpg\" class=\"attachment-medium size-medium\" alt=\"\" srcset=\"https:\/\/agora.xtec.cat\/ceip-lesroquesblaves\/wp-content\/uploads\/usu36\/2020\/02\/20191122_155330-300x225.jpg 300w, https:\/\/agora.xtec.cat\/ceip-lesroquesblaves\/wp-content\/uploads\/usu36\/2020\/02\/20191122_155330-768x576.jpg 768w, https:\/\/agora.xtec.cat\/ceip-lesroquesblaves\/wp-content\/uploads\/usu36\/2020\/02\/20191122_155330-1024x768.jpg 1024w, https:\/\/agora.xtec.cat\/ceip-lesroquesblaves\/wp-content\/uploads\/usu36\/2020\/02\/20191122_155330-200x150.jpg 200w, https:\/\/agora.xtec.cat\/ceip-lesroquesblaves\/wp-content\/uploads\/usu36\/2020\/02\/20191122_155330.jpg 1613w\" sizes=\"auto, (max-width: 300px) 100vw, 300px\" \/><\/a>\n\t\t\t<\/dt><\/dl><dl class='gallery-item'>\n\t\t\t<dt class='gallery-icon landscape'>\n\t\t\t\t<a href='https:\/\/agora.xtec.cat\/ceip-lesroquesblaves\/portada\/llegint-amb-la-llum-duna-espelma\/attachment\/20191122_155334\/'><img loading=\"lazy\" decoding=\"async\" width=\"300\" height=\"225\" src=\"https:\/\/agora.xtec.cat\/ceip-lesroquesblaves\/wp-content\/uploads\/usu36\/2020\/02\/20191122_155334-300x225.jpg\" class=\"attachment-medium size-medium\" alt=\"\" srcset=\"https:\/\/agora.xtec.cat\/ceip-lesroquesblaves\/wp-content\/uploads\/usu36\/2020\/02\/20191122_155334-300x225.jpg 300w, https:\/\/agora.xtec.cat\/ceip-lesroquesblaves\/wp-content\/uploads\/usu36\/2020\/02\/20191122_155334-768x576.jpg 768w, https:\/\/agora.xtec.cat\/ceip-lesroquesblaves\/wp-content\/uploads\/usu36\/2020\/02\/20191122_155334-1024x768.jpg 1024w, https:\/\/agora.xtec.cat\/ceip-lesroquesblaves\/wp-content\/uploads\/usu36\/2020\/02\/20191122_155334-200x150.jpg 200w, https:\/\/agora.xtec.cat\/ceip-lesroquesblaves\/wp-content\/uploads\/usu36\/2020\/02\/20191122_155334.jpg 1613w\" sizes=\"auto, (max-width: 300px) 100vw, 300px\" \/><\/a>\n\t\t\t<\/dt><\/dl><dl class='gallery-item'>\n\t\t\t<dt class='gallery-icon landscape'>\n\t\t\t\t<a href='https:\/\/agora.xtec.cat\/ceip-lesroquesblaves\/portada\/llegint-amb-la-llum-duna-espelma\/attachment\/20191122_155728\/'><img loading=\"lazy\" decoding=\"async\" width=\"300\" height=\"225\" src=\"https:\/\/agora.xtec.cat\/ceip-lesroquesblaves\/wp-content\/uploads\/usu36\/2020\/02\/20191122_155728-300x225.jpg\" class=\"attachment-medium size-medium\" alt=\"\" srcset=\"https:\/\/agora.xtec.cat\/ceip-lesroquesblaves\/wp-content\/uploads\/usu36\/2020\/02\/20191122_155728-300x225.jpg 300w, https:\/\/agora.xtec.cat\/ceip-lesroquesblaves\/wp-content\/uploads\/usu36\/2020\/02\/20191122_155728-768x576.jpg 768w, https:\/\/agora.xtec.cat\/ceip-lesroquesblaves\/wp-content\/uploads\/usu36\/2020\/02\/20191122_155728-1024x768.jpg 1024w, https:\/\/agora.xtec.cat\/ceip-lesroquesblaves\/wp-content\/uploads\/usu36\/2020\/02\/20191122_155728-200x150.jpg 200w, https:\/\/agora.xtec.cat\/ceip-lesroquesblaves\/wp-content\/uploads\/usu36\/2020\/02\/20191122_155728.jpg 1613w\" sizes=\"auto, (max-width: 300px) 100vw, 300px\" \/><\/a>\n\t\t\t<\/dt><\/dl><br style=\"clear: both\" \/>\n\t\t<\/div>\n\n<p>&nbsp;<\/p>\n","protected":false},"excerpt":{"rendered":"<p>Observem i llegim a les fosques nom\u00e9s amb la llum de l\u2019espelma,com l\u2019estudiant que en P\u00e8bili observa cada nit.&hellip;  <a href=\"https:\/\/agora.xtec.cat\/ceip-lesroquesblaves\/portada\/llegint-amb-la-llum-duna-espelma\/\" title=\"Read LLEGINT AMB LA LLUM D&#8217;UNA ESPELMA\">Llegeix m\u00e9s\u00bb<\/a><\/p>\n","protected":false},"author":73,"featured_media":17973,"comment_status":"open","ping_status":"closed","sticky":false,"template":"","format":"standard","meta":{"footnotes":""},"categories":[4,191,265],"tags":[],"class_list":["post-17971","post","type-post","status-publish","format-standard","has-post-thumbnail","hentry","category-portada","category-filosofia318","category-2015-24"],"post_mailing_queue_ids":[],"_links":{"self":[{"href":"https:\/\/agora.xtec.cat\/ceip-lesroquesblaves\/wp-json\/wp\/v2\/posts\/17971","targetHints":{"allow":["GET"]}}],"collection":[{"href":"https:\/\/agora.xtec.cat\/ceip-lesroquesblaves\/wp-json\/wp\/v2\/posts"}],"about":[{"href":"https:\/\/agora.xtec.cat\/ceip-lesroquesblaves\/wp-json\/wp\/v2\/types\/post"}],"author":[{"embeddable":true,"href":"https:\/\/agora.xtec.cat\/ceip-lesroquesblaves\/wp-json\/wp\/v2\/users\/73"}],"replies":[{"embeddable":true,"href":"https:\/\/agora.xtec.cat\/ceip-lesroquesblaves\/wp-json\/wp\/v2\/comments?post=17971"}],"version-history":[{"count":3,"href":"https:\/\/agora.xtec.cat\/ceip-lesroquesblaves\/wp-json\/wp\/v2\/posts\/17971\/revisions"}],"predecessor-version":[{"id":17992,"href":"https:\/\/agora.xtec.cat\/ceip-lesroquesblaves\/wp-json\/wp\/v2\/posts\/17971\/revisions\/17992"}],"wp:featuredmedia":[{"embeddable":true,"href":"https:\/\/agora.xtec.cat\/ceip-lesroquesblaves\/wp-json\/wp\/v2\/media\/17973"}],"wp:attachment":[{"href":"https:\/\/agora.xtec.cat\/ceip-lesroquesblaves\/wp-json\/wp\/v2\/media?parent=17971"}],"wp:term":[{"taxonomy":"category","embeddable":true,"href":"https:\/\/agora.xtec.cat\/ceip-lesroquesblaves\/wp-json\/wp\/v2\/categories?post=17971"},{"taxonomy":"post_tag","embeddable":true,"href":"https:\/\/agora.xtec.cat\/ceip-lesroquesblaves\/wp-json\/wp\/v2\/tags?post=17971"}],"curies":[{"name":"wp","href":"https:\/\/api.w.org\/{rel}","templated":true}]}}