{"id":17907,"date":"2020-02-17T10:14:55","date_gmt":"2020-02-17T09:14:55","guid":{"rendered":"https:\/\/agora.xtec.cat\/ceip-lesroquesblaves\/?p=17907"},"modified":"2020-02-28T16:53:06","modified_gmt":"2020-02-28T15:53:06","slug":"mati-de-circ-familia-escola","status":"publish","type":"post","link":"https:\/\/agora.xtec.cat\/ceip-lesroquesblaves\/portada\/mati-de-circ-familia-escola\/","title":{"rendered":"Mat\u00ed de Circ Fam\u00edlia-Escola"},"content":{"rendered":"<p>El passat diumenge 16 de febrer vam realitzar una sortida Fam\u00edlia Escola al circ Raluy de Barcelona, per tal de con\u00e8ixer i aprofundir els nostres coneixements sobre el circ, ja que estem treballant una UDI anomenada &#8220;Comen\u00e7a l&#8217;espectacle&#8221;.<br \/>\nMoltes gr\u00e0cies a totes aquelles fam\u00edlies que ho van fer possible, vam gaudir molt del gran espectacle.<\/p>\n<p><a href=\"https:\/\/agora.xtec.cat\/ceip-lesroquesblaves\/wp-content\/uploads\/usu36\/2020\/02\/IMG_20200216_121223.jpg\"><img loading=\"lazy\" decoding=\"async\" class=\"alignnone size-full wp-image-17908\" src=\"https:\/\/agora.xtec.cat\/ceip-lesroquesblaves\/wp-content\/uploads\/usu36\/2020\/02\/IMG_20200216_121223.jpg\" alt=\"\" width=\"640\" height=\"480\" srcset=\"https:\/\/agora.xtec.cat\/ceip-lesroquesblaves\/wp-content\/uploads\/usu36\/2020\/02\/IMG_20200216_121223.jpg 640w, https:\/\/agora.xtec.cat\/ceip-lesroquesblaves\/wp-content\/uploads\/usu36\/2020\/02\/IMG_20200216_121223-300x225.jpg 300w, https:\/\/agora.xtec.cat\/ceip-lesroquesblaves\/wp-content\/uploads\/usu36\/2020\/02\/IMG_20200216_121223-200x150.jpg 200w\" sizes=\"auto, (max-width: 640px) 100vw, 640px\" \/><\/a><\/p>\n<p><a href=\"https:\/\/agora.xtec.cat\/ceip-lesroquesblaves\/wp-content\/uploads\/usu36\/2020\/02\/IMG_20200216_122550.jpg\"><img loading=\"lazy\" decoding=\"async\" class=\"alignnone size-large wp-image-17909\" src=\"https:\/\/agora.xtec.cat\/ceip-lesroquesblaves\/wp-content\/uploads\/usu36\/2020\/02\/IMG_20200216_122550.jpg\" alt=\"\" width=\"640\" height=\"480\" srcset=\"https:\/\/agora.xtec.cat\/ceip-lesroquesblaves\/wp-content\/uploads\/usu36\/2020\/02\/IMG_20200216_122550.jpg 640w, https:\/\/agora.xtec.cat\/ceip-lesroquesblaves\/wp-content\/uploads\/usu36\/2020\/02\/IMG_20200216_122550-300x225.jpg 300w, https:\/\/agora.xtec.cat\/ceip-lesroquesblaves\/wp-content\/uploads\/usu36\/2020\/02\/IMG_20200216_122550-200x150.jpg 200w\" sizes=\"auto, (max-width: 640px) 100vw, 640px\" \/><\/a><\/p>\n<p><a href=\"https:\/\/agora.xtec.cat\/ceip-lesroquesblaves\/wp-content\/uploads\/usu36\/2020\/02\/IMG_20200216_123128.jpg\"><img loading=\"lazy\" decoding=\"async\" class=\"alignnone size-large wp-image-17910\" src=\"https:\/\/agora.xtec.cat\/ceip-lesroquesblaves\/wp-content\/uploads\/usu36\/2020\/02\/IMG_20200216_123128.jpg\" alt=\"\" width=\"640\" height=\"480\" srcset=\"https:\/\/agora.xtec.cat\/ceip-lesroquesblaves\/wp-content\/uploads\/usu36\/2020\/02\/IMG_20200216_123128.jpg 640w, https:\/\/agora.xtec.cat\/ceip-lesroquesblaves\/wp-content\/uploads\/usu36\/2020\/02\/IMG_20200216_123128-300x225.jpg 300w, https:\/\/agora.xtec.cat\/ceip-lesroquesblaves\/wp-content\/uploads\/usu36\/2020\/02\/IMG_20200216_123128-200x150.jpg 200w\" sizes=\"auto, (max-width: 640px) 100vw, 640px\" \/><\/a><\/p>\n<p><a href=\"https:\/\/agora.xtec.cat\/ceip-lesroquesblaves\/wp-content\/uploads\/usu36\/2020\/02\/IMG_20200216_123903.jpg\"><img loading=\"lazy\" decoding=\"async\" class=\"alignnone size-large wp-image-17911\" src=\"https:\/\/agora.xtec.cat\/ceip-lesroquesblaves\/wp-content\/uploads\/usu36\/2020\/02\/IMG_20200216_123903.jpg\" alt=\"\" width=\"640\" height=\"360\" srcset=\"https:\/\/agora.xtec.cat\/ceip-lesroquesblaves\/wp-content\/uploads\/usu36\/2020\/02\/IMG_20200216_123903.jpg 640w, https:\/\/agora.xtec.cat\/ceip-lesroquesblaves\/wp-content\/uploads\/usu36\/2020\/02\/IMG_20200216_123903-300x169.jpg 300w\" sizes=\"auto, (max-width: 640px) 100vw, 640px\" \/><\/a><\/p>\n<p><a href=\"https:\/\/agora.xtec.cat\/ceip-lesroquesblaves\/wp-content\/uploads\/usu36\/2020\/02\/IMG_20200216_142120.jpg\"><img loading=\"lazy\" decoding=\"async\" class=\"alignnone size-large wp-image-17912\" src=\"https:\/\/agora.xtec.cat\/ceip-lesroquesblaves\/wp-content\/uploads\/usu36\/2020\/02\/IMG_20200216_142120.jpg\" alt=\"\" width=\"588\" height=\"480\" srcset=\"https:\/\/agora.xtec.cat\/ceip-lesroquesblaves\/wp-content\/uploads\/usu36\/2020\/02\/IMG_20200216_142120.jpg 588w, https:\/\/agora.xtec.cat\/ceip-lesroquesblaves\/wp-content\/uploads\/usu36\/2020\/02\/IMG_20200216_142120-300x245.jpg 300w\" sizes=\"auto, (max-width: 588px) 100vw, 588px\" \/><\/a><\/p>\n","protected":false},"excerpt":{"rendered":"<p>El passat diumenge 16 de febrer vam realitzar una sortida Fam\u00edlia Escola al circ Raluy de Barcelona, per tal de con\u00e8ixer i aprofundir els nostres coneixements sobre el circ, ja que estem treballant una UDI anomenada &#8220;Comen\u00e7a l&#8217;espectacle&#8221;.<br \/>\nMoltes gr\u00e0cies a totes aquelles fam\u00edlies que ho&hellip;  <a href=\"https:\/\/agora.xtec.cat\/ceip-lesroquesblaves\/portada\/mati-de-circ-familia-escola\/\" title=\"Read Mat\u00ed de Circ Fam\u00edlia-Escola\">Llegeix m\u00e9s\u00bb<\/a><\/p>\n","protected":false},"author":73,"featured_media":17915,"comment_status":"open","ping_status":"closed","sticky":false,"template":"","format":"standard","meta":{"footnotes":""},"categories":[269,4],"tags":[],"class_list":["post-17907","post","type-post","status-publish","format-standard","has-post-thumbnail","hentry","category-promocio2018-27","category-portada"],"post_mailing_queue_ids":[],"_links":{"self":[{"href":"https:\/\/agora.xtec.cat\/ceip-lesroquesblaves\/wp-json\/wp\/v2\/posts\/17907","targetHints":{"allow":["GET"]}}],"collection":[{"href":"https:\/\/agora.xtec.cat\/ceip-lesroquesblaves\/wp-json\/wp\/v2\/posts"}],"about":[{"href":"https:\/\/agora.xtec.cat\/ceip-lesroquesblaves\/wp-json\/wp\/v2\/types\/post"}],"author":[{"embeddable":true,"href":"https:\/\/agora.xtec.cat\/ceip-lesroquesblaves\/wp-json\/wp\/v2\/users\/73"}],"replies":[{"embeddable":true,"href":"https:\/\/agora.xtec.cat\/ceip-lesroquesblaves\/wp-json\/wp\/v2\/comments?post=17907"}],"version-history":[{"count":3,"href":"https:\/\/agora.xtec.cat\/ceip-lesroquesblaves\/wp-json\/wp\/v2\/posts\/17907\/revisions"}],"predecessor-version":[{"id":18038,"href":"https:\/\/agora.xtec.cat\/ceip-lesroquesblaves\/wp-json\/wp\/v2\/posts\/17907\/revisions\/18038"}],"wp:featuredmedia":[{"embeddable":true,"href":"https:\/\/agora.xtec.cat\/ceip-lesroquesblaves\/wp-json\/wp\/v2\/media\/17915"}],"wp:attachment":[{"href":"https:\/\/agora.xtec.cat\/ceip-lesroquesblaves\/wp-json\/wp\/v2\/media?parent=17907"}],"wp:term":[{"taxonomy":"category","embeddable":true,"href":"https:\/\/agora.xtec.cat\/ceip-lesroquesblaves\/wp-json\/wp\/v2\/categories?post=17907"},{"taxonomy":"post_tag","embeddable":true,"href":"https:\/\/agora.xtec.cat\/ceip-lesroquesblaves\/wp-json\/wp\/v2\/tags?post=17907"}],"curies":[{"name":"wp","href":"https:\/\/api.w.org\/{rel}","templated":true}]}}