{"id":17716,"date":"2020-01-13T08:13:48","date_gmt":"2020-01-13T07:13:48","guid":{"rendered":"https:\/\/agora.xtec.cat\/ceip-lesroquesblaves\/?p=17716"},"modified":"2020-03-29T18:42:39","modified_gmt":"2020-03-29T16:42:39","slug":"u-d-i-esparreguera-el-nostre-poble","status":"publish","type":"post","link":"https:\/\/agora.xtec.cat\/ceip-lesroquesblaves\/portada\/u-d-i-esparreguera-el-nostre-poble\/","title":{"rendered":"U.D.I. ESPARREGUERA EL NOSTRE POBLE"},"content":{"rendered":"<p>&nbsp;<\/p>\n<p><img loading=\"lazy\" decoding=\"async\" class=\"alignleft wp-image-17721\" src=\"https:\/\/agora.xtec.cat\/ceip-lesroquesblaves\/wp-content\/uploads\/usu36\/2019\/12\/CAMP-771x1024.jpg\" alt=\"\" width=\"153\" height=\"203\" srcset=\"https:\/\/agora.xtec.cat\/ceip-lesroquesblaves\/wp-content\/uploads\/usu36\/2019\/12\/CAMP-771x1024.jpg 771w, https:\/\/agora.xtec.cat\/ceip-lesroquesblaves\/wp-content\/uploads\/usu36\/2019\/12\/CAMP-226x300.jpg 226w, https:\/\/agora.xtec.cat\/ceip-lesroquesblaves\/wp-content\/uploads\/usu36\/2019\/12\/CAMP-768x1020.jpg 768w\" sizes=\"auto, (max-width: 153px) 100vw, 153px\" \/>La proposta d\u2019una sortida per anar a visitar el campanar, \u00e9s el motor del desenvolupament d\u2019aquest projecte. Han de realitzar un pl\u00e0nol amb l\u2019itinerari seguit per anar des de l\u2019escola al campanar, per aix\u00f2 els caldr\u00e0 el coneixement de la ubicaci\u00f3 de diferents edificis que s\u00f3n referents, l\u2019orientaci\u00f3 i les dist\u00e0ncies.<\/p>\n<p><span style=\"font-family: inherit;font-size: 1em\">Es treballen aspectes relacionats amb el poble, Esparreguera, per tal que l\u2019alumnat conegui millor el seu entorn m\u00e9s proper: carrers, barris, edificis m\u00e9s representatius i elements del terme municipal.<\/span><\/p>\n<p>A partir del coneixement d\u2019aquesta part f\u00edsica del poble i del seu an\u00e0lisi, es fan reflexions en relaci\u00f3 als canvis a trav\u00e9s del temps, les difer\u00e8ncies entre barris, el perqu\u00e8 de les ubicacions dels edificis p\u00fablics, els serveis que no t\u00e9 el poble, com es gestiona el tema de residus&#8230;<\/p>\n<p>Tot plegat amb la finalitat de potenciar la curiositat, les ganes de saber m\u00e9s coses i l\u2019inter\u00e8s per participar m\u00e9s activament de la vida al poble, aix\u00ed com adquirir uns valors relacionats amb el respecte per l\u2019entorn i el civisme.<\/p>\n<p>Per desenvolupar aquests continguts es treballa amb fotografies i pl\u00e0nols, i es realitzen sortides pel poble amb l\u2019objectiu de posar l\u2019atenci\u00f3 en aspectes concrets: carrers, mobiliari urb\u00e0, tipus de construccions, localitzaci\u00f3 de serveis. Tamb\u00e9 s\u2019utilitzen recursos digitals sobretot la pissarra i rob\u00f2tica amb els Blue boots.<\/p>\n<p><img loading=\"lazy\" decoding=\"async\" class=\"wp-image-17719 aligncenter\" src=\"https:\/\/agora.xtec.cat\/ceip-lesroquesblaves\/wp-content\/uploads\/usu36\/2019\/12\/Captura.jpg\" alt=\"\" width=\"421\" height=\"561\" srcset=\"https:\/\/agora.xtec.cat\/ceip-lesroquesblaves\/wp-content\/uploads\/usu36\/2019\/12\/Captura.jpg 588w, https:\/\/agora.xtec.cat\/ceip-lesroquesblaves\/wp-content\/uploads\/usu36\/2019\/12\/Captura-225x300.jpg 225w\" sizes=\"auto, (max-width: 421px) 100vw, 421px\" \/><\/p>\n<p>&nbsp;<\/p>\n<p>&nbsp;<\/p>\n<p><strong><u>PROC\u00c9S D\u2019AVALUACI\u00d3<\/u><\/strong><\/p>\n<p>Quan acabi l\u2019UDI l\u2019alumnat ha de ser capa\u00e7 de:<\/p>\n<p>\u00c0MBIT LING\u00dc\u00cdSTIC<\/p>\n<ul>\n<li><u>Comprendre els missatges orals<\/u> que es produeixen en activitats d\u2019aula i situacions d\u2019aprenentatge.<\/li>\n<li>Participar de forma adequada en les <u>situacions comunicatives<\/u><\/li>\n<li>Haver mecanitzat que abans d\u2019escriure s\u2019ha de <u>pensar<\/u> i, un cop escrit, s\u2019ha de <u>revisar<\/u>. Aplicar-ho a tot tipus de textos.<\/li>\n<li>Mostrar coneixement de <u>l\u2019ortografia de base<\/u> i de les normes ortogr\u00e0fiques m\u00e9s b\u00e0siques.<\/li>\n<\/ul>\n<p>\u00c0MBIT MATEM\u00c0TIC<\/p>\n<ul>\n<li><u>Recon\u00e8ixer i utilitzar nombres (cardinals, ordinals i identificadors<\/u>).<\/li>\n<li>Usar l\u2019assaig-error per <u>cercar solucions als problemes<\/u> i a les exploracions.<\/li>\n<li>Definir la <u>situaci\u00f3 d\u2019un objecte a l\u2019espai i d\u2019un despla\u00e7ament<\/u> en relaci\u00f3 amb un mateix, tot utilitzant els conceptes: davant-darrere; prop-lluny; dalt-baix; dreta-esquerra.<\/li>\n<li>Elaboraci\u00f3 d\u2019itineraris en format pl\u00e0nol.<\/li>\n<li>Cercar semblances i difer\u00e8ncies entre objectes i classificar i ordenar objectes d\u2019acord amb diferents criteris.<\/li>\n<li><u>Reconeixement de figures de tres i dues dimensions<\/u> en objectes de la realitat.<\/li>\n<li>Descripci\u00f3 i comprensi\u00f3 de les relacions entre diferents figures de dues i tres dimensions, utilitzant les propietats que les defineixen <u>(cub, prisma, pir\u00e0mide, con, cilindre i esfera) (quadrat, triangle, cercle, rectangle)<\/u>.<\/li>\n<\/ul>\n<p>\u00c0MBIT DE MEDI<\/p>\n<ul>\n<li>Utilitzar croquis, aix\u00ed com <u>referents d\u2019orientaci\u00f3 espacial per situar-se en l\u2019entorn, localitzar determinats elements i despla\u00e7ar-se<\/u>.<\/li>\n<li>Observar l\u2019entorn i <u>identificar relacions senzilles entre els elements<\/u> que en formen part. Tamb\u00e9 en un <u>pl\u00e0nol del poble situar aquests elements<\/u><\/li>\n<li>Valorar la import\u00e0ncia de <u>respectar i protegir el medi.<\/u><\/li>\n<li>Con\u00e8ixer alguns valors fonamentals de la <u>conviv\u00e8ncia democr\u00e0tica<\/u>,<\/li>\n<\/ul>\n<p>\u00c0MBIT ART\u00cdSTIC<\/p>\n<ul>\n<li>Recon\u00e8ixer algunes de les <u>caracter\u00edstiques dels elements<\/u> presents en l\u2019entorn natural, cultural i art\u00edstic, i <u>saber dibuixar-los<\/u>.<\/li>\n<li><u>Compartir amb els companys una experi\u00e8ncia art\u00edstica<\/u>, individual o col\u2022lectiva.<\/li>\n<\/ul>\n<p>\u00c0MBIT VALORS<\/p>\n<ul>\n<li>Acceptar i practicar <u>les normes de conviv\u00e8ncia i els h\u00e0bits c\u00edvics<\/u>.<\/li>\n<li><u>Expressar la opini\u00f3<\/u> personal i argumentar-la.<\/li>\n<li><u>Participar de forma adequada en les converses col\u2022lectives<\/u>, respectant les normes d\u2019interacci\u00f3 oral i mostrar inter\u00e8s i respecte quan parlen els altres.<\/li>\n<li>Valorar i <u>respectar les produccions d\u2019un mateix i dels altres. <\/u><\/li>\n<\/ul>\n<p>COMPET\u00c8NCIA D\u2019APRENDRE A APRENDRE<\/p>\n<ul>\n<li>Col\u00b7laborar i <u>implicar-se<\/u> en la realitzaci\u00f3 de les <u>tasques del treball tant individual com en grup.<\/u><\/li>\n<li>Seguir el propi <u>pla de treball<\/u>.<\/li>\n<li>Interessar-se per <u>buscar informaci\u00f3<\/u> i voler saber coses noves.<\/li>\n<li><u>Identificar els elements afavoridors i disruptors que dificulten l\u2019aprenentatge<\/u>.<\/li>\n<li><u>Identificar el que ha de saber o saber fer<\/u> per adquirir l\u2019objectiu proposat.<\/li>\n<li>Ser capa\u00e7 <u>d\u2019autoavaluar-se<\/u>.<\/li>\n<li><u>Organitzar<\/u>-se el propi entorn d\u2019aprenentatge: espai, material\u2026<\/li>\n<li><u>Escoltar activament i amb respecte<\/u> les idees, criteris, propostes i dubtes dels altres.<\/li>\n<\/ul>\n<p>COMPET\u00c8NCIA D\u2019AUTONOMIA I INICIATIVA PERSONAL<\/p>\n<ul>\n<li>Dur a terme amb <u>const\u00e0ncia<\/u> les tasques planificades.<\/li>\n<li><u>Fer aportacions al grup<\/u>.<\/li>\n<li>Assumir tasques amb <u>bona predisposici\u00f3<\/u>.<\/li>\n<li>Ser capa\u00e7 de <u>superar les dificultats<\/u> o errors.<\/li>\n<\/ul>\n<p>COMPET\u00c8NCIA DIGITAL<\/p>\n<ul>\n<li>Plantejar-se interrogants sobre determinats fets i fen\u00f2mens, <u>utilitzant estrat\u00e8gies de cerca de dades i comunicar els resultats<\/u> de la recerca oralment i\/o gr\u00e0ficament.<\/li>\n<\/ul>\n<p>&nbsp;<\/p>\n<p>Al llarg del proc\u00e9s d\u2019aprenentatge es van registrant les evid\u00e8ncies dels diversos processos. Aquests moments\u00a0 serveixen a tots, professorat i alumnat,\u00a0 per anar prenent decisions i per con\u00e8ixer el grau d\u2019assoliment de les compet\u00e8ncies.<\/p>\n<p>L\u2019avaluaci\u00f3 final queda reflectida en l\u2019expressi\u00f3 (oral i escrita) que fan del coneixement dels carrers, barris i edificis p\u00fablics, i de les reflexions personals que fan a l\u2019entorn dels canvis, la interrelaci\u00f3, la sostenibilitat o els valors en el poble. S\u2019inclou el coneixement i \u00fas del vocabulari\u00a0 treballat, entre el qual hi ha els cossos geom\u00e8trics. Tamb\u00e9 es reflecteix en el pl\u00e0nol final que es fa per indicar l\u2019itinerari per anar des de l\u2019escola al campanar.<\/p>\n<p>Finalment es fa una coavaluaci\u00f3, una autoavaluaci\u00f3 i la valoraci\u00f3 com a grup.<\/p>\n<p>&nbsp;<\/p>\n<p><strong>CAM\u00cd DE L&#8217;ESCOLA AL CAMPANAR<\/strong><\/p>\n\n\t\t<style type=\"text\/css\">\n\t\t\t#gallery-1 {\n\t\t\t\tmargin: auto;\n\t\t\t}\n\t\t\t#gallery-1 .gallery-item {\n\t\t\t\tfloat: left;\n\t\t\t\tmargin-top: 10px;\n\t\t\t\ttext-align: center;\n\t\t\t\twidth: 33%;\n\t\t\t}\n\t\t\t#gallery-1 img {\n\t\t\t\tborder: 2px solid #cfcfcf;\n\t\t\t}\n\t\t\t#gallery-1 .gallery-caption {\n\t\t\t\tmargin-left: 0;\n\t\t\t}\n\t\t\t\/* see gallery_shortcode() in wp-includes\/media.php *\/\n\t\t<\/style>\n\t\t<div id='gallery-1' class='gallery galleryid-17716 gallery-columns-3 gallery-size-medium'><dl class='gallery-item'>\n\t\t\t<dt class='gallery-icon landscape'>\n\t\t\t\t<a href='https:\/\/agora.xtec.cat\/ceip-lesroquesblaves\/20191211_093746\/'><img loading=\"lazy\" decoding=\"async\" width=\"300\" height=\"225\" src=\"https:\/\/agora.xtec.cat\/ceip-lesroquesblaves\/wp-content\/uploads\/usu36\/2019\/12\/20191211_093746-300x225.jpg\" class=\"attachment-medium size-medium\" alt=\"\" srcset=\"https:\/\/agora.xtec.cat\/ceip-lesroquesblaves\/wp-content\/uploads\/usu36\/2019\/12\/20191211_093746-300x225.jpg 300w, https:\/\/agora.xtec.cat\/ceip-lesroquesblaves\/wp-content\/uploads\/usu36\/2019\/12\/20191211_093746-768x576.jpg 768w, https:\/\/agora.xtec.cat\/ceip-lesroquesblaves\/wp-content\/uploads\/usu36\/2019\/12\/20191211_093746-1024x768.jpg 1024w, https:\/\/agora.xtec.cat\/ceip-lesroquesblaves\/wp-content\/uploads\/usu36\/2019\/12\/20191211_093746-200x150.jpg 200w, https:\/\/agora.xtec.cat\/ceip-lesroquesblaves\/wp-content\/uploads\/usu36\/2019\/12\/20191211_093746.jpg 1210w\" sizes=\"auto, (max-width: 300px) 100vw, 300px\" \/><\/a>\n\t\t\t<\/dt><\/dl><dl class='gallery-item'>\n\t\t\t<dt class='gallery-icon landscape'>\n\t\t\t\t<a href='https:\/\/agora.xtec.cat\/ceip-lesroquesblaves\/20191211_100100\/'><img loading=\"lazy\" decoding=\"async\" width=\"300\" height=\"225\" src=\"https:\/\/agora.xtec.cat\/ceip-lesroquesblaves\/wp-content\/uploads\/usu36\/2019\/12\/20191211_100100-300x225.jpg\" class=\"attachment-medium size-medium\" alt=\"\" srcset=\"https:\/\/agora.xtec.cat\/ceip-lesroquesblaves\/wp-content\/uploads\/usu36\/2019\/12\/20191211_100100-300x225.jpg 300w, https:\/\/agora.xtec.cat\/ceip-lesroquesblaves\/wp-content\/uploads\/usu36\/2019\/12\/20191211_100100-768x576.jpg 768w, https:\/\/agora.xtec.cat\/ceip-lesroquesblaves\/wp-content\/uploads\/usu36\/2019\/12\/20191211_100100-1024x768.jpg 1024w, https:\/\/agora.xtec.cat\/ceip-lesroquesblaves\/wp-content\/uploads\/usu36\/2019\/12\/20191211_100100-200x150.jpg 200w, https:\/\/agora.xtec.cat\/ceip-lesroquesblaves\/wp-content\/uploads\/usu36\/2019\/12\/20191211_100100.jpg 1210w\" sizes=\"auto, (max-width: 300px) 100vw, 300px\" \/><\/a>\n\t\t\t<\/dt><\/dl><dl class='gallery-item'>\n\t\t\t<dt class='gallery-icon landscape'>\n\t\t\t\t<a href='https:\/\/agora.xtec.cat\/ceip-lesroquesblaves\/20191211_095707\/'><img loading=\"lazy\" decoding=\"async\" width=\"300\" height=\"225\" src=\"https:\/\/agora.xtec.cat\/ceip-lesroquesblaves\/wp-content\/uploads\/usu36\/2019\/12\/20191211_095707-300x225.jpg\" class=\"attachment-medium size-medium\" alt=\"\" srcset=\"https:\/\/agora.xtec.cat\/ceip-lesroquesblaves\/wp-content\/uploads\/usu36\/2019\/12\/20191211_095707-300x225.jpg 300w, https:\/\/agora.xtec.cat\/ceip-lesroquesblaves\/wp-content\/uploads\/usu36\/2019\/12\/20191211_095707-768x576.jpg 768w, https:\/\/agora.xtec.cat\/ceip-lesroquesblaves\/wp-content\/uploads\/usu36\/2019\/12\/20191211_095707-1024x768.jpg 1024w, https:\/\/agora.xtec.cat\/ceip-lesroquesblaves\/wp-content\/uploads\/usu36\/2019\/12\/20191211_095707-200x150.jpg 200w, https:\/\/agora.xtec.cat\/ceip-lesroquesblaves\/wp-content\/uploads\/usu36\/2019\/12\/20191211_095707.jpg 1210w\" sizes=\"auto, (max-width: 300px) 100vw, 300px\" \/><\/a>\n\t\t\t<\/dt><\/dl><br style=\"clear: both\" \/><dl class='gallery-item'>\n\t\t\t<dt class='gallery-icon landscape'>\n\t\t\t\t<a href='https:\/\/agora.xtec.cat\/ceip-lesroquesblaves\/20191211_101847\/'><img loading=\"lazy\" decoding=\"async\" width=\"300\" height=\"225\" src=\"https:\/\/agora.xtec.cat\/ceip-lesroquesblaves\/wp-content\/uploads\/usu36\/2019\/12\/20191211_101847-300x225.jpg\" class=\"attachment-medium size-medium\" alt=\"\" srcset=\"https:\/\/agora.xtec.cat\/ceip-lesroquesblaves\/wp-content\/uploads\/usu36\/2019\/12\/20191211_101847-300x225.jpg 300w, https:\/\/agora.xtec.cat\/ceip-lesroquesblaves\/wp-content\/uploads\/usu36\/2019\/12\/20191211_101847-768x576.jpg 768w, https:\/\/agora.xtec.cat\/ceip-lesroquesblaves\/wp-content\/uploads\/usu36\/2019\/12\/20191211_101847-1024x768.jpg 1024w, https:\/\/agora.xtec.cat\/ceip-lesroquesblaves\/wp-content\/uploads\/usu36\/2019\/12\/20191211_101847-200x150.jpg 200w, https:\/\/agora.xtec.cat\/ceip-lesroquesblaves\/wp-content\/uploads\/usu36\/2019\/12\/20191211_101847.jpg 1210w\" sizes=\"auto, (max-width: 300px) 100vw, 300px\" \/><\/a>\n\t\t\t<\/dt><\/dl><dl class='gallery-item'>\n\t\t\t<dt class='gallery-icon landscape'>\n\t\t\t\t<a href='https:\/\/agora.xtec.cat\/ceip-lesroquesblaves\/20191211_101025\/'><img loading=\"lazy\" decoding=\"async\" width=\"300\" height=\"225\" src=\"https:\/\/agora.xtec.cat\/ceip-lesroquesblaves\/wp-content\/uploads\/usu36\/2019\/12\/20191211_101025-300x225.jpg\" class=\"attachment-medium size-medium\" alt=\"\" srcset=\"https:\/\/agora.xtec.cat\/ceip-lesroquesblaves\/wp-content\/uploads\/usu36\/2019\/12\/20191211_101025-300x225.jpg 300w, https:\/\/agora.xtec.cat\/ceip-lesroquesblaves\/wp-content\/uploads\/usu36\/2019\/12\/20191211_101025-768x576.jpg 768w, https:\/\/agora.xtec.cat\/ceip-lesroquesblaves\/wp-content\/uploads\/usu36\/2019\/12\/20191211_101025-1024x768.jpg 1024w, https:\/\/agora.xtec.cat\/ceip-lesroquesblaves\/wp-content\/uploads\/usu36\/2019\/12\/20191211_101025-200x150.jpg 200w, https:\/\/agora.xtec.cat\/ceip-lesroquesblaves\/wp-content\/uploads\/usu36\/2019\/12\/20191211_101025.jpg 1210w\" sizes=\"auto, (max-width: 300px) 100vw, 300px\" \/><\/a>\n\t\t\t<\/dt><\/dl><dl class='gallery-item'>\n\t\t\t<dt class='gallery-icon portrait'>\n\t\t\t\t<a href='https:\/\/agora.xtec.cat\/ceip-lesroquesblaves\/20191211_103527\/'><img loading=\"lazy\" decoding=\"async\" width=\"225\" height=\"300\" src=\"https:\/\/agora.xtec.cat\/ceip-lesroquesblaves\/wp-content\/uploads\/usu36\/2019\/12\/20191211_103527-225x300.jpg\" class=\"attachment-medium size-medium\" alt=\"\" srcset=\"https:\/\/agora.xtec.cat\/ceip-lesroquesblaves\/wp-content\/uploads\/usu36\/2019\/12\/20191211_103527-225x300.jpg 225w, https:\/\/agora.xtec.cat\/ceip-lesroquesblaves\/wp-content\/uploads\/usu36\/2019\/12\/20191211_103527-768x1024.jpg 768w, https:\/\/agora.xtec.cat\/ceip-lesroquesblaves\/wp-content\/uploads\/usu36\/2019\/12\/20191211_103527.jpg 908w\" sizes=\"auto, (max-width: 225px) 100vw, 225px\" \/><\/a>\n\t\t\t<\/dt><\/dl><br style=\"clear: both\" \/>\n\t\t<\/div>\n\n<p><strong>AVALUACIO DELS PLANOLS\u00a0 FETS<\/strong><\/p>\n<p>Entre tots han acordat que haur\u00e0 de contenir el planol del cam\u00ed des de l&#8217;Escola fins arribar al Campanar. Aquests criteris despr\u00e9s, s&#8217;han copiat en una graella que servir\u00e0 per fer-ne l&#8217;avaluaci\u00f3.Una vegada elaborats els planols que han fet recordant el cam\u00ed i amb els apunts presos durant el recorregut, per parelles han fet una coavaluaci\u00f3 amb l&#8217;instrument elaborat.<\/p>\n<p>Finalment han fet el planol en gran, en el que s&#8217;han tingut present les millores.<\/p>\n\n\t\t<style type=\"text\/css\">\n\t\t\t#gallery-2 {\n\t\t\t\tmargin: auto;\n\t\t\t}\n\t\t\t#gallery-2 .gallery-item {\n\t\t\t\tfloat: left;\n\t\t\t\tmargin-top: 10px;\n\t\t\t\ttext-align: center;\n\t\t\t\twidth: 33%;\n\t\t\t}\n\t\t\t#gallery-2 img {\n\t\t\t\tborder: 2px solid #cfcfcf;\n\t\t\t}\n\t\t\t#gallery-2 .gallery-caption {\n\t\t\t\tmargin-left: 0;\n\t\t\t}\n\t\t\t\/* see gallery_shortcode() in wp-includes\/media.php *\/\n\t\t<\/style>\n\t\t<div id='gallery-2' class='gallery galleryid-17716 gallery-columns-3 gallery-size-large'><dl class='gallery-item'>\n\t\t\t<dt class='gallery-icon landscape'>\n\t\t\t\t<a href='https:\/\/agora.xtec.cat\/ceip-lesroquesblaves\/portada\/u-d-i-esparreguera-el-nostre-poble\/attachment\/20200213_121141\/'><img loading=\"lazy\" decoding=\"async\" width=\"1024\" height=\"742\" src=\"https:\/\/agora.xtec.cat\/ceip-lesroquesblaves\/wp-content\/uploads\/usu36\/2020\/01\/20200213_121141-1024x742.jpg\" class=\"attachment-large size-large\" alt=\"\" srcset=\"https:\/\/agora.xtec.cat\/ceip-lesroquesblaves\/wp-content\/uploads\/usu36\/2020\/01\/20200213_121141-1024x742.jpg 1024w, https:\/\/agora.xtec.cat\/ceip-lesroquesblaves\/wp-content\/uploads\/usu36\/2020\/01\/20200213_121141-300x217.jpg 300w, https:\/\/agora.xtec.cat\/ceip-lesroquesblaves\/wp-content\/uploads\/usu36\/2020\/01\/20200213_121141-768x556.jpg 768w\" sizes=\"auto, (max-width: 1024px) 100vw, 1024px\" \/><\/a>\n\t\t\t<\/dt><\/dl><dl class='gallery-item'>\n\t\t\t<dt class='gallery-icon landscape'>\n\t\t\t\t<a href='https:\/\/agora.xtec.cat\/ceip-lesroquesblaves\/portada\/u-d-i-esparreguera-el-nostre-poble\/attachment\/20200214_120339\/'><img loading=\"lazy\" decoding=\"async\" width=\"1024\" height=\"768\" src=\"https:\/\/agora.xtec.cat\/ceip-lesroquesblaves\/wp-content\/uploads\/usu36\/2020\/01\/20200214_120339-1024x768.jpg\" class=\"attachment-large size-large\" alt=\"\" srcset=\"https:\/\/agora.xtec.cat\/ceip-lesroquesblaves\/wp-content\/uploads\/usu36\/2020\/01\/20200214_120339-1024x768.jpg 1024w, https:\/\/agora.xtec.cat\/ceip-lesroquesblaves\/wp-content\/uploads\/usu36\/2020\/01\/20200214_120339-300x225.jpg 300w, https:\/\/agora.xtec.cat\/ceip-lesroquesblaves\/wp-content\/uploads\/usu36\/2020\/01\/20200214_120339-768x576.jpg 768w, https:\/\/agora.xtec.cat\/ceip-lesroquesblaves\/wp-content\/uploads\/usu36\/2020\/01\/20200214_120339-200x150.jpg 200w, https:\/\/agora.xtec.cat\/ceip-lesroquesblaves\/wp-content\/uploads\/usu36\/2020\/01\/20200214_120339.jpg 1613w\" sizes=\"auto, (max-width: 1024px) 100vw, 1024px\" \/><\/a>\n\t\t\t<\/dt><\/dl><dl class='gallery-item'>\n\t\t\t<dt class='gallery-icon landscape'>\n\t\t\t\t<a href='https:\/\/agora.xtec.cat\/ceip-lesroquesblaves\/portada\/u-d-i-esparreguera-el-nostre-poble\/attachment\/20200207_104355\/'><img loading=\"lazy\" decoding=\"async\" width=\"1024\" height=\"768\" src=\"https:\/\/agora.xtec.cat\/ceip-lesroquesblaves\/wp-content\/uploads\/usu36\/2020\/01\/20200207_104355-1024x768.jpg\" class=\"attachment-large size-large\" alt=\"\" srcset=\"https:\/\/agora.xtec.cat\/ceip-lesroquesblaves\/wp-content\/uploads\/usu36\/2020\/01\/20200207_104355-1024x768.jpg 1024w, https:\/\/agora.xtec.cat\/ceip-lesroquesblaves\/wp-content\/uploads\/usu36\/2020\/01\/20200207_104355-300x225.jpg 300w, https:\/\/agora.xtec.cat\/ceip-lesroquesblaves\/wp-content\/uploads\/usu36\/2020\/01\/20200207_104355-768x576.jpg 768w, https:\/\/agora.xtec.cat\/ceip-lesroquesblaves\/wp-content\/uploads\/usu36\/2020\/01\/20200207_104355-200x150.jpg 200w, https:\/\/agora.xtec.cat\/ceip-lesroquesblaves\/wp-content\/uploads\/usu36\/2020\/01\/20200207_104355.jpg 1613w\" sizes=\"auto, (max-width: 1024px) 100vw, 1024px\" \/><\/a>\n\t\t\t<\/dt><\/dl><br style=\"clear: both\" \/><dl class='gallery-item'>\n\t\t\t<dt class='gallery-icon landscape'>\n\t\t\t\t<a href='https:\/\/agora.xtec.cat\/ceip-lesroquesblaves\/portada\/u-d-i-esparreguera-el-nostre-poble\/attachment\/20200207_103846\/'><img loading=\"lazy\" decoding=\"async\" width=\"1024\" height=\"768\" src=\"https:\/\/agora.xtec.cat\/ceip-lesroquesblaves\/wp-content\/uploads\/usu36\/2020\/01\/20200207_103846-1024x768.jpg\" class=\"attachment-large size-large\" alt=\"\" srcset=\"https:\/\/agora.xtec.cat\/ceip-lesroquesblaves\/wp-content\/uploads\/usu36\/2020\/01\/20200207_103846-1024x768.jpg 1024w, https:\/\/agora.xtec.cat\/ceip-lesroquesblaves\/wp-content\/uploads\/usu36\/2020\/01\/20200207_103846-300x225.jpg 300w, https:\/\/agora.xtec.cat\/ceip-lesroquesblaves\/wp-content\/uploads\/usu36\/2020\/01\/20200207_103846-768x576.jpg 768w, https:\/\/agora.xtec.cat\/ceip-lesroquesblaves\/wp-content\/uploads\/usu36\/2020\/01\/20200207_103846-200x150.jpg 200w, https:\/\/agora.xtec.cat\/ceip-lesroquesblaves\/wp-content\/uploads\/usu36\/2020\/01\/20200207_103846.jpg 1613w\" sizes=\"auto, (max-width: 1024px) 100vw, 1024px\" \/><\/a>\n\t\t\t<\/dt><\/dl><dl class='gallery-item'>\n\t\t\t<dt class='gallery-icon landscape'>\n\t\t\t\t<a href='https:\/\/agora.xtec.cat\/ceip-lesroquesblaves\/portada\/u-d-i-esparreguera-el-nostre-poble\/attachment\/20200207_104049\/'><img loading=\"lazy\" decoding=\"async\" width=\"1024\" height=\"768\" src=\"https:\/\/agora.xtec.cat\/ceip-lesroquesblaves\/wp-content\/uploads\/usu36\/2020\/01\/20200207_104049-1024x768.jpg\" class=\"attachment-large size-large\" alt=\"\" srcset=\"https:\/\/agora.xtec.cat\/ceip-lesroquesblaves\/wp-content\/uploads\/usu36\/2020\/01\/20200207_104049-1024x768.jpg 1024w, https:\/\/agora.xtec.cat\/ceip-lesroquesblaves\/wp-content\/uploads\/usu36\/2020\/01\/20200207_104049-300x225.jpg 300w, https:\/\/agora.xtec.cat\/ceip-lesroquesblaves\/wp-content\/uploads\/usu36\/2020\/01\/20200207_104049-768x576.jpg 768w, https:\/\/agora.xtec.cat\/ceip-lesroquesblaves\/wp-content\/uploads\/usu36\/2020\/01\/20200207_104049-200x150.jpg 200w, https:\/\/agora.xtec.cat\/ceip-lesroquesblaves\/wp-content\/uploads\/usu36\/2020\/01\/20200207_104049.jpg 1613w\" sizes=\"auto, (max-width: 1024px) 100vw, 1024px\" \/><\/a>\n\t\t\t<\/dt><\/dl><dl class='gallery-item'>\n\t\t\t<dt class='gallery-icon landscape'>\n\t\t\t\t<a href='https:\/\/agora.xtec.cat\/ceip-lesroquesblaves\/portada\/u-d-i-esparreguera-el-nostre-poble\/attachment\/20200219_104137\/'><img loading=\"lazy\" decoding=\"async\" width=\"1024\" height=\"768\" src=\"https:\/\/agora.xtec.cat\/ceip-lesroquesblaves\/wp-content\/uploads\/usu36\/2020\/01\/20200219_104137-1024x768.jpg\" class=\"attachment-large size-large\" alt=\"\" srcset=\"https:\/\/agora.xtec.cat\/ceip-lesroquesblaves\/wp-content\/uploads\/usu36\/2020\/01\/20200219_104137-1024x768.jpg 1024w, https:\/\/agora.xtec.cat\/ceip-lesroquesblaves\/wp-content\/uploads\/usu36\/2020\/01\/20200219_104137-300x225.jpg 300w, https:\/\/agora.xtec.cat\/ceip-lesroquesblaves\/wp-content\/uploads\/usu36\/2020\/01\/20200219_104137-768x576.jpg 768w, https:\/\/agora.xtec.cat\/ceip-lesroquesblaves\/wp-content\/uploads\/usu36\/2020\/01\/20200219_104137-200x150.jpg 200w, https:\/\/agora.xtec.cat\/ceip-lesroquesblaves\/wp-content\/uploads\/usu36\/2020\/01\/20200219_104137.jpg 1613w\" sizes=\"auto, (max-width: 1024px) 100vw, 1024px\" \/><\/a>\n\t\t\t<\/dt><\/dl><br style=\"clear: both\" \/>\n\t\t<\/div>\n\n<p><a href=\"https:\/\/agora.xtec.cat\/ceip-lesroquesblaves\/wp-content\/uploads\/usu36\/2020\/01\/20200304_173854.jpg\"><img loading=\"lazy\" decoding=\"async\" class=\"aligncenter wp-image-18134 size-large\" src=\"https:\/\/agora.xtec.cat\/ceip-lesroquesblaves\/wp-content\/uploads\/usu36\/2020\/01\/20200304_173854-1024x316.jpg\" alt=\"\" width=\"1024\" height=\"316\" srcset=\"https:\/\/agora.xtec.cat\/ceip-lesroquesblaves\/wp-content\/uploads\/usu36\/2020\/01\/20200304_173854-1024x316.jpg 1024w, https:\/\/agora.xtec.cat\/ceip-lesroquesblaves\/wp-content\/uploads\/usu36\/2020\/01\/20200304_173854-300x93.jpg 300w, https:\/\/agora.xtec.cat\/ceip-lesroquesblaves\/wp-content\/uploads\/usu36\/2020\/01\/20200304_173854-768x237.jpg 768w\" sizes=\"auto, (max-width: 1024px) 100vw, 1024px\" \/><\/a><\/p>\n<p><strong> ELS CRITERIS DOCUMENTACI\u00d3 (ENLLA\u00c7OS)<\/strong><\/p>\n<p><strong><strong>1 .<\/strong><\/strong>\u00a0<a href=\"http:\/\/www.esparreguera.cat\/lavila\/planol\/\" target=\"_blank\" rel=\"noopener noreferrer\">PL\u00c0NOL DEL NUCLI URB\u00c0<\/a><strong><br \/>\n2 . <\/strong><a href=\"http:\/\/www.esparreguera.cat\/lavila\/historia\/\" target=\"_blank\" rel=\"noopener noreferrer\">RUTES D&#8217;INTER\u00c8S PER L&#8217;ENTORN<\/a><\/p>\n","protected":false},"excerpt":{"rendered":"<p>&nbsp;<br \/>\nLa proposta d\u2019una sortida per anar a visitar el campanar, \u00e9s el motor del desenvolupament d\u2019aquest projecte. Han de realitzar un pl\u00e0nol amb l\u2019itinerari seguit per anar des de l\u2019escola al campanar, per aix\u00f2 els caldr\u00e0 el coneixement de la ubicaci\u00f3 de diferents edificis que&hellip;  <a href=\"https:\/\/agora.xtec.cat\/ceip-lesroquesblaves\/portada\/u-d-i-esparreguera-el-nostre-poble\/\" title=\"Read U.D.I. ESPARREGUERA EL NOSTRE POBLE\">Llegeix m\u00e9s\u00bb<\/a><\/p>\n","protected":false},"author":73,"featured_media":17721,"comment_status":"open","ping_status":"closed","sticky":false,"template":"","format":"standard","meta":{"footnotes":""},"categories":[4,265],"tags":[],"class_list":["post-17716","post","type-post","status-publish","format-standard","has-post-thumbnail","hentry","category-portada","category-2015-24"],"post_mailing_queue_ids":[],"_links":{"self":[{"href":"https:\/\/agora.xtec.cat\/ceip-lesroquesblaves\/wp-json\/wp\/v2\/posts\/17716","targetHints":{"allow":["GET"]}}],"collection":[{"href":"https:\/\/agora.xtec.cat\/ceip-lesroquesblaves\/wp-json\/wp\/v2\/posts"}],"about":[{"href":"https:\/\/agora.xtec.cat\/ceip-lesroquesblaves\/wp-json\/wp\/v2\/types\/post"}],"author":[{"embeddable":true,"href":"https:\/\/agora.xtec.cat\/ceip-lesroquesblaves\/wp-json\/wp\/v2\/users\/73"}],"replies":[{"embeddable":true,"href":"https:\/\/agora.xtec.cat\/ceip-lesroquesblaves\/wp-json\/wp\/v2\/comments?post=17716"}],"version-history":[{"count":4,"href":"https:\/\/agora.xtec.cat\/ceip-lesroquesblaves\/wp-json\/wp\/v2\/posts\/17716\/revisions"}],"predecessor-version":[{"id":18730,"href":"https:\/\/agora.xtec.cat\/ceip-lesroquesblaves\/wp-json\/wp\/v2\/posts\/17716\/revisions\/18730"}],"wp:featuredmedia":[{"embeddable":true,"href":"https:\/\/agora.xtec.cat\/ceip-lesroquesblaves\/wp-json\/wp\/v2\/media\/17721"}],"wp:attachment":[{"href":"https:\/\/agora.xtec.cat\/ceip-lesroquesblaves\/wp-json\/wp\/v2\/media?parent=17716"}],"wp:term":[{"taxonomy":"category","embeddable":true,"href":"https:\/\/agora.xtec.cat\/ceip-lesroquesblaves\/wp-json\/wp\/v2\/categories?post=17716"},{"taxonomy":"post_tag","embeddable":true,"href":"https:\/\/agora.xtec.cat\/ceip-lesroquesblaves\/wp-json\/wp\/v2\/tags?post=17716"}],"curies":[{"name":"wp","href":"https:\/\/api.w.org\/{rel}","templated":true}]}}