{"id":1026,"date":"2016-09-18T23:39:24","date_gmt":"2016-09-18T22:39:24","guid":{"rendered":"http:\/\/agora.xtec.cat\/ceip-lesroquesblaves\/?p=1026"},"modified":"2016-09-18T23:39:24","modified_gmt":"2016-09-18T22:39:24","slug":"inici-del-nou-curs","status":"publish","type":"post","link":"https:\/\/agora.xtec.cat\/ceip-lesroquesblaves\/musica\/inici-del-nou-curs\/","title":{"rendered":"Inici del nou curs"},"content":{"rendered":"<p>Hem comen\u00e7at el nou curs amb m\u00fasica, dansa i expressi\u00f3 lliure. Aix\u00f2 promet!!!<\/p>\n","protected":false},"excerpt":{"rendered":"<p>Ja ha comen\u00e7at el curs 2016-17&hellip;  <a href=\"https:\/\/agora.xtec.cat\/ceip-lesroquesblaves\/musica\/inici-del-nou-curs\/\" title=\"Read Inici del nou curs\">Llegeix m\u00e9s\u00bb<\/a><\/p>\n","protected":false},"author":1,"featured_media":0,"comment_status":"open","ping_status":"open","sticky":false,"template":"","format":"standard","meta":{"footnotes":""},"categories":[108],"tags":[],"class_list":["post-1026","post","type-post","status-publish","format-standard","hentry","category-musica"],"post_mailing_queue_ids":[],"_links":{"self":[{"href":"https:\/\/agora.xtec.cat\/ceip-lesroquesblaves\/wp-json\/wp\/v2\/posts\/1026","targetHints":{"allow":["GET"]}}],"collection":[{"href":"https:\/\/agora.xtec.cat\/ceip-lesroquesblaves\/wp-json\/wp\/v2\/posts"}],"about":[{"href":"https:\/\/agora.xtec.cat\/ceip-lesroquesblaves\/wp-json\/wp\/v2\/types\/post"}],"author":[{"embeddable":true,"href":"https:\/\/agora.xtec.cat\/ceip-lesroquesblaves\/wp-json\/wp\/v2\/users\/1"}],"replies":[{"embeddable":true,"href":"https:\/\/agora.xtec.cat\/ceip-lesroquesblaves\/wp-json\/wp\/v2\/comments?post=1026"}],"version-history":[{"count":1,"href":"https:\/\/agora.xtec.cat\/ceip-lesroquesblaves\/wp-json\/wp\/v2\/posts\/1026\/revisions"}],"predecessor-version":[{"id":1027,"href":"https:\/\/agora.xtec.cat\/ceip-lesroquesblaves\/wp-json\/wp\/v2\/posts\/1026\/revisions\/1027"}],"wp:attachment":[{"href":"https:\/\/agora.xtec.cat\/ceip-lesroquesblaves\/wp-json\/wp\/v2\/media?parent=1026"}],"wp:term":[{"taxonomy":"category","embeddable":true,"href":"https:\/\/agora.xtec.cat\/ceip-lesroquesblaves\/wp-json\/wp\/v2\/categories?post=1026"},{"taxonomy":"post_tag","embeddable":true,"href":"https:\/\/agora.xtec.cat\/ceip-lesroquesblaves\/wp-json\/wp\/v2\/tags?post=1026"}],"curies":[{"name":"wp","href":"https:\/\/api.w.org\/{rel}","templated":true}]}}