{"id":545,"count":0,"description":"<h1><strong>Pla estrat\u00e8gic de centre<\/strong><\/h1>\r\n<a href=\"https:\/\/agora.xtec.cat\/ceip-lesroquesblaves\/wp-content\/uploads\/usu36\/2023\/03\/Planificacio-Digital-centre.jpg\"><img class=\"aligncenter size-full wp-image-28394\" src=\"https:\/\/agora.xtec.cat\/ceip-lesroquesblaves\/wp-content\/uploads\/usu36\/2023\/03\/Planificacio-Digital-centre.jpg\" alt=\"\" width=\"768\" height=\"385\" \/><\/a>\r\n\r\n&nbsp;\r\n\r\n<strong>FASE 1: DIAGNOSI DE CENTRE<\/strong>\r\n\r\nPer tal d'elaborar la nostra estrat\u00e8gia digital de centre amb l'objectiu de millorar la compet\u00e8ncia digital del nostre alumnat, professorat i tamb\u00e9 a nivell d'infraestructures, durant el curs 2022-23 vam iniciar una <strong>diagnosi<\/strong> que ens va permetre valorar els punts forts i febles de l'escola des de tres perspectives diferents: fam\u00edlies, equip docent i alumnat.\r\n\r\nAquesta diagnosi es va realitzar a trav\u00e9s de dos tipologies diferents de q\u00fcestionaris. Per a les fam\u00edlies, un formulari en l\u00ednia que tenia en compte diferents \u00e0mbits de la cultura digital (comunicaci\u00f3 i divulgaci\u00f3 digital; disposici\u00f3 d'eines digitals tant a l'escola com a casa i formaci\u00f3 digital); per als alumnes i l'equip docent, es va utilitzar l'eina SELFIE, uns q\u00fcestionaris dissenyats per la Uni\u00f3 Europea basats en el <a href=\"https:\/\/ec.europa.eu\/jrc\/en\/digcomporg\" target=\"_blank\" rel=\"noopener noreferrer\">Marc Europeu per a Organitzacions Educatives Digitalment Competents<\/a>\u00a0(<a href=\"https:\/\/ec.europa.eu\/jrc\/en\/digcomporg\" target=\"_blank\" rel=\"noopener noreferrer\">DigCompOrg<\/a>).\r\n\r\nA partir de l'an\u00e0lisi de les respostes d'aquests formularis, les fortaleses i debilitats remarcades es podien englobar en les seg\u00fcents actuacions:\r\n\r\n<a href=\"https:\/\/agora.xtec.cat\/ceip-lesroquesblaves\/wp-content\/uploads\/usu36\/2023\/05\/Ingles-3.jpg\"><img class=\"aligncenter wp-image-28755 size-full\" src=\"https:\/\/agora.xtec.cat\/ceip-lesroquesblaves\/wp-content\/uploads\/usu36\/2023\/05\/Ingles-3.jpg\" alt=\"\" width=\"1024\" height=\"768\" \/><\/a>\r\n\r\nA partir d'aqu\u00ed, la comissi\u00f3 digital va elaborar <a href=\"https:\/\/drive.google.com\/file\/d\/1XyXNNEyXfnktRtnB-wM8HY2n0arVkc4M\/view?usp=share_link\">una proposta d'actuaci\u00f3<\/a> de la qual n'acabarien sortint els principals objectius de l'Estrat\u00e8gia Digital de Centre.\r\n\r\n<strong>FASE 2: ELABORACI\u00d3 D'OBJECTIUS I ACTUACIONS<\/strong>\r\n\r\nA l'inici del curs 2022-23, un cop ja elaborada la diagnosi de centre i valorada amb la resta del claustre, la Comissi\u00f3 Digital va decidir crear un pla d'actuaci\u00f3 en relaci\u00f3 a 3 objectius b\u00e0sics:\r\n<table style=\"border-collapse: collapse; width: 100%;\">\r\n<tbody>\r\n<tr>\r\n<td style=\"width: 100%;\">Impulsar la utilitzaci\u00f3 d'eines digitals pel claustre i l'alumnat per tal de millorar la seva compet\u00e8ncia digital<\/td>\r\n<\/tr>\r\n<tr>\r\n<td style=\"width: 100%;\" width=\"472\">Actualitzar les programacions d'aula segons el nou curr\u00edculum per tal que es treballi la compet\u00e8ncia digital des de tots els \u00e0mbits i de forma transversal<\/td>\r\n<\/tr>\r\n<tr>\r\n<td style=\"width: 100%;\" width=\"472\">Consolidar l'\u00fas dels recursos digitals i en l\u00ednia per tal de millorar la comunicaci\u00f3 tant a nivell de claustre com a l'exterior<\/td>\r\n<\/tr>\r\n<\/tbody>\r\n<\/table>\r\nTot seguit podeu consultar la temporitzaci\u00f3 i les diferents actuacions pactades per tal d'aconseguir els objectius:\r\n\r\n<a href=\"https:\/\/agora.xtec.cat\/ceip-lesroquesblaves\/wp-content\/uploads\/usu36\/2023\/06\/Objectiu-1_temporitzacio_tasques.jpg\"><img class=\"aligncenter wp-image-28796 size-full\" src=\"https:\/\/agora.xtec.cat\/ceip-lesroquesblaves\/wp-content\/uploads\/usu36\/2023\/06\/Objectiu-1_temporitzacio_tasques.jpg\" alt=\"\" width=\"962\" height=\"665\" \/><\/a>\r\n\r\n<a href=\"https:\/\/agora.xtec.cat\/ceip-lesroquesblaves\/wp-content\/uploads\/usu36\/2023\/06\/Objectiu-2_temporitzacio_tasques.jpg\"><img class=\"aligncenter size-full wp-image-28797\" src=\"https:\/\/agora.xtec.cat\/ceip-lesroquesblaves\/wp-content\/uploads\/usu36\/2023\/06\/Objectiu-2_temporitzacio_tasques.jpg\" alt=\"\" width=\"962\" height=\"205\" \/><\/a>\r\n\r\n<a href=\"https:\/\/agora.xtec.cat\/ceip-lesroquesblaves\/wp-content\/uploads\/usu36\/2023\/06\/Objectiu-3_temporitzacio_tasques.jpg\"><img class=\"aligncenter size-full wp-image-28798\" src=\"https:\/\/agora.xtec.cat\/ceip-lesroquesblaves\/wp-content\/uploads\/usu36\/2023\/06\/Objectiu-3_temporitzacio_tasques.jpg\" alt=\"\" width=\"962\" height=\"380\" \/><img class=\"aligncenter wp-image-32729 size-large\" src=\"https:\/\/agora.xtec.cat\/ceip-lesroquesblaves\/wp-content\/uploads\/usu36\/2025\/11\/Captura_pantalla_robotica-1024x171.jpg\" alt=\"\" width=\"1024\" height=\"171\" \/><\/a>\r\n\r\n<strong>FASE 3: AVALUACI\u00d3\u00a0<\/strong>\r\n\r\nLa Comissi\u00f3 Digital es reunir\u00e0 cada final de curs per fer una avaluaci\u00f3 exhaustiva de l\u2019estat de totes les actuacions i decidir si s\u2019est\u00e0 anant al ritme adient en l\u2019elaboraci\u00f3 de l\u2019EDC i retocar o adequar la velocitat o la intensitat d\u2019execuci\u00f3 d'aquesta.","link":"https:\/\/agora.xtec.cat\/ceip-lesroquesblaves\/categoria\/estrategia-digital-de-centre\/pla-estrategic-digital-de-centre\/","name":"Pla Estrat\u00e8gic Digital","slug":"pla-estrategic-digital-de-centre","taxonomy":"category","parent":550,"meta":[],"_links":{"self":[{"href":"https:\/\/agora.xtec.cat\/ceip-lesroquesblaves\/wp-json\/wp\/v2\/categories\/545","targetHints":{"allow":["GET"]}}],"collection":[{"href":"https:\/\/agora.xtec.cat\/ceip-lesroquesblaves\/wp-json\/wp\/v2\/categories"}],"about":[{"href":"https:\/\/agora.xtec.cat\/ceip-lesroquesblaves\/wp-json\/wp\/v2\/taxonomies\/category"}],"up":[{"embeddable":true,"href":"https:\/\/agora.xtec.cat\/ceip-lesroquesblaves\/wp-json\/wp\/v2\/categories\/550"}],"wp:post_type":[{"href":"https:\/\/agora.xtec.cat\/ceip-lesroquesblaves\/wp-json\/wp\/v2\/posts?categories=545"}],"curies":[{"name":"wp","href":"https:\/\/api.w.org\/{rel}","templated":true}]}}